{"id":664,"date":"2026-07-24T05:20:41","date_gmt":"2026-07-24T05:20:41","guid":{"rendered":"https:\/\/air-compressor-for-laser-cutter.com\/?p=664"},"modified":"2026-07-24T09:04:58","modified_gmt":"2026-07-24T09:04:58","slug":"lazer-kesim-icin-vidali-hava-kompresoru-ingiltere-endustriyel-operasyonlari-icin-eksiksiz-teknik-kilavuz","status":"publish","type":"post","link":"https:\/\/air-compressor-for-laser-cutter.com\/tr\/basvuru\/lazer-kesim-icin-vidali-hava-kompresoru-ingiltere-endustriyel-operasyonlari-icin-eksiksiz-teknik-kilavuz\/","title":{"rendered":"Lazer Kesim \u0130\u00e7in Vidal\u0131 Hava Kompres\u00f6r\u00fc: \u0130ngiltere End\u00fcstriyel Operasyonlar\u0131 \u0130\u00e7in Eksiksiz Teknik K\u0131lavuz"},"content":{"rendered":"<div style=\"font-family: 'Segoe UI', Arial, sans-serif; font-size: clamp(14px, 2vw + 10px, 18px); color: #2c3e50; line-height: 1.8; width: 100%; max-width: 100%; min-width: 100%; box-sizing: border-box; word-break: break-word; overflow-wrap: break-word;\">\n<div style=\"width: 100%; max-width: 100%; min-width: 100%; background: linear-gradient(135deg, #0a2540 0%, #1a4a7a 50%, #0d6efd 100%); padding: 3% 4%; box-sizing: border-box; border-radius: 0 0 16px 16px; margin-bottom: 32px;\">\n<div style=\"color: #fff; font-size: clamp(10px,1.5vw+8px,13px); letter-spacing: 3px; text-transform: uppercase; margin-bottom: 10px; opacity: 0.75;\">End\u00fcstriyel Hava \u00c7\u00f6z\u00fcmleri \u00b7 \u0130ngiltere \u00dcretimi<\/div>\n<h2 style=\"color: #ffffff; font-size: clamp(22px,4vw+10px,46px); font-weight: 800; margin: 0 0 14px 0; line-height: 1.2;\">Lazer Kesim \u0130\u00e7in Vidal\u0131 Hava Kompres\u00f6r\u00fc: \u0130ngiltere End\u00fcstriyel Operasyonlar\u0131 \u0130\u00e7in Eksiksiz Teknik K\u0131lavuz<\/h2>\n<p style=\"color: #b8d4f0; font-size: clamp(13px,1.5vw+9px,16px); margin: 0; max-width: 780px;\">Birmingham'daki imalat at\u00f6lyelerinden Sheffield'deki havac\u0131l\u0131k tedarik\u00e7ilerine kadar, fiber, CO\u2082 ve kar\u0131\u015f\u0131k gaz lazer kesim ortamlar\u0131 i\u00e7in tasarlanm\u0131\u015f hassas m\u00fchendislik \u00fcr\u00fcn\u00fc bas\u0131n\u00e7l\u0131 hava sistemleri.<\/p>\n<\/div>\n<p><!-- Intro paragraph with left-float image + text wrap --><\/p>\n<div style=\"width: 100%; max-width: 100%; min-width: 100%; box-sizing: border-box; margin-bottom: 36px; overflow: hidden;\">\n<p style=\"margin: 0 0 16px 0; color: #333; font-size: clamp(14px,2vw+10px,18px); line-height: 1.9;\"><span style=\"font-size: clamp(14px, 10px + 2vw, 18px);\"><img decoding=\"async\" class=\"\" style=\"float: left; width: 188px; max-width: 100%; margin: 0px 3% 2% 0px; border-radius: 10px; box-shadow: rgba(0, 0, 0, 0.18) 0px 6px 24px; display: block;\" src=\"https:\/\/air-compressor-for-laser-cutter.com\/wp-content\/uploads\/2026\/03\/ep-air-compressor-for-laser-cutter-1.webp\" alt=\"Lazer kesim ve imalat i\u00e7in end\u00fcstriyel vidal\u0131 hava kompres\u00f6r\u00fc\" height=\"188\" \/><\/span>Lazer kesim, Birle\u015fik Krall\u0131k'\u0131n ileri imalat sekt\u00f6r\u00fcnde temel bir i\u015flem haline geldi. Bat\u0131 Midlands'deki hassas sac metal imalat\u0131ndan G\u00fcney Bat\u0131'daki \u00f6zel havac\u0131l\u0131k bile\u015fenlerine kadar, CNC lazer makineleri \u00fclkenin en zorlu \u00fcretim ortamlar\u0131ndan baz\u0131lar\u0131nda 7\/24 \u00e7al\u0131\u015f\u0131yor. Ancak bir lazer kesiminin jilet gibi keskin mi yoksa oksidasyon, \u00e7apaklanma veya c\u00fcruf birikimiyle mi bozulaca\u011f\u0131n\u0131 belirleyen tek de\u011fi\u015fken, lazer kayna\u011f\u0131n\u0131n kendisi de\u011fil; kesme kafas\u0131na verilen bas\u0131n\u00e7l\u0131 havan\u0131n kalitesi, bas\u0131n\u00e7 tutarl\u0131l\u0131\u011f\u0131 ve kurulu\u011fudur. \u0130yi \u00f6zelliklere sahip bir vidal\u0131 hava kompres\u00f6r\u00fc, \u00e7evresel bir aksesuar de\u011fil; lazer kesim sisteminde verimlili\u011fi, sarf malzemesi \u00f6mr\u00fcn\u00fc ve nihai par\u00e7a kalitesini belirleyen e\u015fit bir ortakt\u0131r.<\/p>\n<p style=\"margin: 0; color: #333; font-size: clamp(14px,2vw+10px,18px); line-height: 1.9;\">Bu k\u0131lavuz, lazer kesim i\u00e7in optimize edilmi\u015f vidal\u0131 hava kompres\u00f6rlerinin ard\u0131ndaki m\u00fchendislik prensiplerini, uzun \u00f6m\u00fcrl\u00fcl\u00fcklerini sa\u011flayan malzeme bilimini ve Birle\u015fik Krall\u0131k'taki sat\u0131n alma y\u00f6neticileri ve m\u00fchendislik ekiplerinin bir \u00fcnite belirlemeden \u00f6nce de\u011ferlendirmesi gereken performans parametrelerini incelemektedir. \u0130ster 3 mm kal\u0131nl\u0131\u011f\u0131nda yumu\u015fak \u00e7elik \u00fczerinde fiber lazer \u00e7al\u0131\u015ft\u0131r\u0131yor olun, ister tabela i\u00e7in akrilik kesen bir CO\u2082 makinesi kullan\u0131yor olun, bas\u0131n\u00e7l\u0131 hava talepleri \u00f6nemli \u00f6l\u00e7\u00fcde farkl\u0131l\u0131k g\u00f6sterir ve ba\u015ftan do\u011fru spesifikasyonu belirlemek, israf edilen gaz, ar\u0131za s\u00fcresi ve bak\u0131m maliyetlerinde y\u0131lda binlerce sterlin tasarruf sa\u011flar.<\/p>\n<\/div>\n<p><!-- CTA Button --><\/p>\n<div style=\"width: 100%; max-width: 100%; min-width: 100%; text-align: center; margin-bottom: 40px;\"><a style=\"display: inline-block; background: linear-gradient(90deg,#0d6efd,#0099cc); color: #fff; font-size: clamp(15px,2vw+9px,18px); font-weight: bold; padding: 16px 44px; border-radius: 50px; text-decoration: none; box-shadow: 0 6px 24px rgba(13,110,253,0.35); letter-spacing: 0.5px; transition: transform 0.2s, box-shadow 0.2s;\" href=\"mailto:sales@air-compressor-for-laser-cutter.com\">\ud83d\udce7 Fiyat Teklifi Al\u0131n \u2014 sales@air-compressor-for-laser-cutter.com<br \/>\n<\/a><\/div>\n<p><!-- Section 1: Working Principle --><\/p>\n<div style=\"width: 100%; max-width: 100%; min-width: 100%; box-sizing: border-box; margin-bottom: 40px;\">\n<h2 style=\"font-size: clamp(18px,2.5vw+10px,28px); color: #0a2540; font-weight: 800; border-left: 5px solid #0d6efd; padding-left: 16px; margin: 0 0 20px 0;\">D\u00f6ner Vidal\u0131 Hava Kompres\u00f6r\u00fc Lazer Kesim Ortam\u0131nda Nas\u0131l \u00c7al\u0131\u015f\u0131r?<\/h2>\n<p><img loading=\"lazy\" decoding=\"async\" class=\"alignnone size-full wp-image-371\" src=\"https:\/\/air-compressor-for-laser-cutter.com\/wp-content\/uploads\/2026\/03\/ep-Stainless-Steel-Gas-Tank-for-Air-Compressor-Post-processing-Equipment-2-1.webp\" alt=\"hava kompres\u00f6r\u00fc\" width=\"1680\" height=\"608\" srcset=\"https:\/\/air-compressor-for-laser-cutter.com\/wp-content\/uploads\/2026\/03\/ep-Stainless-Steel-Gas-Tank-for-Air-Compressor-Post-processing-Equipment-2-1.webp 1680w, https:\/\/air-compressor-for-laser-cutter.com\/wp-content\/uploads\/2026\/03\/ep-Stainless-Steel-Gas-Tank-for-Air-Compressor-Post-processing-Equipment-2-1-1280x463.webp 1280w, https:\/\/air-compressor-for-laser-cutter.com\/wp-content\/uploads\/2026\/03\/ep-Stainless-Steel-Gas-Tank-for-Air-Compressor-Post-processing-Equipment-2-1-980x355.webp 980w, https:\/\/air-compressor-for-laser-cutter.com\/wp-content\/uploads\/2026\/03\/ep-Stainless-Steel-Gas-Tank-for-Air-Compressor-Post-processing-Equipment-2-1-480x174.webp 480w\" sizes=\"(min-width: 0px) and (max-width: 480px) 480px, (min-width: 481px) and (max-width: 980px) 980px, (min-width: 981px) and (max-width: 1280px) 1280px, (min-width: 1281px) 1680px, 100vw\" \/><\/p>\n<p style=\"color: #333; line-height: 1.9; margin-bottom: 16px;\">D\u00f6ner vida mekanizmas\u0131, hassas bir \u015fekilde delinmi\u015f bir muhafaza i\u00e7inde bulunan, birbirine kenetlenen iki helisel rotordan olu\u015fur: tipik olarak d\u00f6rt loblu bir erkek rotor ve alt\u0131 yivli bir di\u015fi rotor. Rotorlar d\u00f6nerken, hava giri\u015f valfinden \u00e7ekilir ve rotor profilleri ile muhafaza duvar\u0131 aras\u0131ndaki azalan bo\u015flukta kademeli olarak hapsolur. Hacimdeki bu kademeli azalma, hapsolmu\u015f havay\u0131, \u00e7\u0131k\u0131\u015f portuna ula\u015fana ve ya\u011f ay\u0131rma sisteminden ge\u00e7ene kadar s\u0131k\u0131\u015ft\u0131r\u0131r. Darbeli hava \u00e7\u0131k\u0131\u015f\u0131 sa\u011flayan pistonlu kompres\u00f6rlerin aksine, vida mekanizmas\u0131 neredeyse s\u00fcrekli, darbesiz bir hava ak\u0131m\u0131 \u00fcretir; bu \u00f6zellik, tekrarlanabilir kesim kalitesi i\u00e7in kararl\u0131 nozul bas\u0131nc\u0131n\u0131n vazge\u00e7ilmez oldu\u011fu lazer kesiminde \u00f6zellikle de\u011ferlidir.<\/p>\n<p style=\"color: #333; line-height: 1.9; margin-bottom: 16px;\">Ya\u011f enjeksiyonlu varyantlar, s\u0131k\u0131\u015ft\u0131rma odas\u0131na hassas bir \u015fekilde \u00f6l\u00e7\u00fclm\u00fc\u015f bir ya\u011flama ya\u011f\u0131 ak\u0131\u015f\u0131 sa\u011flar. Bu ya\u011f \u00fc\u00e7 e\u015f zamanl\u0131 i\u015flevi yerine getirir: rotor profilleri aras\u0131ndaki mikroskobik bo\u015fluklar\u0131 kapatarak s\u0131z\u0131nt\u0131y\u0131 \u00f6nler, rotor yataklar\u0131n\u0131 ve zamanlama di\u015flilerini ya\u011flar ve s\u0131k\u0131\u015ft\u0131rma \u0131s\u0131s\u0131n\u0131 emer; b\u00f6ylece de\u015farj s\u0131cakl\u0131klar\u0131n\u0131 kuru vidal\u0131 veya pistonlu bir \u00fcnitenin \u00fcretebilece\u011fi 200 \u00b0C veya daha y\u00fcksek s\u0131cakl\u0131klar yerine 70-90 \u00b0C civar\u0131nda tutar. S\u0131k\u0131\u015ft\u0131r\u0131lm\u0131\u015f hava-ya\u011f kar\u0131\u015f\u0131m\u0131 daha sonra bir birle\u015ftirici ya\u011f ay\u0131r\u0131c\u0131s\u0131ndan ge\u00e7er ve hava a\u015fa\u011f\u0131 ak\u0131\u015f filtreleme hatt\u0131na ula\u015fmadan \u00f6nce art\u0131k ya\u011f i\u00e7eri\u011fini tipik olarak milyonda 3 par\u00e7an\u0131n alt\u0131na d\u00fc\u015f\u00fcr\u00fcr. Lazer kesim i\u00e7in, birle\u015ftirici filtre, aktif karbon filtre ve so\u011futucu veya adsorpsiyon kurutucu i\u00e7eren bu s\u0131k\u0131\u015ft\u0131rma sonras\u0131 filtreleme zinciri, kompres\u00f6r\u00fcn kendisi kadar \u00f6nemlidir.<\/p>\n<p style=\"color: #333; line-height: 1.9; margin-bottom: 0;\">De\u011fi\u015fken frekansl\u0131 s\u00fcr\u00fcc\u00fc (VFD) vidal\u0131 kompres\u00f6rler, bu s\u00fcrece ek bir zeka katman\u0131 ekler. Ana rotor grubunu \u00e7al\u0131\u015ft\u0131ran AC motor, motor h\u0131z\u0131n\u0131 ve dolay\u0131s\u0131yla hava \u00e7\u0131k\u0131\u015f\u0131n\u0131 lazer kesim makinesinden gelen anl\u0131k talebe tam olarak e\u015fle\u015ftiren bir frekans invert\u00f6r\u00fc taraf\u0131ndan kontrol edilir. Delme d\u00f6ng\u00fcleri s\u0131ras\u0131nda, nozul bas\u0131nc\u0131 gereksinimleri artar; yeniden konumland\u0131rma s\u0131ras\u0131nda talep keskin bir \u015fekilde d\u00fc\u015fer. Sabit h\u0131zl\u0131 bir kompres\u00f6r, bu de\u011fi\u015fime tekrar tekrar bo\u015faltma ve yeniden y\u00fckleme yaparak yan\u0131t verir, enerji israf\u0131na ve valf a\u015f\u0131nmas\u0131n\u0131n h\u0131zlanmas\u0131na neden olur. Bir VFD \u00fcnitesi, motoru \u00e7al\u0131\u015fma aral\u0131\u011f\u0131 i\u00e7inde yava\u015flat\u0131r veya h\u0131zland\u0131r\u0131r, bas\u0131nc\u0131 tipik olarak \u00b10,1 bar'l\u0131k dar bir bantta tutarken, yaln\u0131zca i\u015flemin ger\u00e7ekten ihtiya\u00e7 duydu\u011fu g\u00fcc\u00fc t\u00fcketir. \u0130ki veya daha fazla vardiya d\u00fczeniyle \u00e7al\u0131\u015fan \u0130ngiltere'deki operat\u00f6rler, sabit h\u0131zl\u0131dan de\u011fi\u015fken frekansl\u0131 vidal\u0131 kompres\u00f6rlere ge\u00e7tikten sonra d\u00fczenli olarak 25-401 TP5T enerji tasarrufu bildirmektedir.<\/p>\n<\/div>\n<p><!-- Section 2: Core Materials --><\/p>\n<div style=\"width: 100%; max-width: 100%; min-width: 100%; box-sizing: border-box; margin-bottom: 40px;\">\n<h2 style=\"font-size: clamp(18px,2.5vw+10px,28px); color: #0a2540; font-weight: 800; border-left: 5px solid #0d6efd; padding-left: 16px; margin: 0 0 20px 0;\">Uzun Vadeli G\u00fcvenilirli\u011fi Belirleyen Temel Malzemeler ve Metalurjik Se\u00e7imler<\/h2>\n<p><!-- Image float right --><br \/>\n<img decoding=\"async\" style=\"float: right; width: min(38%, 280px); margin: 0 0 16px 24px; border-radius: 10px; box-shadow: 0 6px 24px rgba(0,0,0,0.13);\" src=\"https:\/\/air-compressor-for-laser-cutter.com\/wp-content\/uploads\/2026\/03\/ep-Stainless-Steel-Precision-Filter-for-Air-Compressor-Post-processing-Equipment-1-1.webp\" alt=\"Hava Kompres\u00f6r\u00fc i\u00e7in Paslanmaz \u00c7elik Hassas Filtre\" \/><\/p>\n<p style=\"color: #333; line-height: 1.9; margin-bottom: 16px;\">Lazer kesim uygulamalar\u0131nda kullan\u0131lan bir vidal\u0131 hava kompres\u00f6r\u00fcn\u00fcn dayan\u0131kl\u0131l\u0131\u011f\u0131 neredeyse tamamen rotor grubu, hava ucu g\u00f6vdesi, filtreleme bile\u015fenleri ve bas\u0131n\u00e7l\u0131 kaplar\u0131 i\u00e7in se\u00e7ilen malzemelere ba\u011fl\u0131d\u0131r. Ever Power, ana hava ucu g\u00f6vdesi i\u00e7in y\u00fcksek mukavemetli, ince taneli ve iyi titre\u015fim s\u00f6n\u00fcmleme \u00f6zelliklerine sahip d\u00f6kme demir kullan\u0131r; \u00e7\u00fcnk\u00fc d\u00f6kme demir, bir kompres\u00f6r\u00fcn \u0130ngiliz sabah\u0131nda so\u011fuk olarak \u00e7al\u0131\u015fmaya ba\u015flamas\u0131 ve yo\u011fun bir \u00fcretim vardiyas\u0131 boyunca tam \u00e7al\u0131\u015fma s\u0131cakl\u0131\u011f\u0131na ula\u015fmas\u0131 s\u0131ras\u0131nda meydana gelen termal d\u00f6ng\u00fc boyunca boyutsal kararl\u0131l\u0131\u011f\u0131n\u0131 korur. Rotor \u00e7ifti, EN8 veya EN16 \u00e7elik ala\u015f\u0131m\u0131ndan i\u015flenir, 56-60 HRC aral\u0131\u011f\u0131nda y\u00fczey sertli\u011fi elde etmek i\u00e7in \u0131s\u0131l i\u015flemden ge\u00e7irilir ve CNC profil ta\u015flama ile 50-80 mikron rotor bo\u015fluklar\u0131na kadar i\u015flenir; bu bo\u015fluklar, termal genle\u015fme alt\u0131nda temas riskini en aza indirgemek i\u00e7in yeterince dard\u0131r.<\/p>\n<p style=\"color: #333; line-height: 1.9; margin-bottom: 16px;\">Son i\u015flem filtrasyon bile\u015fenleri de ayn\u0131 derecede dikkat gerektirir. Ya\u011f ay\u0131r\u0131c\u0131 kap, i\u00e7 k\u0131sm\u0131nda cam elyaf\u0131 ve borosilikat y\u00fcn\u00fc birle\u015ftirme eleman\u0131 bulunan Q235B yap\u0131sal \u00e7elikten \u00fcretilmi\u015ftir. Hassas filtre g\u00f6vdeleri \u2013 \u00f6zellikle aktif karbon a\u015famas\u0131nda kullan\u0131lanlar \u2013 Ever Power \u00fcr\u00fcn yelpazesinde, atmosferik nem s\u0131k\u0131\u015ft\u0131r\u0131ld\u0131\u011f\u0131nda olu\u015fan yo\u011fu\u015fma asitli\u011fine kar\u015f\u0131 direnci nedeniyle se\u00e7ilen 304 kalite paslanmaz \u00e7elikten \u00fcretilmi\u015ftir. Paslanmaz \u00e7elik \u00fcr\u00fcn serimizde g\u00f6sterilen hassas filtre, Do\u011fu Anglia veya Teesside'deki k\u0131y\u0131 sanayi b\u00f6lgeleri gibi klor\u00fcr ortamlar\u0131n\u0131n daha y\u00fcksek korozyon direnci gerektirdi\u011fi durumlarda filtre haznesi i\u00e7in 316L paslanmaz \u00e7elik kullanmaktad\u0131r.<\/p>\n<p style=\"color: #333; line-height: 1.9; margin-bottom: 0;\">Lazer kesim tampon sistemlerinde kullan\u0131lan bas\u0131n\u00e7l\u0131 hava depolama tanklar\u0131, i\u00e7 k\u0131sm\u0131 epoksi veya poli\u00fcretan kaplamal\u0131 yumu\u015fak \u00e7elik levhadan veya nem kontaminasyonunun tamamen ortadan kald\u0131r\u0131lmas\u0131 gereken durumlarda paslanmaz \u00e7elikten imal edilir. Tank g\u00f6vdesi, EN 13445 Avrupa Bas\u0131n\u00e7l\u0131 Kap Standard\u0131na g\u00f6re kaynaklanm\u0131\u015ft\u0131r; bu standart, Brexit sonras\u0131 \u0130ngiltere yasalar\u0131nda UKCA olarak tamamen korunmu\u015f ve benimsenmi\u015ftir. Hava ar\u0131tma sistemlerimiz i\u00e7in belirtilen paslanmaz \u00e7elik gaz tanklar\u0131, i\u00e7 y\u00fczeyleri elektroparlat\u0131lm\u0131\u015f 304 kalite g\u00f6vdelere sahiptir; bu da Birmingham'daki ambalaj \u00fcretim k\u00fcmesinde oldu\u011fu gibi g\u0131da ile temas eden lazer kesim i\u015flemlerinde nem ve bakteri \u00fcremesine yol a\u00e7abilecek y\u00fczey p\u00fcr\u00fczl\u00fcl\u00fc\u011f\u00fcn\u00fc azalt\u0131r.<\/p>\n<div style=\"clear: both;\"><\/div>\n<\/div>\n<p><!-- Section 3: Product Advantages - Card Grid --><\/p>\n<div style=\"width: 100%; max-width: 100%; min-width: 100%; box-sizing: border-box; margin-bottom: 40px;\">\n<h2 style=\"font-size: clamp(18px,2.5vw+10px,28px); color: #0a2540; font-weight: 800; border-left: 5px solid #0d6efd; padding-left: 16px; margin: 0 0 24px 0;\">End\u00fcstriyel Vidal\u0131 Hava Kompres\u00f6rlerini Lazer Kesimden Ay\u0131ran Yedi Teknik Avantaj<\/h2>\n<div style=\"display: flex; flex-wrap: wrap; gap: 16px; width: 100%; max-width: 100%; min-width: 100%;\">\n<p><!-- Card 1 --><\/p>\n<div style=\"flex: 1 1 260px; min-width: 260px; max-width: 100%; background: #f0f6ff; border: 1.5px solid #cde; border-radius: 12px; padding: 3%; box-sizing: border-box; transition: transform 0.22s, box-shadow 0.22s, border-color 0.22s;\">\n<div style=\"font-size: 28px; margin-bottom: 10px;\">\u26a1<\/div>\n<div style=\"font-weight: bold; color: #0a2540; margin-bottom: 8px; font-size: clamp(14px,1.5vw+10px,16px);\">Kesintisiz, Nab\u0131zs\u0131z Teslimat<\/div>\n<p style=\"color: #444; font-size: clamp(13px,1.5vw+9px,15px); margin: 0; line-height: 1.7;\">D\u00f6ner vidal\u0131 kompres\u00f6r teknolojisi, pistonlu kompres\u00f6rlerde g\u00f6r\u00fclen bas\u0131n\u00e7 dalgalanmalar\u0131n\u0131 ortadan kald\u0131r\u0131r. Kararl\u0131 nozul bas\u0131nc\u0131, do\u011frudan tutarl\u0131 kesim geni\u015fli\u011fine ve daha temiz kesim kenarlar\u0131na d\u00f6n\u00fc\u015ferek, \u0130ngiltere'deki \u00fcretim hatlar\u0131nda i\u015flem sonras\u0131 \u00e7apak alma s\u00fcresini azalt\u0131r.<\/p>\n<\/div>\n<p><!-- Card 2 --><\/p>\n<div style=\"flex: 1 1 260px; min-width: 260px; max-width: 100%; background: #f0fff4; border: 1.5px solid #b2dfc3; border-radius: 12px; padding: 3%; box-sizing: border-box; transition: transform 0.22s, box-shadow 0.22s, border-color 0.22s;\">\n<div style=\"font-size: 28px; margin-bottom: 10px;\">\ud83d\udcc8<\/div>\n<div style=\"font-weight: bold; color: #0a2540; margin-bottom: 8px; font-size: clamp(14px,1.5vw+10px,16px);\">25\u201340% VFD ile Enerji Azaltma<\/div>\n<p style=\"color: #444; font-size: clamp(13px,1.5vw+9px,15px); margin: 0; line-height: 1.7;\">De\u011fi\u015fken frekansl\u0131 s\u00fcr\u00fcc\u00fc modelleri, motor h\u0131z\u0131n\u0131 ger\u00e7ek zamanl\u0131 olarak kesme talebine uyacak \u015fekilde ayarlar. \u0130ngiltere'de end\u00fcstriyel elektrik fiyatlar\u0131n\u0131n ortalama 25-32 p\/kWh oldu\u011fu g\u00f6z \u00f6n\u00fcne al\u0131nd\u0131\u011f\u0131nda, VFD vidal\u0131 kompres\u00f6rler genellikle 18-30 ay i\u00e7inde maliyet fark\u0131n\u0131 geri kazan\u0131r.<\/p>\n<\/div>\n<p><!-- Card 3 --><\/p>\n<div style=\"flex: 1 1 260px; min-width: 260px; max-width: 100%; background: #fff8f0; border: 1.5px solid #f5d6aa; border-radius: 12px; padding: 3%; box-sizing: border-box; transition: transform 0.22s, box-shadow 0.22s, border-color 0.22s;\">\n<div style=\"font-size: 28px; margin-bottom: 10px;\">\ud83c\udf21\ufe0f<\/div>\n<div style=\"font-weight: bold; color: #0a2540; margin-bottom: 8px; font-size: clamp(14px,1.5vw+10px,16px);\">Entegre Is\u0131 Geri Kazan\u0131m\u0131<\/div>\n<p style=\"color: #444; font-size: clamp(13px,1.5vw+9px,15px); margin: 0; line-height: 1.7;\">Ya\u011f so\u011futmal\u0131 vidal\u0131 kompres\u00f6r \u00fcnitelerinden 801 TP5T'ye kadar s\u0131k\u0131\u015ft\u0131rma \u0131s\u0131s\u0131 geri kazan\u0131labilir ve bu \u0131s\u0131, alan \u0131s\u0131tmas\u0131na veya proses suyu sistemlerine y\u00f6nlendirilebilir; bu da Net S\u0131f\u0131r Stratejisi kapsam\u0131nda karbon azaltma hedeflerini takip eden \u0130ngiliz \u00fcreticiler i\u00e7in somut bir s\u00fcrd\u00fcr\u00fclebilirlik avantaj\u0131d\u0131r.<\/p>\n<\/div>\n<p><!-- Card 4 --><\/p>\n<div style=\"flex: 1 1 260px; min-width: 260px; max-width: 100%; background: #f5f0ff; border: 1.5px solid #cbbff7; border-radius: 12px; padding: 3%; box-sizing: border-box; transition: transform 0.22s, box-shadow 0.22s, border-color 0.22s;\">\n<div style=\"font-size: 28px; margin-bottom: 10px;\">\ud83d\udca7<\/div>\n<div style=\"font-weight: bold; color: #0a2540; margin-bottom: 8px; font-size: clamp(14px,1.5vw+10px,16px);\">Ultra Kuru Hava \u00c7\u0131k\u0131\u015f\u0131<\/div>\n<p style=\"color: #444; font-size: clamp(13px,1.5vw+9px,15px); margin: 0; line-height: 1.7;\">Entegre so\u011futucu kurutucular, hat bas\u0131nc\u0131nda +3 \u00b0C'lik bas\u0131n\u00e7l\u0131 \u00e7i\u011flenme noktas\u0131 sa\u011flarken, iste\u011fe ba\u011fl\u0131 adsorpsiyon kurutucular titanyum ve al\u00fcminyum kesimi i\u00e7in -40 \u00b0C PDP'ye ula\u015f\u0131r. Nemden ar\u0131nd\u0131r\u0131lm\u0131\u015f hava, lens kirlenmesini ve nozul oksidasyonunu \u00f6nler.<\/p>\n<\/div>\n<p><!-- Card 5 --><\/p>\n<div style=\"flex: 1 1 260px; min-width: 260px; max-width: 100%; background: #f0faff; border: 1.5px solid #a8d8f0; border-radius: 12px; padding: 3%; box-sizing: border-box; transition: transform 0.22s, box-shadow 0.22s, border-color 0.22s;\">\n<div style=\"font-size: 28px; margin-bottom: 10px;\">\ud83d\udd0a<\/div>\n<div style=\"font-weight: bold; color: #0a2540; margin-bottom: 8px; font-size: clamp(14px,1.5vw+10px,16px);\">D\u00fc\u015f\u00fck G\u00fcr\u00fclt\u00fc Seviyesi (&lt;68 dB(A))<\/div>\n<p style=\"color: #444; font-size: clamp(13px,1.5vw+9px,15px); margin: 0; line-height: 1.7;\">Akustik k\u00f6p\u00fck astarl\u0131 ses yal\u0131t\u0131ml\u0131 kabinler, vidal\u0131 kompres\u00f6r g\u00fcr\u00fclt\u00fcs\u00fcn\u00fc 1 m mesafede 68 dB(A)'n\u0131n alt\u0131nda tutarak, 2005 tarihli \u0130\u015fyerinde G\u00fcr\u00fclt\u00fc Kontrol\u00fc Y\u00f6netmeli\u011fi'nin 80 dB(A) olan eylem seviyesinin \u00e7ok alt\u0131nda kalmas\u0131n\u0131 sa\u011flar ve a\u00e7\u0131k planl\u0131 \u00fcretim alanlar\u0131nda kurulumu m\u00fcmk\u00fcn k\u0131lar.<\/p>\n<\/div>\n<p><!-- Card 6 --><\/p>\n<div style=\"flex: 1 1 260px; min-width: 260px; max-width: 100%; background: #fff0f4; border: 1.5px solid #f7c0cc; border-radius: 12px; padding: 3%; box-sizing: border-box; transition: transform 0.22s, box-shadow 0.22s, border-color 0.22s;\">\n<div style=\"font-size: 28px; margin-bottom: 10px;\">\ud83d\udee0\ufe0f<\/div>\n<div style=\"font-weight: bold; color: #0a2540; margin-bottom: 8px; font-size: clamp(14px,1.5vw+10px,16px);\">Uzun Servis Aral\u0131\u011f\u0131<\/div>\n<p style=\"color: #444; font-size: clamp(13px,1.5vw+9px,15px); margin: 0; line-height: 1.7;\">\u00dcst\u00fcn kaliteli sentetik ya\u011flay\u0131c\u0131lar, ya\u011f de\u011fi\u015fim aral\u0131klar\u0131n\u0131 6.000-8.000 \u00e7al\u0131\u015fma saatine kadar uzat\u0131r. 24.000 saat veya daha fazla hava ucu revizyon d\u00f6ng\u00fcs\u00fc, toplam sahip olma maliyetini d\u00fc\u015f\u00fcr\u00fcr; bu da \u0130ngiltere'deki end\u00fcstriyel al\u0131c\u0131lar\u0131n 10 y\u0131ll\u0131k ya\u015fam d\u00f6ng\u00fcs\u00fc maliyetlerini de\u011ferlendirirken dikkate ald\u0131\u011f\u0131 \u00f6nemli bir sat\u0131n alma kriteridir.<\/p>\n<\/div>\n<p><!-- Card 7 --><\/p>\n<div style=\"flex: 1 1 260px; min-width: 260px; max-width: 100%; background: #f0fff8; border: 1.5px solid #a0e4c4; border-radius: 12px; padding: 3%; box-sizing: border-box; transition: transform 0.22s, box-shadow 0.22s, border-color 0.22s;\">\n<div style=\"font-size: 28px; margin-bottom: 10px;\">\ud83d\udce1<\/div>\n<div style=\"font-weight: bold; color: #0a2540; margin-bottom: 8px; font-size: clamp(14px,1.5vw+10px,16px);\">IoT Uyumlu Ak\u0131ll\u0131 Kontroller<\/div>\n<p style=\"color: #444; font-size: clamp(13px,1.5vw+9px,15px); margin: 0; line-height: 1.7;\">Modbus RTU\/RS485 ve iste\u011fe ba\u011fl\u0131 Ethernet ba\u011flant\u0131s\u0131na sahip mikroi\u015flemci kontrol \u00fcniteleri, uzaktan bas\u0131n\u00e7 izleme, \u00f6ng\u00f6r\u00fcc\u00fc bak\u0131m uyar\u0131lar\u0131 ve fabrika MES platformlar\u0131yla entegrasyon sa\u011flayarak \u0130ngiltere'deki \u00fcretim tesislerinde End\u00fcstri 4.0'\u0131n benimsenmesini destekler.<\/p>\n<\/div>\n<\/div>\n<\/div>\n<p><!-- Section 4: Performance Parameters Table --><\/p>\n<div style=\"width: 100%; max-width: 100%; min-width: 100%; box-sizing: border-box; margin-bottom: 40px;\">\n<h2 style=\"font-size: clamp(18px,2.5vw+10px,28px); color: #0a2540; font-weight: 800; border-left: 5px solid #0d6efd; padding-left: 16px; margin: 0 0 20px 0;\">Teknik ve Performans Parametreleri Referans Tablosu<\/h2>\n<p style=\"color: #333; line-height: 1.9; margin-bottom: 20px;\">A\u015fa\u011f\u0131daki tablo, \u0130ngiltere'deki m\u00fchendislik ekiplerinin ve sat\u0131n alma y\u00f6neticilerinin lazer kesim uygulamalar\u0131 i\u00e7in bir vidal\u0131 hava kompres\u00f6r\u00fc belirlerken de\u011ferlendirmesi gereken temel performans parametrelerini \u00f6zetlemektedir. G\u00f6sterilen de\u011ferler EP end\u00fcstriyel serisi \u00fcr\u00fcn gam\u0131n\u0131 temsil etmektedir; \u00f6zel konfig\u00fcrasyonlar talep \u00fczerine temin edilebilir.<\/p>\n<div style=\"overflow-x: auto; width: 100%; max-width: 100%; min-width: 100%;\">\n<table style=\"width: 100%; border-collapse: collapse; font-size: clamp(12px,1.5vw+9px,15px); min-width: 480px;\">\n<thead>\n<tr style=\"background: linear-gradient(90deg,#0a2540,#1a4a7a); color: #fff;\">\n<th style=\"padding: 13px 16px; text-align: left; font-weight: bold; border: 1px solid #1a4a7a;\">Parametre<\/th>\n<th style=\"padding: 13px 16px; text-align: left; font-weight: bold; border: 1px solid #1a4a7a;\">Giri\u015f Aral\u0131\u011f\u0131<\/th>\n<th style=\"padding: 13px 16px; text-align: left; font-weight: bold; border: 1px solid #1a4a7a;\">Orta Seviye<\/th>\n<th style=\"padding: 13px 16px; text-align: left; font-weight: bold; border: 1px solid #1a4a7a;\">Y\u00fcksek Kapasite<\/th>\n<th style=\"padding: 13px 16px; text-align: left; font-weight: bold; border: 1px solid #1a4a7a;\">\u00dcnite \/ Notlar<\/th>\n<\/tr>\n<\/thead>\n<tbody>\n<tr style=\"background: #f8faff;\">\n<td style=\"padding: 11px 16px; border: 1px solid #d0dde8; color: #0a2540; font-weight: 600;\">Motor G\u00fcc\u00fc<\/td>\n<td style=\"padding: 11px 16px; border: 1px solid #d0dde8;\">7,5 \u2013 15<\/td>\n<td style=\"padding: 11px 16px; border: 1px solid #d0dde8;\">22 \u2013 55<\/td>\n<td style=\"padding: 11px 16px; border: 1px solid #d0dde8;\">75 \u2013 160<\/td>\n<td style=\"padding: 11px 16px; border: 1px solid #d0dde8;\">kW (IE3 \/ IE4 s\u0131n\u0131f\u0131)<\/td>\n<\/tr>\n<tr style=\"background: #ffffff;\">\n<td style=\"padding: 11px 16px; border: 1px solid #d0dde8; color: #0a2540; font-weight: 600;\">\u00dccretsiz Hava Teslimat\u0131 (FAD)<\/td>\n<td style=\"padding: 11px 16px; border: 1px solid #d0dde8;\">1.0 \u2013 2.5<\/td>\n<td style=\"padding: 11px 16px; border: 1px solid #d0dde8;\">3,5 \u2013 9,0<\/td>\n<td style=\"padding: 11px 16px; border: 1px solid #d0dde8;\">12 \u2013 28<\/td>\n<td style=\"padding: 11px 16px; border: 1px solid #d0dde8;\">nominal bas\u0131n\u00e7ta m\u00b3\/dak<\/td>\n<\/tr>\n<tr style=\"background: #f8faff;\">\n<td style=\"padding: 11px 16px; border: 1px solid #d0dde8; color: #0a2540; font-weight: 600;\">\u00c7al\u0131\u015fma Bas\u0131nc\u0131<\/td>\n<td style=\"padding: 11px 16px; border: 1px solid #d0dde8;\">7 \u2013 10<\/td>\n<td style=\"padding: 11px 16px; border: 1px solid #d0dde8;\">8 \u2013 13<\/td>\n<td style=\"padding: 11px 16px; border: 1px solid #d0dde8;\">10 \u2013 16<\/td>\n<td style=\"padding: 11px 16px; border: 1px solid #d0dde8;\">bar(g) \u2014 ayarlanabilir<\/td>\n<\/tr>\n<tr style=\"background: #ffffff;\">\n<td style=\"padding: 11px 16px; border: 1px solid #d0dde8; color: #0a2540; font-weight: 600;\">De\u015farj S\u0131cakl\u0131\u011f\u0131<\/td>\n<td style=\"text-align: center;\" colspan=\"3\">Ortam s\u0131cakl\u0131\u011f\u0131 +5 \u00b0C ile ortam s\u0131cakl\u0131\u011f\u0131 +15 \u00b0C aras\u0131nda de\u011fi\u015fmektedir.<\/td>\n<td style=\"padding: 11px 16px; border: 1px solid #d0dde8;\">Ortam s\u0131cakl\u0131\u011f\u0131n\u0131n \u00b0C \u00fczerinde (ya\u011f so\u011futmal\u0131)<\/td>\n<\/tr>\n<tr style=\"background: #f8faff;\">\n<td style=\"padding: 11px 16px; border: 1px solid #d0dde8; color: #0a2540; font-weight: 600;\">Ya\u011f Ta\u015f\u0131n\u0131m\u0131<\/td>\n<td style=\"padding: 11px 16px; border: 1px solid #d0dde8;\" colspan=\"3\">\u2264 3 ppm (ay\u0131r\u0131c\u0131 sonras\u0131)<\/td>\n<td style=\"padding: 11px 16px; border: 1px solid #d0dde8;\">\u00e7\u0131k\u0131\u015fta mg\/m\u00b3<\/td>\n<\/tr>\n<tr style=\"background: #ffffff;\">\n<td style=\"padding: 11px 16px; border: 1px solid #d0dde8; color: #0a2540; font-weight: 600;\">Bas\u0131n\u00e7l\u0131 \u00c7i\u011f Noktas\u0131 (kurutucu ile)<\/td>\n<td style=\"padding: 11px 16px; border: 1px solid #d0dde8;\" colspan=\"2\">+3 \u00b0C (so\u011futucu kurutucu)<\/td>\n<td style=\"padding: 11px 16px; border: 1px solid #d0dde8;\">-40 \u00b0C (adsorpsiyon kurutucu)<\/td>\n<td style=\"padding: 11px 16px; border: 1px solid #d0dde8;\">\u00b0C PDP hat bas\u0131nc\u0131nda<\/td>\n<\/tr>\n<tr style=\"background: #f8faff;\">\n<td style=\"padding: 11px 16px; border: 1px solid #d0dde8; color: #0a2540; font-weight: 600;\">G\u00fcr\u00fclt\u00fc Seviyesi<\/td>\n<td style=\"padding: 11px 16px; border: 1px solid #d0dde8;\">62 \u2013 65<\/td>\n<td style=\"padding: 11px 16px; border: 1px solid #d0dde8;\">65 \u2013 68<\/td>\n<td style=\"padding: 11px 16px; border: 1px solid #d0dde8;\">68 \u2013 72<\/td>\n<td style=\"padding: 11px 16px; border: 1px solid #d0dde8;\">1 m'de dB(A)<\/td>\n<\/tr>\n<tr style=\"background: #ffffff;\">\n<td style=\"padding: 11px 16px; border: 1px solid #d0dde8; color: #0a2540; font-weight: 600;\">Rotor Malzemesi<\/td>\n<td style=\"padding: 11px 16px; border: 1px solid #d0dde8;\" colspan=\"3\">EN8\/EN16 ala\u015f\u0131ml\u0131 \u00e7elik, HRC 56\u201360, CNC profil ta\u015flama<\/td>\n<td style=\"padding: 11px 16px; border: 1px solid #d0dde8;\">\u2014<\/td>\n<\/tr>\n<tr style=\"background: #f8faff;\">\n<td style=\"padding: 11px 16px; border: 1px solid #d0dde8; color: #0a2540; font-weight: 600;\">Hava Ucu Muhafaza Malzemesi<\/td>\n<td style=\"padding: 11px 16px; border: 1px solid #d0dde8;\" colspan=\"3\">\u0130nce taneli d\u00f6kme demir (HT250 s\u0131n\u0131f\u0131)<\/td>\n<td style=\"padding: 11px 16px; border: 1px solid #d0dde8;\">\u2014<\/td>\n<\/tr>\n<tr style=\"background: #ffffff;\">\n<td style=\"padding: 11px 16px; border: 1px solid #d0dde8; color: #0a2540; font-weight: 600;\">Filtre Muhafaza Malzemesi<\/td>\n<td style=\"padding: 11px 16px; border: 1px solid #d0dde8;\" colspan=\"3\">304 \/ 316L paslanmaz \u00e7elik (hassas filtreleme a\u015famas\u0131)<\/td>\n<td style=\"padding: 11px 16px; border: 1px solid #d0dde8;\">\u2014<\/td>\n<\/tr>\n<tr style=\"background: #f8faff;\">\n<td style=\"padding: 11px 16px; border: 1px solid #d0dde8; color: #0a2540; font-weight: 600;\">Bas\u0131n\u00e7l\u0131 Kap Standard\u0131<\/td>\n<td style=\"padding: 11px 16px; border: 1px solid #d0dde8;\" colspan=\"3\">EN 13445 \/ UKCA i\u015faretli<\/td>\n<td style=\"padding: 11px 16px; border: 1px solid #d0dde8;\">\u2014<\/td>\n<\/tr>\n<tr style=\"background: #ffffff;\">\n<td style=\"padding: 11px 16px; border: 1px solid #d0dde8; color: #0a2540; font-weight: 600;\">VFD Frekans Aral\u0131\u011f\u0131<\/td>\n<td style=\"padding: 11px 16px; border: 1px solid #d0dde8;\">30 \u2013 60<\/td>\n<td style=\"padding: 11px 16px; border: 1px solid #d0dde8;\">25 \u2013 65<\/td>\n<td style=\"padding: 11px 16px; border: 1px solid #d0dde8;\">20 \u2013 70<\/td>\n<td style=\"padding: 11px 16px; border: 1px solid #d0dde8;\">Hz (modele ba\u011fl\u0131)<\/td>\n<\/tr>\n<tr style=\"background: #f8faff;\">\n<td style=\"padding: 11px 16px; border: 1px solid #d0dde8; color: #0a2540; font-weight: 600;\">Ya\u011f Servis Aral\u0131\u011f\u0131<\/td>\n<td style=\"padding: 11px 16px; border: 1px solid #d0dde8;\" colspan=\"3\">6.000 \u2013 8.000 saat (sentetik ya\u011flay\u0131c\u0131)<\/td>\n<td style=\"padding: 11px 16px; border: 1px solid #d0dde8;\">saat<\/td>\n<\/tr>\n<tr style=\"background: #ffffff;\">\n<td style=\"padding: 11px 16px; border: 1px solid #d0dde8; color: #0a2540; font-weight: 600;\">Hava U\u00e7 Bak\u0131m Aral\u0131\u011f\u0131<\/td>\n<td style=\"padding: 11px 16px; border: 1px solid #d0dde8;\" colspan=\"3\">24.000 \u2013 40.000 saat<\/td>\n<td style=\"padding: 11px 16px; border: 1px solid #d0dde8;\">saat<\/td>\n<\/tr>\n<tr style=\"background: #f8faff;\">\n<td style=\"padding: 11px 16px; border: 1px solid #d0dde8; color: #0a2540; font-weight: 600;\">Kontrol Aray\u00fcz\u00fc<\/td>\n<td style=\"padding: 11px 16px; border: 1px solid #d0dde8;\" colspan=\"3\">Modbus RTU \/ RS485 \/ \u0130ste\u011fe ba\u011fl\u0131 Ethernet \/ 7 in\u00e7 dokunmatik HMI<\/td>\n<td style=\"padding: 11px 16px; border: 1px solid #d0dde8;\">\u2014<\/td>\n<\/tr>\n<\/tbody>\n<\/table>\n<\/div>\n<\/div>\n<p><!-- Section 5: Application Scenarios --><\/p>\n<div style=\"width: 100%; max-width: 100%; min-width: 100%; box-sizing: border-box; margin-bottom: 40px;\">\n<h2 style=\"font-size: clamp(18px,2.5vw+10px,28px); color: #0a2540; font-weight: 800; border-left: 5px solid #0d6efd; padding-left: 16px; margin: 0 0 20px 0;\">\u0130ngiltere'deki Lazer \u0130\u015flemlerinde Vidal\u0131 Hava Kompres\u00f6rleri i\u00e7in End\u00fcstriyel Uygulama Senaryolar\u0131<\/h2>\n<p><!-- Image float left --><br \/>\n<img decoding=\"async\" style=\"float: left; width: min(38%, 280px); margin: 0 24px 16px 0; border-radius: 10px; box-shadow: 0 6px 24px rgba(0,0,0,0.13);\" src=\"https:\/\/air-compressor-for-laser-cutter.com\/wp-content\/uploads\/2026\/03\/ep-Stainless-Steel-Precision-Filter-for-Air-Compressor-Post-processing-Equipment-3-1-1.webp\" alt=\"Hava Kompres\u00f6r\u00fc Hassas Filtre Uygulamas\u0131\" \/><\/p>\n<p style=\"color: #333; line-height: 1.9; margin-bottom: 16px;\">Sac metal imalat\u0131, \u0130ngiltere genelinde lazer kesim hava kompres\u00f6rlerinin en yayg\u0131n kullan\u0131m alan\u0131n\u0131 olu\u015fturmaktad\u0131r. Uzun y\u0131llard\u0131r \u0130ngiliz m\u00fchendislik \u00e7eli\u011fi tedarikinin omurgas\u0131n\u0131 olu\u015fturan Sheffield, Wolverhampton ve Coventry'deki at\u00f6lyeler, 1 mm'den 25 mm'ye kadar kal\u0131nl\u0131ktaki yumu\u015fak \u00e7elik, paslanmaz \u00e7elik ve al\u00fcminyum levhalar\u0131 kesen fiber lazer ba\u015fl\u0131klar\u0131na yard\u0131mc\u0131 olmak i\u00e7in s\u00fcrekli ve kesintisiz bas\u0131n\u00e7l\u0131 hava ak\u0131\u015f\u0131na ihtiya\u00e7 duymaktad\u0131r. Bu kal\u0131nl\u0131klarda, azot veya oksijen destek gaz\u0131 genellikle \u00f6zel bir vidal\u0131 kompres\u00f6rden gelen y\u00fcksek bas\u0131n\u00e7l\u0131 hava ile kar\u0131\u015ft\u0131r\u0131l\u0131r veya d\u00f6n\u00fc\u015f\u00fcml\u00fc olarak kullan\u0131l\u0131r. Gereksinim, bas\u0131n\u00e7 d\u00fc\u015f\u00fc\u015f\u00fc olmadan \u00e7ok vardiyal\u0131 \u00fcretim d\u00f6ng\u00fcleri boyunca s\u00fcrd\u00fcr\u00fclen 8 ila 16 bar bas\u0131n\u00e7ta 3 ila 15 m\u00b3\/dak serbest hava da\u011f\u0131t\u0131m\u0131 (FAD) hacimleridir. De\u011fi\u015fken frekansl\u0131 bir vidal\u0131 hava kompres\u00f6r\u00fc, ayn\u0131 anda ka\u00e7 kesme ba\u015fl\u0131\u011f\u0131 aktif olursa olsun, nozul bas\u0131nc\u0131n\u0131 \u00b10,1 bar i\u00e7inde tutarak bu talep profiline tam olarak uymaktad\u0131r.<\/p>\n<p style=\"color: #333; line-height: 1.9; margin-bottom: 16px;\">Bristol, Derby ve Farnborough \u00e7evresinde yo\u011funla\u015fan havac\u0131l\u0131k ve savunma bile\u015fenleri \u00fcretimi, bas\u0131n\u00e7l\u0131 hava tedarik zincirine daha da kat\u0131 talepler getiriyor. Fiber lazerlerle titanyum ala\u015f\u0131m\u0131 ve karbon fiber takviyeli polimer (CFRP) kesimi, mutlak kuru hava gerektirir; nozuldaki nem kontaminasyonu titanyum oksidasyonuna neden olarak kabul edilemez renk bozulmas\u0131na ve kesim y\u00fczeyinin zay\u0131flamas\u0131na yol a\u00e7ar. Ana vidal\u0131 hava kompres\u00f6r\u00fcn\u00fcn \u00e7\u0131k\u0131\u015f\u0131nda \u00e7al\u0131\u015fan ve -40 \u00b0C bas\u0131n\u00e7 \u00e7i\u011f noktas\u0131 sa\u011flayan adsorpsiyon kurutucular bu ortamlarda standartt\u0131r. Bas\u0131n\u00e7l\u0131 hava sistemi ayr\u0131ca, Savunma Altyap\u0131 \u00d6rg\u00fct\u00fc (DIO) ve NADCAP uyumluluk \u00e7er\u00e7eveleri kapsam\u0131nda saha denetimi amac\u0131yla CE\/UKCA i\u015faretleme belgelerine de sahip olmal\u0131d\u0131r.<\/p>\n<p style=\"color: #333; line-height: 1.9; margin-bottom: 0;\">Tabela, plastik ve yarat\u0131c\u0131 \u00fcretim, CO\u2082 lazer kesim bas\u0131n\u00e7l\u0131 hava sistemleri i\u00e7in b\u00fcy\u00fcyen bir ni\u015f alan\u0131 temsil ediyor. Manchester'\u0131n Northern Quarter yarat\u0131c\u0131 b\u00f6lgesindeki i\u015fletmeler, Londra'n\u0131n East End'indeki maker alanlar\u0131 ve Edinburgh'un b\u00fcy\u00fcyen teknoloji-yarat\u0131c\u0131 sekt\u00f6r\u00fc, akrilik, MDF, deri ve kuma\u015f i\u015flemek i\u00e7in CO\u2082 lazer kesiciler kullan\u0131yor. Bu makineler tipik olarak daha d\u00fc\u015f\u00fck hacimli hava beslemesi gerektirir (6 ila 8 bar'da 0,5 ila 2,5 m\u00b3\/dak), ancak lens kirlenmesini \u00f6nlemek i\u00e7in ayn\u0131 hava temizli\u011fi standartlar\u0131n\u0131 talep ederler. Entegre so\u011futucu kurutuculu 7,5 ila 15 kW aral\u0131\u011f\u0131ndaki kompakt vidal\u0131 kompres\u00f6rler, g\u00fcr\u00fclt\u00fc, alan ve \u00fc\u00e7 fazl\u0131 g\u00fc\u00e7 kullan\u0131labilirli\u011finin k\u0131s\u0131tlay\u0131c\u0131 fakt\u00f6rler oldu\u011fu binalarda s\u0131kl\u0131kla \u00e7al\u0131\u015fan bu at\u00f6lye ortamlar\u0131 i\u00e7in idealdir.<\/p>\n<div style=\"clear: both;\"><\/div>\n<p><!-- More scenarios below --><\/p>\n<div style=\"display: flex; flex-wrap: wrap; gap: 16px; margin-top: 24px; width: 100%; max-width: 100%; min-width: 100%;\">\n<div style=\"flex: 1 1 280px; background: #fafbff; border-left: 4px solid #0d6efd; padding: 3%; border-radius: 8px; box-sizing: border-box; transition: transform 0.2s, box-shadow 0.2s;\">\n<div style=\"font-weight: bold; color: #0d6efd; margin-bottom: 8px; font-size: clamp(14px,1.5vw+10px,16px);\">\ud83c\udfd7 Otomotiv Presleme \u00dcr\u00fcnleri \u2014 Bat\u0131 Midlands<\/div>\n<p style=\"color: #444; margin: 0; font-size: clamp(13px,1.5vw+9px,15px); line-height: 1.7;\">6 kW ila 12 kW fiber lazerlerle g\u00f6vde presleme ve EV batarya tepsisi bile\u015fenleri i\u015fleyen Tier-1 ve Tier-2 otomotiv tedarik\u00e7ileri, 7\/24 \u00fcretime uygun FAD hacimlerinde 10 bar bas\u0131nc\u0131 koruyabilen bas\u0131n\u00e7l\u0131 hava sistemlerine ihtiya\u00e7 duymaktad\u0131r. Payla\u015f\u0131ml\u0131 bir tampon al\u0131c\u0131 ile \u00f6nden arkaya konfig\u00fcrasyonda \u00e7al\u0131\u015fan birden fazla kompres\u00f6r, s\u0131f\u0131r kesintili \u00e7al\u0131\u015fma sa\u011flar.<\/p>\n<\/div>\n<div style=\"flex: 1 1 280px; background: #fafbff; border-left: 4px solid #00aa66; padding: 3%; border-radius: 8px; box-sizing: border-box; transition: transform 0.2s, box-shadow 0.2s;\">\n<div style=\"font-weight: bold; color: #00aa66; margin-bottom: 8px; font-size: clamp(14px,1.5vw+10px,16px);\">\ud83d\udd2c T\u0131bbi Cihaz \u00dcretimi \u2014 Cambridge ve Oxford<\/div>\n<p style=\"color: #444; margin: 0; font-size: clamp(13px,1.5vw+9px,15px); line-height: 1.7;\">Paslanmaz \u00e7elik implant ve cerrahi alet \u00fcreticileri, ISO 8573-1 S\u0131n\u0131f 1 bas\u0131n\u00e7l\u0131 havaya ihtiya\u00e7 duyar; bu hava esasen ya\u011fs\u0131z, partik\u00fcls\u00fcz ve ultra kuru olmal\u0131d\u0131r. Burada, aktif karbon parlat\u0131c\u0131l\u0131, ya\u011fs\u0131z vidal\u0131 kompres\u00f6rler veya titizlikle filtrelenmi\u015f ya\u011f enjeksiyonlu \u00fcniteler kullan\u0131l\u0131r ve bas\u0131n\u00e7l\u0131 hava kalitesi, UKAS onayl\u0131 kalibrasyona kadar izlenebilir s\u00fcrekli \u00e7evrimi\u00e7i izleme sistemleri ile do\u011frulan\u0131r.<\/p>\n<\/div>\n<div style=\"flex: 1 1 280px; background: #fafbff; border-left: 4px solid #f08c00; padding: 3%; border-radius: 8px; box-sizing: border-box; transition: transform 0.2s, box-shadow 0.2s;\">\n<div style=\"font-weight: bold; color: #f08c00; margin-bottom: 8px; font-size: clamp(14px,1.5vw+10px,16px);\">\ud83d\udce6 Elektronik Devre Kart\u0131 \u00dcretimi \u2014 \u0130sko\u00e7ya ve G\u00fcneydo\u011fu<\/div>\n<p style=\"color: #444; margin: 0; font-size: clamp(13px,1.5vw+9px,15px); line-height: 1.7;\">PCB ay\u0131rma ve esnek devre kesme i\u015flemlerinde kullan\u0131lan CO\u2082 ve UV lazer sistemleri, son derece temiz ve kuru bas\u0131n\u00e7l\u0131 hava gerektirir. Hava ak\u0131m\u0131ndaki nem, kesim kenar\u0131nda mikro ayr\u0131lmaya neden olur. ISO 9001 ve IPC standartlar\u0131na g\u00f6re \u00e7al\u0131\u015fan elektronik \u00fcretim tesislerinde, kullan\u0131m noktas\u0131nda adsorpsiyonlu kurutma \u00f6zelli\u011fine sahip \u00f6zel kompakt vidal\u0131 kompres\u00f6rler standartt\u0131r.<\/p>\n<\/div>\n<\/div>\n<\/div>\n<p><!-- Section 6: Ever Power Factory Module --><\/p>\n<div style=\"width: 100%; max-width: 100%; min-width: 100%; background: linear-gradient(135deg,#0a2540 0%,#1a3a60 100%); border-radius: 16px; padding: 4%; box-sizing: border-box; margin-bottom: 40px;\">\n<h2 style=\"font-size: clamp(18px,2.5vw+10px,28px); color: #ffffff; font-weight: 800; margin: 0 0 16px 0; border-left: 5px solid #0d6efd; padding-left: 16px;\">Ever Power: Hassas \u00dcretim ve \u00d6zelle\u015ftirme Yetenekleri<\/h2>\n<div style=\"display: flex; flex-wrap: wrap; gap: 20px; margin-bottom: 28px; width: 100%; max-width: 100%; min-width: 100%;\">\n<p><!-- Left image column --><\/p>\n<div style=\"flex: 2 1 320px; min-width: 280px;\">\n<p style=\"color: #b8d4f0; line-height: 1.9; margin-bottom: 16px; font-size: clamp(13px,1.5vw+9px,16px);\"><img decoding=\"async\" class=\"alignleft\" style=\"width: 213px; max-width: 100%; border-radius: 10px; box-shadow: rgba(0, 0, 0, 0.3) 0px 6px 24px;\" src=\"https:\/\/air-compressor-for-laser-cutter.com\/wp-content\/uploads\/2026\/03\/ep-Stainless-Steel-Gas-Tank-for-Air-Compressor-Post-processing-Equipment-1-1.webp\" alt=\"Ever Power Paslanmaz \u00c7elik Gaz Tank\u0131\" height=\"213\" \/>Ever Power, yirmi y\u0131l\u0131 a\u015fk\u0131n s\u00fcredir end\u00fcstriyel bas\u0131n\u00e7l\u0131 hava sistemleri, filtrasyon ekipmanlar\u0131 ve bas\u0131n\u00e7l\u0131 kap bile\u015fenleri konusunda uzmanla\u015fm\u0131\u015f bir \u00fcretici olarak faaliyet g\u00f6stermektedir. \u015eirketin \u00fcretim tesisi; CNC i\u015fleme merkezleri, otomatik rotor profil ta\u015flama hatlar\u0131 ve ISO sertifikal\u0131 kalite kontrol laboratuvarlar\u0131yla donat\u0131lm\u0131\u015f olup, t\u00fcm kritik hava ucu bile\u015fenlerini kendi b\u00fcnyesinde \u00fcreterek, \u00fc\u00e7\u00fcnc\u00fc taraf ithalat\u0131na ba\u011f\u0131ml\u0131 montajc\u0131lar\u0131 etkileyen tedarik zinciri k\u0131r\u0131lganl\u0131\u011f\u0131n\u0131 ortadan kald\u0131rmaktad\u0131r.<\/p>\n<p style=\"color: #b8d4f0; line-height: 1.9; margin-bottom: 16px; font-size: clamp(13px,1.5vw+9px,16px);\">\u00d6zelle\u015ftirme, sonradan eklenen bir \u00f6zellik de\u011fil, yerle\u015fik bir yetenektir. \u0130ngiltere'deki m\u00fc\u015fteriler d\u00fczenli olarak, standart d\u0131\u015f\u0131 \u00e7al\u0131\u015fma bas\u0131n\u00e7lar\u0131 (\u00f6zel uygulamalar i\u00e7in 40 bar'a kadar), kompres\u00f6r k\u0131za\u011f\u0131n\u0131n kaplad\u0131\u011f\u0131 alana entegre edilmi\u015f \u00f6zelle\u015ftirilmi\u015f al\u0131c\u0131 hacimleri, g\u00fc\u00e7 kayna\u011f\u0131 kalitesinin belirsiz oldu\u011fu kurulumlar i\u00e7in \u00e7ift voltajl\u0131 motor sarg\u0131s\u0131 ve eski fabrika binalar\u0131ndaki tesis yerle\u015fim k\u0131s\u0131tlamalar\u0131n\u0131n gerektirdi\u011fi \u00f6zel \u00e7\u0131k\u0131\u015f portu konumland\u0131rmas\u0131 gibi \u00f6zel konfig\u00fcrasyonlar belirtmektedirler - bu, Birmingham'\u0131n eski \u00fcretim tesislerinde yayg\u0131n bir senaryodur. Ever Power'\u0131n m\u00fchendislik ekibi, her \u00f6zel yap\u0131m i\u00e7in eksiksiz P&amp;ID dok\u00fcmantasyonu, CE\/UKCA uygunluk beyan\u0131 ve BS 7671 uyumlu formatta kablolama \u015femalar\u0131 sa\u011flar.<\/p>\n<p style=\"color: #b8d4f0; line-height: 1.9; margin: 0; font-size: clamp(13px,1.5vw+9px,16px);\">Tedarik zinciri garantisi, dikey olarak entegre bir modelle desteklenmektedir. Paslanmaz \u00e7elik filtre g\u00f6vdeleri, bas\u0131n\u00e7 al\u0131c\u0131lar\u0131, so\u011futma \u0131s\u0131 e\u015fanj\u00f6rleri ve kontrol panelleri, Ever Power'\u0131n kendi \u00fcretim tesisinde \u00fcretilmekte olup, sertifikal\u0131 fabrikalardan nihai \u00fcr\u00fcne kadar hammadde izlenebilirli\u011fi sa\u011flanmaktad\u0131r. Standart konfig\u00fcrasyonlar i\u00e7in teslim s\u00fcreleri fabrikadan \u00e7\u0131k\u0131\u015fta 15 i\u015f g\u00fcn\u00fcd\u00fcr; \u00f6zel olarak tasarlanm\u0131\u015f \u00fcniteler 35 i\u015f g\u00fcn\u00fc i\u00e7inde sevk edilir ve zaman a\u00e7\u0131s\u0131ndan kritik projeler i\u00e7in Felixstowe, Southampton ve Bristol Avonmouth dahil olmak \u00fczere \u0130ngiltere limanlar\u0131na hava kargo se\u00e7enekleri mevcuttur.<\/p>\n<\/div>\n<\/div>\n<div style=\"text-align: center; padding-top: 8px;\"><a style=\"display: inline-block; background: linear-gradient(90deg,#0d6efd,#00aacc); color: #fff; font-size: clamp(14px,2vw+8px,17px); font-weight: bold; padding: 14px 40px; border-radius: 50px; text-decoration: none; box-shadow: 0 6px 22px rgba(13,110,253,0.4); transition: transform 0.2s, box-shadow 0.2s;\" href=\"mailto:sales@air-compressor-for-laser-cutter.com\">\ud83d\udce7 \u00d6zel Fiyat Teklifi \u0130steyin \u2014 sales@air-compressor-for-laser-cutter.com<br \/>\n<\/a><\/div>\n<\/div>\n<p><!-- Section 7: Customer Success Story --><\/p>\n<div style=\"width: 100%; max-width: 100%; min-width: 100%; box-sizing: border-box; margin-bottom: 40px;\">\n<h2 style=\"font-size: clamp(18px,2.5vw+10px,28px); color: #0a2540; font-weight: 800; border-left: 5px solid #0d6efd; padding-left: 16px; margin: 0 0 20px 0;\">M\u00fc\u015fteri Ba\u015far\u0131 \u00d6yk\u00fcs\u00fc: Sheffield Precision Engineering \u2014 Havac\u0131l\u0131k ve Uzay Bile\u015fenleri B\u00f6l\u00fcm\u00fc<\/h2>\n<p><!-- Story card --><\/p>\n<div style=\"background: #f8faff; border: 1.5px solid #d0dde8; border-radius: 14px; padding: 4%; box-sizing: border-box; margin-bottom: 28px;\">\n<div style=\"display: flex; flex-wrap: wrap; gap: 20px; align-items: flex-start;\">\n<div style=\"flex: 2 1 300px; min-width: 260px;\">\n<p style=\"color: #0a2540; font-weight: bold; margin: 0 0 10px 0; font-size: clamp(14px,1.5vw+10px,17px);\">Arka plan<\/p>\n<p style=\"color: #333; line-height: 1.9; margin-bottom: 14px; font-size: clamp(13px,1.5vw+9px,15px);\">Sheffield'\u0131n A\u015fa\u011f\u0131 Don Vadisi'nde (y\u00fczy\u0131llard\u0131r ala\u015f\u0131ml\u0131 \u00e7elik \u00fcretimiyle bilinen bir b\u00f6lge) bulunan orta \u00f6l\u00e7ekli bir hassas m\u00fchendislik \u015firketi, \u0130ngiltere'nin \u00f6nde gelen havac\u0131l\u0131k tedarik\u00e7ilerinden birine titanyum braket montajlar\u0131 tedarik etme konusunda yeni s\u00f6zle\u015fmeler almak i\u00e7in lazer kesim kapasitesini geni\u015fletiyordu. Tesis, iki adet 6 kW fiber lazer kesim makinesine yat\u0131r\u0131m yap\u0131yordu ve haftada alt\u0131 g\u00fcn, \u00e7ift vardiya boyunca s\u00fcrekli olarak 10 bar bas\u0131n\u00e7ta kuru, kirlilikten ar\u0131nd\u0131r\u0131lm\u0131\u015f hava sa\u011flayabilen bir bas\u0131n\u00e7l\u0131 hava sistemine ihtiya\u00e7 duyuyordu.<\/p>\n<p style=\"color: #0a2540; font-weight: bold; margin: 0 0 10px 0; font-size: clamp(14px,1.5vw+10px,17px);\">Meydan okumak<\/p>\n<p style=\"color: #333; line-height: 1.9; margin-bottom: 14px; font-size: clamp(13px,1.5vw+9px,15px);\">Mevcut pistonlu kompres\u00f6rler a\u015f\u0131r\u0131 nem kirlili\u011fine neden olarak titanyum kesim y\u00fczeylerinde g\u00f6zle g\u00f6r\u00fcl\u00fcr oksidasyon renk bozulmas\u0131na yol a\u00e7m\u0131\u015f ve bu da par\u00e7alar\u0131n havac\u0131l\u0131kta kullan\u0131m\u0131n\u0131 derhal imkans\u0131z hale getirmi\u015ftir. Bas\u0131n\u00e7 dalgalanmas\u0131 ayr\u0131ca iki lazer makinesinden daha eski olan\u0131nda d\u00fczensiz nozul davran\u0131\u015f\u0131na neden olmu\u015ftur. M\u00fchendislik m\u00fcd\u00fcr\u00fc, kalite y\u00f6netim denetim izi i\u00e7in belgelenmi\u015f bas\u0131n\u00e7 \u00e7i\u011f noktas\u0131 performans\u0131na ve tam UKCA uyumlulu\u011funa sahip bir yedek sistem aray\u0131\u015f\u0131ndayd\u0131.<\/p>\n<p style=\"color: #0a2540; font-weight: bold; margin: 0 0 10px 0; font-size: clamp(14px,1.5vw+10px,17px);\">Ever Power \u00c7\u00f6z\u00fcm\u00fc<\/p>\n<p style=\"color: #333; line-height: 1.9; margin: 0; font-size: clamp(13px,1.5vw+9px,15px);\">Ever Power, iki adet 22 kW de\u011fi\u015fken frekansl\u0131 vidal\u0131 hava kompres\u00f6r\u00fcnden olu\u015fan, IE3 motorlu ve \u00f6nden giri\u015f-arkadan giri\u015f konfig\u00fcrasyonunda \u00e7al\u0131\u015fan, 500 litrelik paslanmaz \u00e7elik tampon tank\u0131na besleme yapan bir sistem tedarik etti. A\u015fa\u011f\u0131 ak\u0131\u015f hava ar\u0131tma \u00fcnitesi, so\u011futucu \u00f6n kurutucu, y\u00fcksek verimli bir birle\u015ftirici filtre, aktif karbon ya\u011f buhar\u0131 filtresi ve -40 \u00b0C PDP sa\u011flayan \u00e7ift kuleli bir adsorpsiyon kurutucudan olu\u015fuyordu. Saha incelemesi s\u0131ras\u0131nda ortaya \u00e7\u0131kan kondensat asitli\u011fi endi\u015feleri nedeniyle, son kullan\u0131m noktas\u0131 filtrasyon a\u015famas\u0131 i\u00e7in 316L kalitesinde \u00f6zel paslanmaz \u00e7elik hassas filtre muhafazalar\u0131 belirlendi. T\u00fcm sistem CE\/UKCA i\u015faretliydi ve NADCAP denetimi i\u00e7in m\u00fc\u015fterinin istedi\u011fi formatta dok\u00fcmantasyon sa\u011fland\u0131. Kurulum, \u00fc\u00e7 g\u00fcnl\u00fck planl\u0131 bir bak\u0131m durdurma s\u00fcresi i\u00e7inde tamamland\u0131 ve devreye alma ve operat\u00f6r e\u011fitimi, Ever Power'\u0131n Do\u011fu Midlands'deki \u0130ngiltere da\u011f\u0131t\u0131m orta\u011f\u0131ndan faaliyet g\u00f6steren saha servis ekibi taraf\u0131ndan yerinde verildi.<\/p>\n<p style=\"color: #0a2540; font-weight: bold; margin: 14px 0 10px 0; font-size: clamp(14px,1.5vw+10px,17px);\">Sonu\u00e7<\/p>\n<p style=\"color: #333; line-height: 1.9; margin: 0; font-size: clamp(13px,1.5vw+9px,15px);\">\u00dcretimin ilk ay\u0131nda, titanyum kesim y\u00fczeyindeki renk bozulmas\u0131 tamamen ortadan kald\u0131r\u0131ld\u0131 ve daha \u00f6nce 15-20% yeniden i\u015fleme gerektiren bir havac\u0131l\u0131k m\u00fc\u015fterisi spesifikasyonuna kar\u015f\u0131 ,3%'lik ilk ge\u00e7i\u015f kabul oran\u0131 elde edildi. S\u0131k\u0131\u015ft\u0131r\u0131lm\u0131\u015f hava enerjisi maliyetleri, de\u011fi\u015ftirilen pistonlu \u00fcnitelerle kar\u015f\u0131la\u015ft\u0131r\u0131ld\u0131\u011f\u0131nda y\u0131ll\u0131k bazda 31% azald\u0131; bu da mevcut elektrik tarifelerinde yakla\u015f\u0131k 8.400 \u00a3'a denk geliyor. \u00d6nc\u00fc-gecikmeli VFD konfig\u00fcrasyonu, planlanmam\u0131\u015f ar\u0131za s\u00fcresi olmadan 14.000 saatin \u00fczerinde \u00e7al\u0131\u015fma s\u00fcresi kaydetti.<\/p>\n<\/div>\n<\/div>\n<\/div>\n<p><!-- Customer Reviews --><\/p>\n<div style=\"display: flex; flex-wrap: wrap; gap: 16px; width: 100%; max-width: 100%; min-width: 100%;\">\n<div style=\"flex: 1 1 260px; min-width: 240px; background: #ffffff; border: 1.5px solid #d0dde8; border-radius: 12px; padding: 3%; box-sizing: border-box; box-shadow: 0 2px 10px rgba(0,0,0,0.05); transition: transform 0.22s, box-shadow 0.22s;\">\n<div style=\"color: #f4b400; font-size: 18px; margin-bottom: 8px;\">\u2605\u2605\u2605\u2605\u2605<\/div>\n<p style=\"color: #333; font-style: italic; margin: 0 0 12px 0; line-height: 1.8; font-size: clamp(13px,1.5vw+9px,15px);\">\u201cVFD vidal\u0131 kompres\u00f6rlerden elde etti\u011fimiz bas\u0131n\u00e7 kararl\u0131l\u0131\u011f\u0131, eski pistonlu makinelerimizle hi\u00e7 deneyimlemedi\u011fimiz bir \u015feydi. Lazer ba\u015fl\u0131\u011f\u0131m\u0131z art\u0131k programland\u0131\u011f\u0131 gibi tam olarak izleme yap\u0131yor ve titanyum kesimleri her seferinde havac\u0131l\u0131k denetiminden ilk seferde ge\u00e7iyor. Ever Power ekibi, NADCAP dok\u00fcmantasyon gereksinimlerimizi hemen anlad\u0131; neye ihtiyac\u0131m\u0131z oldu\u011funu a\u00e7\u0131klamak i\u00e7in uzun uzun yaz\u0131\u015fmalara gerek kalmad\u0131.\u201d<\/p>\n<div style=\"font-weight: bold; color: #0a2540; font-size: clamp(13px,1.5vw+9px,15px);\">\u2014 M\u00fchendislik M\u00fcd\u00fcr\u00fc, Havac\u0131l\u0131k ve Uzay \u0130malat Tesisi, Sheffield<\/div>\n<\/div>\n<div style=\"flex: 1 1 260px; min-width: 240px; background: #ffffff; border: 1.5px solid #d0dde8; border-radius: 12px; padding: 3%; box-sizing: border-box; box-shadow: 0 2px 10px rgba(0,0,0,0.05); transition: transform 0.22s, box-shadow 0.22s;\">\n<div style=\"color: #f4b400; font-size: 18px; margin-bottom: 8px;\">\u2605\u2605\u2605\u2605\u2605<\/div>\n<p style=\"color: #333; font-style: italic; margin: 0 0 12px 0; line-height: 1.8; font-size: clamp(13px,1.5vw+9px,15px);\">\u201cTesis denetimimizde yo\u011fu\u015fma suyunda asitlik tespit edildikten sonra Ever Power\u2019\u0131n \u00f6nerisi \u00fczerine 316L paslanmaz \u00e7elik filtre g\u00f6vdelerini tercih ettik. On iki ay sonra, hi\u00e7 korozyon yok; g\u00f6vdeler fabrika \u00e7\u0131k\u0131\u015f\u0131 gibi g\u00f6r\u00fcn\u00fcyor. \u00d6zelle\u015ftirme yetenekleri ve Felixstowe\u2019ye teslimat h\u0131zlar\u0131, g\u00f6r\u00fc\u015ft\u00fc\u011f\u00fcm\u00fcz di\u011fer t\u00fcm tedarik\u00e7ilerden onlar\u0131 farkl\u0131 k\u0131ld\u0131. \u00d6zel bir palet i\u00e7in teslim s\u00fcresi 18 g\u00fcnd\u00fc, bu da ola\u011fan\u00fcst\u00fcyd\u00fc.\u201d<\/p>\n<div style=\"font-weight: bold; color: #0a2540; font-size: clamp(13px,1.5vw+9px,15px);\">\u2014 Birmingham Sac Metal Ta\u015feron Firmas\u0131 Tedarik Direkt\u00f6r\u00fc<\/div>\n<\/div>\n<div style=\"flex: 1 1 260px; min-width: 240px; background: #ffffff; border: 1.5px solid #d0dde8; border-radius: 12px; padding: 3%; box-sizing: border-box; box-shadow: 0 2px 10px rgba(0,0,0,0.05); transition: transform 0.22s, box-shadow 0.22s;\">\n<div style=\"color: #f4b400; font-size: 18px; margin-bottom: 8px;\">\u2605\u2605\u2605\u2605\u2605<\/div>\n<p style=\"color: #333; font-style: italic; margin: 0 0 12px 0; line-height: 1.8; font-size: clamp(13px,1.5vw+9px,15px);\">\u201cEnerji tasarrufu ge\u00e7i\u015f yapmam\u0131z\u0131n ana nedeniydi, ancak as\u0131l b\u00fcy\u00fck kazan\u00e7 kesim kalitesindeki iyile\u015fme oldu. Ever Power'\u0131n uygulama m\u00fchendisi, standart bir g\u00fcvenlik fakt\u00f6r\u00fc uygulamak yerine, adsorpsiyon kurutucusunu ger\u00e7ek \u00e7al\u0131\u015fma d\u00f6ng\u00fcm\u00fcze g\u00f6re do\u011fru boyutland\u0131rd\u0131; bu t\u00fcr uygulama bilgisi bir tedarik\u00e7iden tam olarak istedi\u011finiz \u015feydir. \u015eimdi Coventry'deki ikinci tesisimiz i\u00e7in de Ever Power'\u0131 tercih ediyoruz.\u201d<\/p>\n<div style=\"font-weight: bold; color: #0a2540; font-size: clamp(13px,1.5vw+9px,15px);\">\u2014 Operasyon M\u00fcd\u00fcr\u00fc, Otomotiv Lazer \u0130\u015fleme, Bat\u0131 Midlands<\/div>\n<\/div>\n<\/div>\n<\/div>\n<p><!-- Section 8: Featured Products --><\/p>\n<div style=\"width: 100%; max-width: 100%; min-width: 100%; background: #f0f6ff; border-radius: 14px; padding: 4%; box-sizing: border-box; margin-bottom: 40px;\">\n<h2 style=\"font-size: clamp(18px,2.5vw+10px,28px); color: #0a2540; font-weight: 800; border-left: 5px solid #0d6efd; padding-left: 16px; margin: 0 0 20px 0;\">\u00d6ne \u00c7\u0131kan Ever Power Vidal\u0131 Hava Kompres\u00f6r\u00fc \u00dcr\u00fcnleri<\/h2>\n<div style=\"display: flex; flex-wrap: wrap; gap: 20px; width: 100%; max-width: 100%; min-width: 100%;\">\n<p><!-- Product Card 1 --><\/p>\n<div style=\"flex: 1 1 300px; min-width: 260px; max-width: 100%; background: #ffffff; border: 1.5px solid #cde; border-radius: 12px; padding: 3%; box-sizing: border-box; box-shadow: 0 3px 12px rgba(0,0,0,0.06); transition: transform 0.22s, box-shadow 0.22s, border-color 0.22s;\">\n<div style=\"background: linear-gradient(90deg,#0a2540,#1a4a7a); color: #fff; font-size: clamp(11px,1.2vw+8px,13px); font-weight: bold; padding: 6px 14px; border-radius: 20px; display: inline-block; margin-bottom: 14px; letter-spacing: 0.5px;\">DE\u011e\u0130\u015eKEN FREKANS \u00b7 LAZER OPT\u0130M\u0130ZE ED\u0130LM\u0130\u015e<\/div>\n<div style=\"font-size: clamp(16px,2vw+10px,20px); font-weight: 800; color: #0a2540; margin-bottom: 10px; line-height: 1.3;\"><a style=\"color: #0d6efd; text-decoration: none;\" href=\"https:\/\/air-compressor-for-laser-cutter.com\/tr\/urun\/cm160pvf-degisken-frekansli-vidali-hava-kompresoru\/\">CM160PVF De\u011fi\u015fken Frekansl\u0131 Vidal\u0131 Hava Kompres\u00f6r\u00fc<\/a><\/div>\n<p style=\"color: #555; line-height: 1.8; margin: 0; font-size: clamp(13px,1.5vw+9px,15px);\">CM160PVF, s\u00fcrekli, y\u00fcksek hacimli ve sabit bas\u0131n\u00e7ta hava gerektiren zorlu lazer kesim ortamlar\u0131 i\u00e7in tasarlanm\u0131\u015f, 160 kW y\u00fcksek kapasiteli de\u011fi\u015fken frekansl\u0131 s\u00fcr\u00fcc\u00fcl\u00fc vidal\u0131 hava kompres\u00f6r\u00fcd\u00fcr. IE4 s\u0131n\u0131f\u0131 kal\u0131c\u0131 m\u0131knat\u0131sl\u0131 motor, 2 ppm'nin alt\u0131nda entegre ya\u011f ay\u0131rma \u00f6zelli\u011fi ve 25 ila 70 Hz aras\u0131nda geni\u015f bir VFD mod\u00fclasyon aral\u0131\u011f\u0131na sahip olan bu \u00fcnite, \u0130ngiltere'deki sac metal i\u015fleme ve otomotiv presleme tesislerinde \u00fc\u00e7 vardiyal\u0131 \u00fcretim d\u00fczeninde \u00e7al\u0131\u015fan \u00e7ok ba\u015fl\u0131kl\u0131 fiber lazer kurulumlar\u0131 i\u00e7in uygundur. Ak\u0131ll\u0131 mikroi\u015flemci kontrol \u00fcnitesi, ger\u00e7ek zamanl\u0131 enerji t\u00fcketimi verileri, tahmini filtre de\u011fi\u015ftirme uyar\u0131lar\u0131 ve fabrika izleme entegrasyonu i\u00e7in Modbus ba\u011flant\u0131s\u0131 sa\u011flar.<\/p>\n<div style=\"margin-top: 16px;\"><a style=\"display: inline-block; background: #0d6efd; color: #fff; padding: 10px 24px; border-radius: 30px; font-size: clamp(12px,1.5vw+9px,14px); font-weight: bold; text-decoration: none; transition: background 0.2s;\" href=\"https:\/\/air-compressor-for-laser-cutter.com\/tr\/urun\/cm160pvf-degisken-frekansli-vidali-hava-kompresoru\/\">\u00dcr\u00fcn Detaylar\u0131n\u0131 G\u00f6r\u00fcnt\u00fcle \u2192<\/a><\/div>\n<\/div>\n<p><!-- Product Card 2 --><\/p>\n<div style=\"flex: 1 1 300px; min-width: 260px; max-width: 100%; background: #ffffff; border: 1.5px solid #cde; border-radius: 12px; padding: 3%; box-sizing: border-box; box-shadow: 0 3px 12px rgba(0,0,0,0.06); transition: transform 0.22s, box-shadow 0.22s, border-color 0.22s;\">\n<div style=\"background: linear-gradient(90deg,#006644,#00aa66); color: #fff; font-size: clamp(11px,1.2vw+8px,13px); font-weight: bold; padding: 6px 14px; border-radius: 20px; display: inline-block; margin-bottom: 14px; letter-spacing: 0.5px;\">VSD S\u00dcR\u00dcC\u00dc \u00b7 ENERJ\u0130 VER\u0130ML\u0130<\/div>\n<div style=\"font-size: clamp(16px,2vw+10px,20px); font-weight: 800; color: #0a2540; margin-bottom: 10px; line-height: 1.3;\"><a style=\"color: #0d6efd; text-decoration: none;\" href=\"https:\/\/air-compressor-for-laser-cutter.com\/tr\/urun\/degisken-hizli-tahrikli-vidali-hava-kompresoru\/\">De\u011fi\u015fken H\u0131zl\u0131 Tahrikli Vidal\u0131 Hava Kompres\u00f6r\u00fc<\/a><\/div>\n<p style=\"color: #555; line-height: 1.8; margin: 0; font-size: clamp(13px,1.5vw+9px,15px);\">Bu de\u011fi\u015fken h\u0131zl\u0131 tahrikli vidal\u0131 hava kompres\u00f6r\u00fc, 7,5 ila 75 kW g\u00fc\u00e7 aral\u0131\u011f\u0131n\u0131 kapsayarak, \u00e7e\u015fitli \u00f6l\u00e7ekteki \u0130ngiltere lazer kesim i\u015flemleri i\u00e7in Ever Power serisinin en \u00e7ok y\u00f6nl\u00fc \u00fcnitesi olma \u00f6zelli\u011fini ta\u015f\u0131r. VSD kontrol sistemi, motor frekans\u0131n\u0131 s\u00fcrekli olarak ayarlayarak, ayarlanan de\u011ferin \u00b10,05 bar'\u0131 i\u00e7inde kalan bas\u0131nc\u0131 korur; bu da fiber ve CO\u2082 lazer kesim nozullar\u0131n\u0131n son derece de\u011fi\u015fken talep d\u00f6ng\u00fclerinde ihtiya\u00e7 duydu\u011fu bas\u0131n\u00e7 kararl\u0131l\u0131\u011f\u0131n\u0131 sa\u011flar. \u00dcnitenin kompakt g\u00f6vde tasar\u0131m\u0131, 66 dB(A)'n\u0131n alt\u0131nda bir g\u00fcr\u00fclt\u00fc seviyesiyle, g\u00fcr\u00fclt\u00fc uyumlulu\u011funun yerel \u00e7evre sa\u011fl\u0131\u011f\u0131 g\u00f6revlileri taraf\u0131ndan izlendi\u011fi Birmingham at\u00f6lye \u00fcnitelerinde ve Sheffield hafif sanayi b\u00f6lgelerinde \u00fcretim alanlar\u0131n\u0131n yan\u0131na kurulum i\u00e7in uygundur. Enerji \u00f6l\u00e7\u00fcm\u00fc entegre edilmi\u015ftir, bu da ISO 50001 raporlamas\u0131n\u0131 basitle\u015ftirir.<\/p>\n<div style=\"margin-top: 16px;\"><a style=\"display: inline-block; background: #00aa66; color: #fff; padding: 10px 24px; border-radius: 30px; font-size: clamp(12px,1.5vw+9px,14px); font-weight: bold; text-decoration: none; transition: background 0.2s;\" href=\"https:\/\/air-compressor-for-laser-cutter.com\/tr\/urun\/degisken-hizli-tahrikli-vidali-hava-kompresoru\/\">\u00dcr\u00fcn Detaylar\u0131n\u0131 G\u00f6r\u00fcnt\u00fcle \u2192<\/a><\/div>\n<\/div>\n<\/div>\n<\/div>\n<p><!-- Section 9: FAQ --><\/p>\n<div style=\"width: 100%; max-width: 100%; min-width: 100%; box-sizing: border-box; margin-bottom: 40px;\">\n<h2 style=\"font-size: clamp(18px,2.5vw+10px,28px); color: #0a2540; font-weight: 800; border-left: 5px solid #0d6efd; padding-left: 16px; margin: 0 0 24px 0;\">S\u0131k\u00e7a Sorulan Sorular \u2014 \u0130ngiltere'de Lazer Kesim \u0130\u00e7in Hava Kompres\u00f6rleri<\/h2>\n<div style=\"display: flex; flex-direction: column; gap: 12px; width: 100%; max-width: 100%; min-width: 100%;\">\n<p><!-- FAQ 1 --><\/p>\n<details style=\"background: #f8faff; border: 1.5px solid #d0dde8; border-radius: 10px; padding: 0; overflow: hidden; width: 100%; max-width: 100%; min-width: 100%; box-sizing: border-box;\">\n<summary style=\"padding: 16px 20px; font-weight: bold; color: #0a2540; cursor: pointer; font-size: clamp(14px,1.5vw+10px,16px); list-style: none; display: flex; justify-content: space-between; align-items: center;\">Birle\u015fik Krall\u0131k'taki bir at\u00f6lyede fiber lazer kesim makinesi i\u00e7in hangi boyutta vidal\u0131 hava kompres\u00f6r\u00fcne ihtiyac\u0131m var?<br \/>\n<span style=\"font-size: 20px; color: #0d6efd; flex-shrink: 0; margin-left: 12px;\">\u25bc<\/span><\/summary>\n<div style=\"padding: 0 20px 18px 20px; color: #444; line-height: 1.9; font-size: clamp(13px,1.5vw+9px,15px);\">Boyutland\u0131rma \u00f6ncelikle lazerin g\u00fc\u00e7 derecesine ve tek yard\u0131mc\u0131 gaz olarak hava m\u0131 yoksa nitrojen mi kulland\u0131\u011f\u0131n\u0131za ba\u011fl\u0131d\u0131r. 5 mm'ye kadar yumu\u015fak \u00e7elikte sadece hava ile kesim yapan 3 kW'l\u0131k bir fiber lazer, 10 bar bas\u0131n\u00e7ta tipik olarak 1,5 ila 3 m\u00b3\/dak'ya ihtiya\u00e7 duyar; 12 kW veya 20 kW'l\u0131k bir makine ise 8 ila 15 m\u00b3\/dak'ya ihtiya\u00e7 duyabilir. Kompres\u00f6r boyutuna karar vermeden \u00f6nce, lazer modelinize, malzeme aral\u0131\u011f\u0131n\u0131za ve beklenen g\u00fcnl\u00fck \u00e7al\u0131\u015fma saatlerinize ba\u011fl\u0131 olarak Ever Power'daki uygulama ekibimizden serbest hava da\u011f\u0131t\u0131m\u0131 (FAD) hesaplamas\u0131 talep etmenizi \u00f6neririz.<\/div>\n<\/details>\n<p><!-- FAQ 2 --><\/p>\n<details style=\"background: #f8faff; border: 1.5px solid #d0dde8; border-radius: 10px; padding: 0; overflow: hidden; width: 100%; max-width: 100%; min-width: 100%; box-sizing: border-box;\">\n<summary style=\"padding: 16px 20px; font-weight: bold; color: #0a2540; cursor: pointer; font-size: clamp(14px,1.5vw+10px,16px); list-style: none; display: flex; justify-content: space-between; align-items: center;\">Birle\u015fik Krall\u0131k'ta de\u011fi\u015fken frekansl\u0131 vidal\u0131 hava kompres\u00f6r\u00fcn\u00fcn fiyat\u0131 ne kadar ve tipik geri \u00f6deme s\u00fcresi ne kadar?<br \/>\n<span style=\"font-size: 20px; color: #0d6efd; flex-shrink: 0; margin-left: 12px;\">\u25bc<\/span><\/summary>\n<div style=\"padding: 0 20px 18px 20px; color: #444; line-height: 1.9; font-size: clamp(13px,1.5vw+9px,15px);\">Orta \u00f6l\u00e7ekli \u0130ngiltere lazer kesim i\u015flemleri i\u00e7in uygun olan 22 ila 55 kW aral\u0131\u011f\u0131ndaki VFD vidal\u0131 kompres\u00f6rler, genellikle sabit h\u0131zl\u0131 muadillerine g\u00f6re inverter elektroni\u011finin y\u00fcksek maliyetini yans\u0131tan fabrika \u00e7\u0131k\u0131\u015f fiyatlar\u0131na sahiptir. \u0130ngiltere limanlar\u0131na hava veya deniz yoluyla teslimat maliyetleri ve yerel devreye alma masraflar\u0131 da dahil edildi\u011finde, toplam maliyet tahmin aral\u0131klar\u0131 i\u00e7in Ever Power'dan do\u011frudan fiyat teklifi almak en iyisidir. E\u015fde\u011fer sabit h\u0131zl\u0131 \u00fcnitelere kar\u015f\u0131 enerji geri \u00f6deme s\u00fcreleri, \u0130ngiltere'deki end\u00fcstriyel elektrik tarifelerinde (kWh ba\u015f\u0131na 25-32 kuru\u015f) \u00e7al\u0131\u015fma d\u00f6ng\u00fcs\u00fcne ba\u011fl\u0131 olarak genellikle 18 ila 32 ay aras\u0131nda de\u011fi\u015fmektedir. Tesisinize \u00f6zel detayl\u0131 maliyet ve geri \u00f6deme analizi i\u00e7in sales@air-compressor-for-laser-cutter.com adresinden bizimle ileti\u015fime ge\u00e7in.<\/div>\n<\/details>\n<p><!-- FAQ 3 --><\/p>\n<details style=\"background: #f8faff; border: 1.5px solid #d0dde8; border-radius: 10px; padding: 0; overflow: hidden; width: 100%; max-width: 100%; min-width: 100%; box-sizing: border-box;\">\n<summary style=\"padding: 16px 20px; font-weight: bold; color: #0a2540; cursor: pointer; font-size: clamp(14px,1.5vw+10px,16px); list-style: none; display: flex; justify-content: space-between; align-items: center;\">Birle\u015fik Krall\u0131k havac\u0131l\u0131k sekt\u00f6r\u00fcnde fiber lazerle titanyum ve al\u00fcminyum kesimi i\u00e7in hangi bas\u0131n\u00e7l\u0131 hava kalite s\u0131n\u0131f\u0131na ihtiyac\u0131m var?<br \/>\n<span style=\"font-size: 20px; color: #0d6efd; flex-shrink: 0; margin-left: 12px;\">\u25bc<\/span><\/summary>\n<div style=\"padding: 0 20px 18px 20px; color: #444; line-height: 1.9; font-size: clamp(13px,1.5vw+9px,15px);\">Havac\u0131l\u0131k ve uzay uygulamalar\u0131 i\u00e7in titanyum ve al\u00fcminyum lazer kesimi, genellikle minimum olarak ISO 8573-1 S\u0131n\u0131f 1.2.1 bas\u0131n\u00e7l\u0131 hava gerektirir; bu da 0,1 mikronun alt\u0131nda partik\u00fcl i\u00e7eri\u011fi, -40 \u00b0C'de bas\u0131n\u00e7 \u00e7i\u011f noktas\u0131 ve 0,01 mg\/m\u00b3 veya daha az toplam ya\u011f i\u00e7eri\u011fi anlam\u0131na gelir. Bunu sa\u011flamak i\u00e7in eksiksiz bir ar\u0131tma sistemi gereklidir: vidal\u0131 hava kompres\u00f6r\u00fc, so\u011futucu \u00f6n kurutucu, birle\u015ftirici filtre, aktif karbon filtre ve \u00e7ift kuleli adsorpsiyon kurutucu. NADCAP ve AS9100 denetim gereksinimleri, t\u00fcm sistem dok\u00fcmantasyonunun ve kalibrasyon kay\u0131tlar\u0131n\u0131n saklanmas\u0131n\u0131 zorunlu k\u0131lar. Ever Power, gerekli t\u00fcm UKCA beyanlar\u0131 ve malzeme izlenebilirlik sertifikalar\u0131yla birlikte eksiksiz sistem paketleri sunmaktad\u0131r.<\/div>\n<\/details>\n<p><!-- FAQ 4 --><\/p>\n<details style=\"background: #f8faff; border: 1.5px solid #d0dde8; border-radius: 10px; padding: 0; overflow: hidden; width: 100%; max-width: 100%; min-width: 100%; box-sizing: border-box;\">\n<summary style=\"padding: 16px 20px; font-weight: bold; color: #0a2540; cursor: pointer; font-size: clamp(14px,1.5vw+10px,16px); list-style: none; display: flex; justify-content: space-between; align-items: center;\">Lazer kesim i\u00e7in \u00f6zel konfig\u00fcrasyonlar sunan, \u0130ngiltere'de g\u00fcvenilir bir vidal\u0131 hava kompres\u00f6r\u00fc tedarik\u00e7isini nerede bulabilirim?<br \/>\n<span style=\"font-size: 20px; color: #0d6efd; flex-shrink: 0; margin-left: 12px;\">\u25bc<\/span><\/summary>\n<div style=\"padding: 0 20px 18px 20px; color: #444; line-height: 1.9; font-size: clamp(13px,1.5vw+9px,15px);\">Ever Power, \u0130ngiltere'deki m\u00fc\u015fterilerine, k\u00f6kl\u00fc bir lojistik ve da\u011f\u0131t\u0131m a\u011f\u0131 arac\u0131l\u0131\u011f\u0131yla vidal\u0131 hava kompres\u00f6rleri ve komple bas\u0131n\u00e7l\u0131 hava ar\u0131tma sistemleri tedarik etmektedir. Teslimatlar, \u0130ngiltere'deki t\u00fcm b\u00fcy\u00fck limanlara ve \u0130ngiltere, \u0130sko\u00e7ya ve Galler genelinde do\u011frudan saha teslimat\u0131na yap\u0131lmaktad\u0131r. Standart d\u0131\u015f\u0131 bas\u0131n\u00e7lar, \u00f6zel k\u0131zak d\u00fczenleri, \u00e7ift voltajl\u0131 motorlar ve \u00f6zel filtreleme paketleri de dahil olmak \u00fczere \u00f6zel konfig\u00fcrasyonlar, tam UKCA dok\u00fcmantasyonu ile birlikte sunulmaktad\u0131r. Sorular\u0131n\u0131z i\u00e7in, saha bilgileriniz ve lazer kesim uygulamas\u0131 gereksinimlerinizle birlikte sales@air-compressor-for-laser-cutter.com adresinden bizimle ileti\u015fime ge\u00e7in.<\/div>\n<\/details>\n<p><!-- FAQ 5 --><\/p>\n<details style=\"background: #f8faff; border: 1.5px solid #d0dde8; border-radius: 10px; padding: 0; overflow: hidden; width: 100%; max-width: 100%; min-width: 100%; box-sizing: border-box;\">\n<summary style=\"padding: 16px 20px; font-weight: bold; color: #0a2540; cursor: pointer; font-size: clamp(14px,1.5vw+10px,16px); list-style: none; display: flex; justify-content: space-between; align-items: center;\">Birmingham veya Sheffield'deki lazer kesim i\u015fletmem i\u00e7in vidal\u0131 hava kompres\u00f6r\u00fc sistemi fiyat teklifini nas\u0131l alabilirim?<br \/>\n<span style=\"font-size: 20px; color: #0d6efd; flex-shrink: 0; margin-left: 12px;\">\u25bc<\/span><\/summary>\n<div style=\"padding: 0 20px 18px 20px; color: #444; line-height: 1.9; font-size: clamp(13px,1.5vw+9px,15px);\">Lazer makinenizin marka, model ve g\u00fc\u00e7 derecesi; kesti\u011finiz malzemeler ve kal\u0131nl\u0131klar\u0131; mevcut veya hedef \u00e7al\u0131\u015fma bas\u0131nc\u0131n\u0131z; g\u00fcnl\u00fck vardiya say\u0131s\u0131; ve lojistik maliyetinin dahil edilmesi i\u00e7in teslimat adresiniz gibi bilgileri i\u00e7eren bir e-posta ile do\u011frudan Ever Power sat\u0131\u015f ekibiyle sales@air-compressor-for-laser-cutter.com adresinden ileti\u015fime ge\u00e7in. Uygulama ekibi genellikle iki i\u015f g\u00fcn\u00fc i\u00e7inde \u00f6n boyutland\u0131rma \u00f6nerisi ve tahmini fiyat ile yan\u0131t verir, teknik gereksinimler onayland\u0131ktan sonra ise resmi bir ticari teklif sunulur.<\/div>\n<\/details>\n<p><!-- FAQ 6 --><\/p>\n<details style=\"background: #f8faff; border: 1.5px solid #d0dde8; border-radius: 10px; padding: 0; overflow: hidden; width: 100%; max-width: 100%; min-width: 100%; box-sizing: border-box;\">\n<summary style=\"padding: 16px 20px; font-weight: bold; color: #0a2540; cursor: pointer; font-size: clamp(14px,1.5vw+10px,16px); list-style: none; display: flex; justify-content: space-between; align-items: center;\">Birle\u015fik Krall\u0131k'taki lazer kesim \u00fcretim ortam\u0131nda kullan\u0131lan bir vidal\u0131 hava kompres\u00f6r\u00fc i\u00e7in hangi bak\u0131m program\u0131n\u0131 izlemeliyim?<br \/>\n<span style=\"font-size: 20px; color: #0d6efd; flex-shrink: 0; margin-left: 12px;\">\u25bc<\/span><\/summary>\n<div style=\"padding: 0 20px 18px 20px; color: #444; line-height: 1.9; font-size: clamp(13px,1.5vw+9px,15px);\">Lazer kesim hizmetinde kullan\u0131lan ya\u011f enjeksiyonlu vidal\u0131 hava kompres\u00f6r\u00fc i\u00e7in standart bir \u00f6nleyici bak\u0131m rejimi \u015funlar\u0131 i\u00e7ermelidir: haftal\u0131k ya\u011f seviyesi kontrol\u00fc, hava giri\u015f filtresi durumu ve yo\u011fu\u015fma tahliye fonksiyonunun kontrol\u00fc; her 2.000 saatte bir hava giri\u015f filtresi eleman\u0131n\u0131n de\u011fi\u015ftirilmesi ve ya\u011f numunesi analizi; her 6.000 ila 8.000 saatte bir tam ya\u011f de\u011fi\u015fimi, ya\u011f ay\u0131r\u0131c\u0131 eleman\u0131 ve ya\u011f filtresinin de\u011fi\u015ftirilmesi; her 12.000 saatte bir kay\u0131\u015f veya kaplin kontrol\u00fc (tahrik sistemine ba\u011fl\u0131 olarak). Adsorpsiyon kurutucu nem alma maddesi, giri\u015f nem ko\u015fullar\u0131na ba\u011fl\u0131 olarak genellikle 3 ila 5 y\u0131lda bir de\u011fi\u015ftirilir. Ever Power, \u0130ngiltere pazar\u0131na tedarik edilen t\u00fcm \u00fcniteler i\u00e7in bak\u0131m kitleri ve servis programlar\u0131 sa\u011flamaktad\u0131r.<\/div>\n<\/details>\n<p><!-- FAQ 7 --><\/p>\n<details style=\"background: #f8faff; border: 1.5px solid #d0dde8; border-radius: 10px; padding: 0; overflow: hidden; width: 100%; max-width: 100%; min-width: 100%; box-sizing: border-box;\">\n<summary style=\"padding: 16px 20px; font-weight: bold; color: #0a2540; cursor: pointer; font-size: clamp(14px,1.5vw+10px,16px); list-style: none; display: flex; justify-content: space-between; align-items: center;\">Birle\u015fik Krall\u0131k'taki \u00fcretim ortam\u0131nda paslanmaz \u00e7eli\u011fi lazerle keserken yard\u0131mc\u0131 gaz olarak nitrojen yerine ne zaman hava kullanmal\u0131y\u0131m?<br \/>\n<span style=\"font-size: 20px; color: #0d6efd; flex-shrink: 0; margin-left: 12px;\">\u25bc<\/span><\/summary>\n<div style=\"padding: 0 20px 18px 20px; color: #444; line-height: 1.9; font-size: clamp(13px,1.5vw+9px,15px);\">Y\u00fcksek bas\u0131n\u00e7l\u0131 s\u0131k\u0131\u015ft\u0131r\u0131lm\u0131\u015f hava, kesim y\u00fczeyinde k\u00fc\u00e7\u00fck bir oksidasyon tabakas\u0131n\u0131n tolere edilebildi\u011fi uygulamalarda paslanmaz \u00e7elik kesimi i\u00e7in uygundur; bu durum yap\u0131sal bile\u015fenlerde, end\u00fcstriyel muhafazalarda ve ikincil son i\u015flemin y\u00fczey tabakas\u0131n\u0131 kald\u0131rd\u0131\u011f\u0131 genel imalatta yayg\u0131nd\u0131r. Azot ise, t\u0131bbi alet braketleri, g\u0131da i\u015fleme ekipmanlar\u0131 veya mimari paneller gibi g\u00f6rsel veya i\u015flevsel nedenlerle parlak, oksitsiz bir kenar\u0131n gerekli oldu\u011fu durumlarda tercih edilir. S\u0131k\u0131\u015ft\u0131r\u0131lm\u0131\u015f havan\u0131n -\u00f6zellikle yerinde bir vidal\u0131 hava kompres\u00f6r\u00fc ile \u00fcretildi\u011finde- toplu s\u0131v\u0131 azot teslimat\u0131na g\u00f6re maliyet avantaj\u0131, toz boyama veya boyama gibi sonraki s\u00fcre\u00e7leri i\u00e7eren y\u00fcksek hacimli \u0130ngiliz imalat\u00e7\u0131lar\u0131 i\u00e7in hava ile kesmeyi cazip bir se\u00e7enek haline getirir.<\/div>\n<\/details>\n<\/div>\n<\/div>\n<p><!-- Footer CTA Banner --><\/p>\n<div style=\"width: 100%; max-width: 100%; min-width: 100%; background: linear-gradient(90deg,#0a2540 0%,#0d6efd 100%); border-radius: 14px; padding: 4% 3%; box-sizing: border-box; text-align: center; margin-bottom: 20px;\">\n<div style=\"color: #fff; font-size: clamp(18px,2.5vw+10px,26px); font-weight: 800; margin-bottom: 12px;\">Lazer kesim bas\u0131n\u00e7l\u0131 hava sisteminizi optimize etmeye haz\u0131r m\u0131s\u0131n\u0131z?<\/div>\n<p style=\"color: #b8d4f0; font-size: clamp(13px,1.5vw+9px,16px); margin: 0 0 22px 0; max-width: 620px; margin-left: auto; margin-right: auto;\">\u00dccretsiz uygulama boyutland\u0131rma dan\u0131\u015fmanl\u0131\u011f\u0131, UKCA uyumluluk k\u0131lavuzu ve \u0130ngiltere i\u00e7i teslimat i\u00e7in rekabet\u00e7i fiyatland\u0131rma i\u00e7in Ever Power m\u00fchendislik ekibiyle ileti\u015fime ge\u00e7in.<\/p>\n<p><a style=\"display: inline-block; background: #ffffff; color: #0a2540; font-size: clamp(14px,2vw+8px,17px); font-weight: bold; padding: 14px 40px; border-radius: 50px; text-decoration: none; box-shadow: 0 6px 22px rgba(0,0,0,0.25); transition: transform 0.2s, box-shadow 0.2s;\" href=\"mailto:sales@air-compressor-for-laser-cutter.com\">\ud83d\udce7 Hemen Fiyat Teklifi Al\u0131n<br \/>\n<\/a><\/p>\n<\/div>\n<p><!-- Attribution --><\/p>\n<p style=\"text-align: right; color: #aaa; font-size: 12px; margin-top: 10px;\">gzl taraf\u0131ndan d\u00fczenlendi<\/p>\n<\/div>","protected":false},"excerpt":{"rendered":"<p>Industrial Air Solutions \u00b7 UK Manufacturing Screw Air Compressor for Laser Cutting: A Complete Technical Guide for UK Industrial Operations Precision-engineered compressed air systems designed for fibre, CO\u2082 and mixed-gas laser cutting environments \u2014 from Birmingham fabrication shops to Sheffield aerospace suppliers. Laser cutting has become a cornerstone process across the United Kingdom&#8217;s advanced manufacturing [&hellip;]<\/p>","protected":false},"author":1,"featured_media":0,"comment_status":"closed","ping_status":"closed","sticky":false,"template":"","format":"standard","meta":{"_et_pb_use_builder":"","_et_pb_old_content":"","_et_gb_content_width":"","footnotes":""},"categories":[18],"tags":[],"class_list":["post-664","post","type-post","status-publish","format-standard","hentry","category-application"],"_links":{"self":[{"href":"https:\/\/air-compressor-for-laser-cutter.com\/tr\/wp-json\/wp\/v2\/posts\/664","targetHints":{"allow":["GET"]}}],"collection":[{"href":"https:\/\/air-compressor-for-laser-cutter.com\/tr\/wp-json\/wp\/v2\/posts"}],"about":[{"href":"https:\/\/air-compressor-for-laser-cutter.com\/tr\/wp-json\/wp\/v2\/types\/post"}],"author":[{"embeddable":true,"href":"https:\/\/air-compressor-for-laser-cutter.com\/tr\/wp-json\/wp\/v2\/users\/1"}],"replies":[{"embeddable":true,"href":"https:\/\/air-compressor-for-laser-cutter.com\/tr\/wp-json\/wp\/v2\/comments?post=664"}],"version-history":[{"count":2,"href":"https:\/\/air-compressor-for-laser-cutter.com\/tr\/wp-json\/wp\/v2\/posts\/664\/revisions"}],"predecessor-version":[{"id":715,"href":"https:\/\/air-compressor-for-laser-cutter.com\/tr\/wp-json\/wp\/v2\/posts\/664\/revisions\/715"}],"wp:attachment":[{"href":"https:\/\/air-compressor-for-laser-cutter.com\/tr\/wp-json\/wp\/v2\/media?parent=664"}],"wp:term":[{"taxonomy":"category","embeddable":true,"href":"https:\/\/air-compressor-for-laser-cutter.com\/tr\/wp-json\/wp\/v2\/categories?post=664"},{"taxonomy":"post_tag","embeddable":true,"href":"https:\/\/air-compressor-for-laser-cutter.com\/tr\/wp-json\/wp\/v2\/tags?post=664"}],"curies":[{"name":"wp","href":"https:\/\/api.w.org\/{rel}","templated":true}]}}