{"id":658,"date":"2026-07-24T05:22:09","date_gmt":"2026-07-24T05:22:09","guid":{"rendered":"https:\/\/air-compressor-for-laser-cutter.com\/?p=658"},"modified":"2026-07-24T08:46:27","modified_gmt":"2026-07-24T08:46:27","slug":"endustriyel-lazer-kesim-uygulamalari-icin-vidali-hava-kompresorleri-ingiltere-ureticileri-icin-eksiksiz-teknik-kilavuz","status":"publish","type":"post","link":"https:\/\/air-compressor-for-laser-cutter.com\/tr\/basvuru\/endustriyel-lazer-kesim-uygulamalari-icin-vidali-hava-kompresorleri-ingiltere-ureticileri-icin-eksiksiz-teknik-kilavuz\/","title":{"rendered":"End\u00fcstriyel ve Lazer Kesim Uygulamalar\u0131 i\u00e7in Vidal\u0131 Hava Kompres\u00f6rleri: \u0130ngiltere \u00dcreticileri i\u00e7in Eksiksiz Teknik K\u0131lavuz"},"content":{"rendered":"<div style=\"font-family: 'Segoe UI', Arial, sans-serif; color: #222; background: #f5f7fa; width: 100%; max-width: 100%; min-width: 100%; box-sizing: border-box; word-break: break-word; overflow-wrap: break-word;\">\n<p><!-- Hero Banner --><\/p>\n<div style=\"background: linear-gradient(135deg, #0a2540 0%, #1a4080 60%, #0d6efd 100%); width: 100%; max-width: 100%; min-width: 100%; padding: 38px 5% 32px 5%; box-sizing: border-box; position: relative; overflow: hidden;\">\n<div style=\"position: absolute; top: 0; right: 0; width: 320px; height: 320px; background: radial-gradient(circle, rgba(13,110,253,0.18) 0%, transparent 70%); border-radius: 50%;\"><\/div>\n<p style=\"color: #7eb8ff; font-size: clamp(11px, 1.5vw + 8px, 14px); letter-spacing: 2.5px; text-transform: uppercase; margin: 0 0 10px 0;\">Ever Power End\u00fcstriyel \u00c7\u00f6z\u00fcmler \u2014 Birle\u015fik Krall\u0131k<\/p>\n<h2 style=\"font-size: clamp(22px, 4vw + 10px, 44px); font-weight: 800; color: #ffffff; margin: 0 0 16px 0; line-height: 1.2; max-width: 820px;\">End\u00fcstriyel ve Lazer Kesim Uygulamalar\u0131 i\u00e7in Vidal\u0131 Hava Kompres\u00f6rleri: \u0130ngiltere \u00dcreticileri i\u00e7in Eksiksiz Teknik K\u0131lavuz<\/h2>\n<p style=\"color: #b8d4f8; font-size: clamp(14px, 2vw + 8px, 17px); max-width: 700px; margin: 0; line-height: 1.7;\">Birmingham'daki presleme tesislerinden Sheffield'deki imalat at\u00f6lyelerine kadar, bas\u0131n\u00e7l\u0131 hava modern \u0130ngiliz imalat\u0131n\u0131n g\u00f6r\u00fcnmez omurgas\u0131n\u0131 olu\u015fturmaktad\u0131r. Bu k\u0131lavuz, g\u00fcr\u00fclt\u00fcy\u00fc ortadan kald\u0131rarak ger\u00e7ek m\u00fchendislik bilgisi sunmaktad\u0131r.<\/p>\n<\/div>\n<p><!-- Intro + First Image Float + CTA --><\/p>\n<div style=\"background: #fff; width: 100%; max-width: 100%; min-width: 100%; box-sizing: border-box; padding: 32px 5% 28px 5%; border-bottom: 3px solid #e8f0fe;\">\n<div style=\"overflow: hidden; margin-bottom: 18px;\">\n<p style=\"font-size: clamp(14px, 2vw + 10px, 17px); line-height: 1.85; color: #333; margin: 0 0 14px 0;\"><span style=\"font-size: clamp(14px, 10px + 2vw, 18px);\"><img decoding=\"async\" class=\"\" style=\"float: left; width: 188px; max-width: 100%; margin: 0px 3% 2% 0px; border-radius: 10px; box-shadow: rgba(0, 0, 0, 0.18) 0px 6px 24px; display: block;\" src=\"https:\/\/air-compressor-for-laser-cutter.com\/wp-content\/uploads\/2026\/03\/ep-air-compressor-for-laser-cutter-1.webp\" alt=\"Lazer kesim ve imalat i\u00e7in end\u00fcstriyel vidal\u0131 hava kompres\u00f6r\u00fc\" height=\"188\" \/><\/span>Bas\u0131n\u00e7l\u0131 hava teknolojisi son yirmi y\u0131lda sessiz bir devrim ge\u00e7irdi ve bunun en belirgin \u00f6rne\u011fi \u0130ngiltere'nin Midlands, G\u00fcney Yorkshire b\u00f6lgelerindeki fabrika zeminlerinde ve Manchester'dan Bristol'e uzanan end\u00fcstriyel koridorlarda g\u00f6r\u00fcl\u00fcyor. Bir zamanlar s\u0131radan bir sat\u0131n alma olarak kabul edilen d\u00f6ner vidal\u0131 hava kompres\u00f6r\u00fc, bug\u00fcn \u00fcr\u00fcn kalitesini, enerji maliyetlerini ve operasyonel \u00e7al\u0131\u015fma s\u00fcresini do\u011frudan belirleyen hassas bir alettir. Lazer kesim, CNC i\u015fleme, y\u00fczey i\u015fleme veya \u015fi\u015feleme hatlar\u0131 \u00e7al\u0131\u015ft\u0131ran i\u015fletmeler i\u00e7in hava besleme sisteminizin performans\u0131 arka planda kalan bir konu de\u011fil; \u00f6n saflarda yer alan rekabet\u00e7i bir de\u011fi\u015fkendir.<\/p>\n<p style=\"font-size: clamp(14px, 2vw + 10px, 17px); line-height: 1.85; color: #333; margin: 0;\">D\u00f6ner vidal\u0131 hava kompres\u00f6rleri, geni\u015f bir bas\u0131n\u00e7 aral\u0131\u011f\u0131nda s\u00fcrekli ve titre\u015fimsiz hava ak\u0131\u015f\u0131 sa\u011flad\u0131klar\u0131 i\u00e7in end\u00fcstriyel tesislerde bask\u0131n konumdad\u0131r ve bu da onlar\u0131 pistonlu \u00fcnitelerden \u00e7ok daha uzun s\u00fcreli \u00fcretim i\u00e7in uygun hale getirir. Bu makale, modern de\u011fi\u015fken frekansl\u0131 vidal\u0131 hava kompres\u00f6rlerinin mekanik ve termodinamik d\u00fczeyde nas\u0131l \u00e7al\u0131\u015ft\u0131\u011f\u0131n\u0131, hangi malzeme ve m\u00fchendislik se\u00e7imlerinin iyi makineleri m\u00fckemmel makinelerden ay\u0131rd\u0131\u011f\u0131n\u0131 ve do\u011fru \u00f6zelliklerin \u0130ngiltere'deki belirli end\u00fcstriyel uygulamalara nas\u0131l uyarlanaca\u011f\u0131n\u0131 incelemektedir. \u0130ster ilk kurulum i\u00e7in kaynak ar\u0131yor olun ister eski bir tesisi y\u00fckseltiyor olun, buradaki teknik derinlik, kendinden emin ve bilin\u00e7li bir karar vermenizi desteklemeyi ama\u00e7lamaktad\u0131r.<\/p>\n<\/div>\n<div style=\"clear: both;\"><\/div>\n<p><!-- CTA Button --><\/p>\n<div style=\"text-align: center; margin-top: 22px;\"><a style=\"display: inline-block; background: linear-gradient(90deg, #0d6efd 0%, #0a58ca 100%); color: #fff; font-size: clamp(14px, 2vw + 9px, 17px); font-weight: bold; padding: 15px 44px; border-radius: 50px; text-decoration: none; letter-spacing: 1px; box-shadow: 0 4px 18px rgba(13,110,253,0.28); transition: box-shadow 0.2s; border: 2px solid transparent;\" href=\"mailto:sales@air-compressor-for-laser-cutter.com\">\ud83d\udce7 Fiyat Teklifi Al\u0131n \u2014 sales@air-compressor-for-laser-cutter.com<\/a><\/div>\n<\/div>\n<p><!-- Working Principle --><\/p>\n<div style=\"width: 100%; max-width: 100%; min-width: 100%; box-sizing: border-box; padding: 36px 5% 32px 5%; background: #f5f7fa;\">\n<h2 style=\"font-size: clamp(18px, 2.5vw + 10px, 28px); font-weight: bold; color: #0a2540; margin: 0 0 10px 0; border-left: 5px solid #0d6efd; padding-left: 16px;\">D\u00f6ner Vidal\u0131 Hava Kompres\u00f6r\u00fc Ger\u00e7ekte Nas\u0131l \u00c7al\u0131\u015f\u0131r?<\/h2>\n<p style=\"font-size: clamp(14px, 2vw + 10px, 17px); color: #555; line-height: 1.85; margin: 16px 0 18px 0;\">Her d\u00f6ner vidal\u0131 hava kompres\u00f6r\u00fcn\u00fcn kalbinde, i\u015flenmi\u015f bir g\u00f6vde i\u00e7inde hassas, temass\u0131z bir \u015fekilde d\u00f6nen, biri erkek (d\u0131\u015fb\u00fckey loblu) ve di\u011feri di\u015fi (i\u00e7b\u00fckey oluklu) olmak \u00fczere e\u015fle\u015ftirilmi\u015f bir \u00e7ift helisel rotor bulunur. Atmosferik hava filtrelenmi\u015f bir giri\u015ften girer ve rotorlar d\u00f6nd\u00fck\u00e7e, loblar aras\u0131 bo\u015fluk rotor ekseni boyunca s\u00fcrekli olarak azal\u0131r. Bu kademeli hacim azalmas\u0131, hapsedilmi\u015f havay\u0131 pistonlu kompres\u00f6rlerin karakteristik bas\u0131n\u00e7 dalgalanmalar\u0131 olmadan d\u00fczg\u00fcn bir \u015fekilde s\u0131k\u0131\u015ft\u0131r\u0131r. S\u0131k\u0131\u015ft\u0131rma d\u00f6ng\u00fcsel de\u011fil s\u00fcrekli oldu\u011fundan, \u00e7\u0131kan hava son derece kararl\u0131d\u0131r; bu da bas\u0131n\u00e7 dalgalanmas\u0131n\u0131n do\u011frudan \u0131\u015f\u0131n karars\u0131zl\u0131\u011f\u0131na ve kesim kenar\u0131 kalitesinin bozulmas\u0131na yol a\u00e7t\u0131\u011f\u0131 lazer kesim gibi i\u015flemler i\u00e7in kritik \u00f6neme sahiptir.<\/p>\n<p style=\"font-size: clamp(14px, 2vw + 10px, 17px); color: #555; line-height: 1.85; margin: 0 0 18px 0;\">End\u00fcstriyel alanda en yayg\u0131n kullan\u0131lan ya\u011f enjeksiyonlu vidal\u0131 kompres\u00f6rlerde, s\u0131k\u0131\u015ft\u0131rma odas\u0131n\u0131n giri\u015fine hassas bir \u015fekilde \u00f6l\u00e7\u00fclm\u00fc\u015f bir ya\u011f filmi verilir. Bu ya\u011flama ya\u011f\u0131 ayn\u0131 anda \u00fc\u00e7 amaca hizmet eder: rotorlar ve g\u00f6vde aras\u0131ndaki mikroskobik bo\u015fluklar\u0131 kapat\u0131r (hacimsel verimlili\u011fi azaltacak i\u00e7 s\u0131z\u0131nt\u0131y\u0131 \u00f6nler), rotor yataklar\u0131n\u0131 ya\u011flayarak bile\u015fen \u00f6mr\u00fcn\u00fc uzat\u0131r ve s\u0131k\u0131\u015ft\u0131rma \u0131s\u0131s\u0131n\u0131 emerek bir ya\u011f so\u011futucusuna ta\u015f\u0131r. S\u0131k\u0131\u015ft\u0131r\u0131lm\u0131\u015f hava-ya\u011f kar\u0131\u015f\u0131m\u0131, siklonik etki ve birle\u015ftirici filtre elemanlar\u0131n\u0131n birle\u015fimiyle ya\u011f ta\u015f\u0131n\u0131m\u0131n\u0131 tipik olarak 3 ppm'den daha d\u00fc\u015f\u00fck bir seviyeye indiren bir ay\u0131rma kab\u0131na bo\u015falt\u0131l\u0131r; bu seviye \u00e7o\u011fu end\u00fcstriyel i\u015flem i\u00e7in kabul edilebilir ve a\u015fa\u011f\u0131 ak\u0131\u015f filtrasyonu ile 0,01 ppm'ye kadar d\u00fc\u015f\u00fcr\u00fclebilir.<\/p>\n<p style=\"font-size: clamp(14px, 2vw + 10px, 17px); color: #555; line-height: 1.85; margin: 0;\">De\u011fi\u015fken frekansl\u0131 s\u00fcr\u00fcc\u00fc (VFD) teknolojisi, vidal\u0131 kompres\u00f6rlerin enerji ekonomisini d\u00f6n\u00fc\u015ft\u00fcrd\u00fc. Sabit h\u0131zda \u00e7al\u0131\u015f\u0131p fazla kapasiteyi tahliye etmek yerine, motor h\u0131z\u0131n\u0131 ger\u00e7ek hava talebine uyacak \u015fekilde ayarlayarak, VFD kompres\u00f6rler genellikle sabit h\u0131zl\u0131 muadillerine k\u0131yasla enerji t\u00fcketimini 25-451 TP5T oran\u0131nda azalt\u0131r. Bir hava kompres\u00f6r\u00fcn\u00fcn \u00f6m\u00fcr boyu maliyetinin 70-801 TP5T'sini elektrik olu\u015fturdu\u011fu g\u00f6z \u00f6n\u00fcne al\u0131nd\u0131\u011f\u0131nda, bu, \u00e7o\u011fu \u0130ngiltere sanayi tesisinde y\u00fcksek yat\u0131r\u0131m maliyetlerini iki ila \u00fc\u00e7 y\u0131l i\u00e7inde geri \u00f6deyen d\u00f6n\u00fc\u015ft\u00fcr\u00fcc\u00fc bir verimlilik art\u0131\u015f\u0131d\u0131r.<\/p>\n<\/div>\n<p><!-- Materials Section with Image --><\/p>\n<div style=\"width: 100%; max-width: 100%; min-width: 100%; box-sizing: border-box; padding: 36px 5% 32px 5%; background: #fff;\">\n<h2 style=\"font-size: clamp(18px, 2.5vw + 10px, 28px); font-weight: bold; color: #0a2540; margin: 0 0 10px 0; border-left: 5px solid #0d6efd; padding-left: 16px;\">G\u00fcvenilirli\u011fi Tan\u0131mlayan Temel Malzeme ve M\u00fchendislik Standartlar\u0131<\/h2>\n<div style=\"overflow: hidden; margin-bottom: 18px;\">\n<p><img decoding=\"async\" class=\"\" style=\"float: left; width: 205px; max-width: 340px; min-width: 0px; margin: 0px 24px 16px 0px; border-radius: 10px; box-shadow: rgba(10, 37, 64, 0.13) 0px 6px 24px; display: block; box-sizing: border-box;\" src=\"https:\/\/air-compressor-for-laser-cutter.com\/wp-content\/uploads\/2026\/03\/ep-Stainless-Steel-Precision-Filter-for-Air-Compressor-Post-processing-Equipment-1-1.webp\" alt=\"Hava kompres\u00f6r\u00fc son i\u015flem i\u00e7in paslanmaz \u00e7elik hassas filtre\" height=\"205\" \/><\/p>\n<p style=\"font-size: clamp(14px, 2vw + 10px, 17px); color: #555; line-height: 1.85; margin: 0 0 14px 0;\">Vidal\u0131 kompres\u00f6rlerin en \u00f6nemli bile\u015feni rotor \u00e7iftidir ve malzeme se\u00e7imi hem performans\u0131 hem de \u00f6mr\u00fc belirler. Rotor milleri ve lob profilleri i\u00e7in genellikle EN 10084 veya e\u015fde\u011fer \u0130ngiliz Standartlar\u0131na uygun, y\u00fcksek kaliteli \u00e7elik ala\u015f\u0131mlar\u0131 (sertle\u015ftirilmi\u015f ala\u015f\u0131ml\u0131 \u00e7elikler) kullan\u0131l\u0131r. Rotor y\u00fczeyi hassas bir \u015fekilde ta\u015flan\u0131r ve \u00fcst d\u00fczey \u00fcnitelerde s\u00fcrt\u00fcnmeyi azaltmak ve giri\u015f hava ak\u0131m\u0131ndaki mikro par\u00e7ac\u0131klar\u0131n neden oldu\u011fu hafif a\u015f\u0131nmaya kar\u015f\u0131 diren\u00e7 g\u00f6stermek i\u00e7in PTFE kompozit kaplama veya sert krom i\u015flemi uygulan\u0131r. G\u00f6vde d\u00f6k\u00fcm\u00fc genellikle ince taneli gri d\u00f6kme demir (BS EN 1561 s\u0131n\u0131f\u0131) veya daha k\u00fc\u00e7\u00fck \u00fcniteler i\u00e7in sfero d\u00f6k\u00fcm olup, \u00e7al\u0131\u015fma s\u0131cakl\u0131\u011f\u0131 aral\u0131\u011f\u0131 boyunca m\u00fckemmel s\u00f6n\u00fcmleme \u00f6zellikleri ve boyutsal kararl\u0131l\u0131k sa\u011flar.<\/p>\n<p style=\"font-size: clamp(14px, 2vw + 10px, 17px); color: #555; line-height: 1.85; margin: 0 0 14px 0;\">Ar\u0131zalar aras\u0131 ortalama s\u00fcreyi belirleyen en \u00f6nemli fakt\u00f6rlerden biri olan rulmanlar, tahrik ucunda a\u00e7\u0131l\u0131 temasl\u0131 bilyal\u0131 rulmanlar ve tahrik edilmeyen u\u00e7ta silindirik makaral\u0131 rulmanlard\u0131r ve rotor geometrisinin olu\u015fturdu\u011fu hem radyal hem de eksenel y\u00fckleri absorbe edecek \u015fekilde yap\u0131land\u0131r\u0131lm\u0131\u015ft\u0131r. S\u00fcrekli \u00e7al\u0131\u015fma s\u0131cakl\u0131klar\u0131nda termal genle\u015fmeyi kar\u015f\u0131lamak i\u00e7in C3 s\u0131n\u0131f\u0131 radyal bo\u015fluklu rulmanlar belirtilmi\u015ftir. Premium kompres\u00f6rler, \u00e7o\u011fu \u0130ngiliz imalat KOB\u0130'sinin operasyonel ritmine uygun d\u00f6rt ila be\u015f y\u0131ll\u0131k planl\u0131 bak\u0131m aral\u0131klar\u0131yla uyumlu olarak, 40.000 saati a\u015fan \u00f6m\u00fcr boyu ya\u011flama derecesine sahip SKF veya NSK rulmanlar\u0131 kullan\u0131r.<\/p>\n<p style=\"font-size: clamp(14px, 2vw + 10px, 17px); color: #555; line-height: 1.85; margin: 0;\">Hava tanklar\u0131, nem ay\u0131r\u0131c\u0131lar ve hassas filtreler de dahil olmak \u00fczere son i\u015flem bile\u015fenleri, kaliteli kurulumlarda 304 veya 316 paslanmaz \u00e7elik kullan\u0131r. Hava ar\u0131tma ekipmanlar\u0131nda paslanmaz \u00e7elik kullan\u0131m\u0131 sadece \u00fcst\u00fcn bir se\u00e7im de\u011fildir; aksi takdirde lazer kesim (par\u00e7ac\u0131klar\u0131n nozul kirlenmesine ve \u0131\u015f\u0131n sa\u00e7\u0131lmas\u0131na neden oldu\u011fu) veya ila\u00e7 ambalajlama (kirlenmenin yasal uyumsuzluk riski olu\u015fturdu\u011fu) gibi sonraki s\u00fcre\u00e7leri bozacak demir oksit kontaminasyonunu \u00f6nler. G\u00f6zlem camlar\u0131, tahliye vanalar\u0131 ve ba\u011flant\u0131 par\u00e7alar\u0131, mevcut tesisle uyumlulu\u011fu ve sigorta ve yasal denetim gerekliliklerine uyumu sa\u011flamak i\u00e7in \u0130ngiltere'de BS EN 161 ve PED 2014\/68\/EU standartlar\u0131na g\u00f6re belirtilmi\u015ftir.<\/p>\n<\/div>\n<div style=\"clear: both;\"><\/div>\n<\/div>\n<p><!-- Product Advantages Cards --><\/p>\n<div style=\"width: 100%; max-width: 100%; min-width: 100%; box-sizing: border-box; padding: 36px 5% 32px 5%; background: linear-gradient(135deg, #e8f0fe 0%, #f5f7fa 100%);\">\n<h2 style=\"font-size: clamp(18px, 2.5vw + 10px, 28px); font-weight: bold; color: #0a2540; margin: 0 0 24px 0; border-left: 5px solid #0d6efd; padding-left: 16px;\">Modern De\u011fi\u015fken Frekansl\u0131 Vidal\u0131 Kompres\u00f6rlerin Ba\u015fl\u0131ca Teknik Avantajlar\u0131<\/h2>\n<div style=\"display: flex; flex-wrap: wrap; gap: 18px; width: 100%; box-sizing: border-box;\">\n<div style=\"background: #fff; border-radius: 12px; padding: 3%; box-sizing: border-box; flex: 1 1 260px; min-width: 220px; max-width: 400px; box-shadow: 0 2px 12px rgba(10,37,64,0.08); border-top: 4px solid #0d6efd; transition: transform 0.2s, box-shadow 0.2s;\">\n<div style=\"font-size: 28px; margin-bottom: 10px;\">\u26a1<\/div>\n<p style=\"font-size: clamp(14px, 1.5vw + 9px, 16px); font-weight: bold; color: #0a2540; margin: 0 0 8px 0;\">\u00d6nemli Enerji Azalt\u0131m\u0131<\/p>\n<p style=\"font-size: clamp(13px, 1.5vw + 8px, 15px); color: #555; line-height: 1.75; margin: 0;\">VFD kontrol\u00fc, motorun yaln\u0131zca talebin gerektirdi\u011fi h\u0131zda \u00e7al\u0131\u015fmas\u0131na olanak tan\u0131yarak k\u0131smi y\u00fck d\u00f6nemlerinde enerji israf\u0131n\u0131 \u00f6nemli \u00f6l\u00e7\u00fcde azalt\u0131r. Tipik bir iki vardiyal\u0131 \u0130ngiltere \u00fcretim program\u0131nda, 37 kW'l\u0131k bir \u00fcnite ile sabit h\u0131zl\u0131 kompres\u00f6rlere k\u0131yasla y\u0131ll\u0131k 25.000-40.000 kWh enerji tasarrufu sa\u011flanabilir; bu da \u0130ngiltere'deki ge\u00e7erli end\u00fcstriyel elektrik tarifelerinde \u00f6nemli bir maliyet d\u00fc\u015f\u00fc\u015f\u00fc anlam\u0131na gelir.<\/p>\n<\/div>\n<div style=\"background: #fff; border-radius: 12px; padding: 3%; box-sizing: border-box; flex: 1 1 260px; min-width: 220px; max-width: 400px; box-shadow: 0 2px 12px rgba(10,37,64,0.08); border-top: 4px solid #28a745; transition: transform 0.2s, box-shadow 0.2s;\">\n<div style=\"font-size: 28px; margin-bottom: 10px;\">\ud83d\udcc8<\/div>\n<p style=\"font-size: clamp(14px, 1.5vw + 9px, 16px); font-weight: bold; color: #0a2540; margin: 0 0 8px 0;\">Tutarl\u0131 \u00c7\u0131k\u0131\u015f Bas\u0131nc\u0131<\/p>\n<p style=\"font-size: clamp(13px, 1.5vw + 8px, 15px); color: #555; line-height: 1.75; margin: 0;\">Vidal\u0131 kompres\u00f6rler, havay\u0131 neredeyse titre\u015fimsiz bir ak\u0131\u015f halinde iletir. Lazer kesim i\u00e7in bu, nozuldaki yard\u0131mc\u0131 gaz bas\u0131nc\u0131n\u0131n \u00b10,1 bar i\u00e7inde sabit kalmas\u0131 anlam\u0131na gelir ve sac metalde \u00e7apaklanmaya, c\u00fcruf yap\u0131\u015fmas\u0131na ve tutars\u0131z kesim geni\u015fli\u011fine neden olan mikro varyasyonlar\u0131 \u00f6nler. Pn\u00f6matik tak\u0131m ve otomasyon i\u00e7in, sabit bas\u0131n\u00e7 akt\u00fcat\u00f6r contalar\u0131n\u0131 korur ve tak\u0131m servis aral\u0131klar\u0131n\u0131 \u00f6nemli \u00f6l\u00e7\u00fcde uzat\u0131r.<\/p>\n<\/div>\n<div style=\"background: #fff; border-radius: 12px; padding: 3%; box-sizing: border-box; flex: 1 1 260px; min-width: 220px; max-width: 400px; box-shadow: 0 2px 12px rgba(10,37,64,0.08); border-top: 4px solid #fd7e14; transition: transform 0.2s, box-shadow 0.2s;\">\n<div style=\"font-size: 28px; margin-bottom: 10px;\">\ud83d\udd27<\/div>\n<p style=\"font-size: clamp(14px, 1.5vw + 9px, 16px); font-weight: bold; color: #0a2540; margin: 0 0 8px 0;\">D\u00fc\u015f\u00fck G\u00fcr\u00fclt\u00fc Seviyesi ve Kompakt Tasar\u0131m<\/p>\n<p style=\"font-size: clamp(13px, 1.5vw + 8px, 15px); color: #555; line-height: 1.75; margin: 0;\">Modern entegre kabinli vidal\u0131 kompres\u00f6rler, 2005 tarihli \u0130\u015fyerinde G\u00fcr\u00fclt\u00fc Kontrol\u00fc Y\u00f6netmeli\u011fi kapsam\u0131nda \u0130ngiltere i\u015fyeri g\u00fcr\u00fclt\u00fc y\u00f6netmeliklerinin s\u0131n\u0131rlar\u0131 i\u00e7inde, 62\u201372 dB(A) seviyesinde \u00e7al\u0131\u015fmaktad\u0131r. Genellikle 15\u201322 kW'l\u0131k \u00fcniteler i\u00e7in 1,0 m x 0,7 m'den daha k\u00fc\u00e7\u00fck olan kompakt kabin tasar\u0131m\u0131, zemin alan\u0131n\u0131n \u00e7ok de\u011ferli oldu\u011fu Bat\u0131 Midlands ve G\u00fcney Yorkshire'daki KOB\u0130 \u00fcretim tesislerinin tipik \u00f6zelli\u011fi olan, alan k\u0131s\u0131tlamas\u0131 olan at\u00f6lyeler i\u00e7in uygundur.<\/p>\n<\/div>\n<div style=\"background: #fff; border-radius: 12px; padding: 3%; box-sizing: border-box; flex: 1 1 260px; min-width: 220px; max-width: 400px; box-shadow: 0 2px 12px rgba(10,37,64,0.08); border-top: 4px solid #6f42c1; transition: transform 0.2s, box-shadow 0.2s;\">\n<div style=\"font-size: 28px; margin-bottom: 10px;\">\ud83d\udee1<\/div>\n<p style=\"font-size: clamp(14px, 1.5vw + 9px, 16px); font-weight: bold; color: #0a2540; margin: 0 0 8px 0;\">Uzun Hizmet \u00d6mr\u00fc<\/p>\n<p style=\"font-size: clamp(13px, 1.5vw + 8px, 15px); color: #555; line-height: 1.75; margin: 0;\">5 mikronun alt\u0131ndaki toleranslarla \u00fcretilen hassas e\u015fle\u015ftirilmi\u015f rotor profilleri, uzun ya\u011f de\u011fi\u015fim aral\u0131klar\u0131yla (sentetik ya\u011flay\u0131c\u0131larda 8.000-10.000 saat) birle\u015fti\u011finde, d\u00fczg\u00fcn bak\u0131m\u0131 yap\u0131lan vidal\u0131 kompres\u00f6rler rutin olarak 80.000 saat veya daha fazla faydal\u0131 \u00e7al\u0131\u015fma \u00f6mr\u00fcne ula\u015f\u0131r. Bu, 20.000-40.000 saatlik pistonlu kompres\u00f6rlerle kar\u015f\u0131la\u015ft\u0131r\u0131ld\u0131\u011f\u0131nda olduk\u00e7a avantajl\u0131d\u0131r ve \u0130ngiltere'deki sermaye yat\u0131r\u0131m de\u011ferlendirmeleri i\u00e7in toplam sahip olma maliyeti hesaplamalar\u0131n\u0131 \u00f6nemli \u00f6l\u00e7\u00fcde iyile\u015ftirir.<\/p>\n<\/div>\n<div style=\"background: #fff; border-radius: 12px; padding: 3%; box-sizing: border-box; flex: 1 1 260px; min-width: 220px; max-width: 400px; box-shadow: 0 2px 12px rgba(10,37,64,0.08); border-top: 4px solid #dc3545; transition: transform 0.2s, box-shadow 0.2s;\">\n<div style=\"font-size: 28px; margin-bottom: 10px;\">\ud83d\udcaa<\/div>\n<p style=\"font-size: clamp(14px, 1.5vw + 9px, 16px); font-weight: bold; color: #0a2540; margin: 0 0 8px 0;\">Ak\u0131ll\u0131 Kontrol ve \u0130zleme<\/p>\n<p style=\"font-size: clamp(13px, 1.5vw + 8px, 15px); color: #555; line-height: 1.75; margin: 0;\">Renkli dokunmatik ekran aray\u00fczlerine, ger\u00e7ek zamanl\u0131 enerji t\u00fcketimi \u00f6l\u00e7\u00fcm\u00fcne ve Modbus\/RS485 ba\u011flant\u0131s\u0131na sahip entegre PLC kontrol\u00f6rleri, uzaktan izleme ve fabrika SCADA sistemlerine entegrasyon imkan\u0131 sa\u011flar. Filtre de\u011fi\u015fimi, ya\u011f de\u011fi\u015fim aral\u0131klar\u0131 ve rulman durumu izleme i\u00e7in \u00f6ng\u00f6r\u00fcc\u00fc bak\u0131m uyar\u0131lar\u0131, reaktif bak\u0131m maliyetlerini azalt\u0131r ve \u0130ngiltere'deki \u00fcreticilerin End\u00fcstri 4.0 dijital fabrika giri\u015fimlerine olan artan ilgisiyle uyumludur.<\/p>\n<\/div>\n<div style=\"background: #fff; border-radius: 12px; padding: 3%; box-sizing: border-box; flex: 1 1 260px; min-width: 220px; max-width: 400px; box-shadow: 0 2px 12px rgba(10,37,64,0.08); border-top: 4px solid #17a2b8; transition: transform 0.2s, box-shadow 0.2s;\">\n<div style=\"font-size: 28px; margin-bottom: 10px;\">\ud83c\udf3f<\/div>\n<p style=\"font-size: clamp(14px, 1.5vw + 9px, 16px); font-weight: bold; color: #0a2540; margin: 0 0 8px 0;\">Is\u0131 Geri Kazan\u0131m\u0131 Entegrasyonu<\/p>\n<p style=\"font-size: clamp(13px, 1.5vw + 8px, 15px); color: #555; line-height: 1.75; margin: 0;\">Vidal\u0131 kompres\u00f6r\u00fcn t\u00fcketti\u011fi elektrik enerjisinin 801.500 tona kadar\u0131, ya\u011f so\u011futucu ve son so\u011futucu devreleri arac\u0131l\u0131\u011f\u0131yla faydal\u0131 \u0131s\u0131 olarak geri kazan\u0131labilir. \u0130ngiltere'deki tesisler, \u0131s\u0131 geri kazan\u0131m\u0131n\u0131 alan \u0131s\u0131tma veya proses s\u0131cak su sistemlerine entegre ederek, \u0131s\u0131 geri kazan\u0131m kurulumunun geri \u00f6deme s\u00fcresini 18 aydan daha k\u0131sa s\u00fcrede tamamlamakta ve bu da \u0130ngiltere'deki b\u00fcy\u00fck tedarik zinciri s\u00f6zle\u015fmeleri ve kamu sekt\u00f6r\u00fc sat\u0131n alma \u00e7er\u00e7eveleri taraf\u0131ndan giderek daha fazla talep edilen Net S\u0131f\u0131r karbon azaltma taahh\u00fctlerine anlaml\u0131 bir katk\u0131 sa\u011flamaktad\u0131r.<\/p>\n<\/div>\n<\/div>\n<\/div>\n<p><!-- Technical Specs Table --><\/p>\n<div style=\"width: 100%; max-width: 100%; min-width: 100%; box-sizing: border-box; padding: 36px 5% 32px 5%; background: #fff;\">\n<h2 style=\"font-size: clamp(18px, 2.5vw + 10px, 28px); font-weight: bold; color: #0a2540; margin: 0 0 20px 0; border-left: 5px solid #0d6efd; padding-left: 16px;\">Teknik Performans Parametreleri \u2014 Ever Power VFD Vidal\u0131 Hava Kompres\u00f6r\u00fc Serisi<\/h2>\n<div style=\"overflow-x: auto; width: 100%; max-width: 100%;\">\n<table style=\"width: 100%; border-collapse: collapse; font-size: clamp(12px, 1.5vw + 8px, 15px); background: #fff; min-width: 600px;\">\n<thead>\n<tr style=\"background: linear-gradient(90deg, #0a2540 0%, #0d6efd 100%); color: #fff;\">\n<th style=\"padding: 13px 10px; text-align: left; font-weight: 600; border: 1px solid #1a4080;\">Model<\/th>\n<th style=\"padding: 13px 10px; text-align: left; font-weight: 600; border: 1px solid #1a4080;\">Motor G\u00fcc\u00fc (kW)<\/th>\n<th style=\"padding: 13px 10px; text-align: left; font-weight: 600; border: 1px solid #1a4080;\">\u00c7al\u0131\u015fma Bas\u0131nc\u0131 (bar)<\/th>\n<th style=\"padding: 13px 10px; text-align: left; font-weight: 600; border: 1px solid #1a4080;\">Serbest Hava Teslimat\u0131 (m3\/dak)<\/th>\n<th style=\"padding: 13px 10px; text-align: left; font-weight: 600; border: 1px solid #1a4080;\">G\u00fcr\u00fclt\u00fc Seviyesi dB(A)<\/th>\n<th style=\"padding: 13px 10px; text-align: left; font-weight: 600; border: 1px solid #1a4080;\">Rotor Malzemesi<\/th>\n<th style=\"padding: 13px 10px; text-align: left; font-weight: 600; border: 1px solid #1a4080;\">S\u00fcr\u00fc\u015f Tipi<\/th>\n<th style=\"padding: 13px 10px; text-align: left; font-weight: 600; border: 1px solid #1a4080;\">So\u011futma Y\u00f6ntemi<\/th>\n<th style=\"padding: 13px 10px; text-align: left; font-weight: 600; border: 1px solid #1a4080;\">\u00c7\u0131k\u0131\u015f S\u0131cakl\u0131\u011f\u0131 (ortam s\u0131cakl\u0131\u011f\u0131n\u0131n \u00fczerinde)<\/th>\n<\/tr>\n<\/thead>\n<tbody>\n<tr style=\"background: #f5f7fa;\">\n<td style=\"padding: 11px 10px; border: 1px solid #dee2e6; color: #0a2540; font-weight: 600;\">EP-CM7.5VF<\/td>\n<td style=\"padding: 11px 10px; border: 1px solid #dee2e6; color: #333;\">7.5<\/td>\n<td style=\"padding: 11px 10px; border: 1px solid #dee2e6; color: #333;\">6 \u2013 10<\/td>\n<td style=\"padding: 11px 10px; border: 1px solid #dee2e6; color: #333;\">0,62 \u2013 1,1<\/td>\n<td style=\"padding: 11px 10px; border: 1px solid #dee2e6; color: #333;\">62<\/td>\n<td style=\"padding: 11px 10px; border: 1px solid #dee2e6; color: #333;\">Ala\u015f\u0131ml\u0131 \u00e7elik, PTFE kapl\u0131<\/td>\n<td style=\"padding: 11px 10px; border: 1px solid #dee2e6; color: #333;\">Direkt \/ Kay\u0131\u015fl\u0131 VFD<\/td>\n<td style=\"padding: 11px 10px; border: 1px solid #dee2e6; color: #333;\">Hava<\/td>\n<td style=\"padding: 11px 10px; border: 1px solid #dee2e6; color: #333;\">\u2264 10 \u00b0C<\/td>\n<\/tr>\n<tr style=\"background: #fff;\">\n<td style=\"padding: 11px 10px; border: 1px solid #dee2e6; color: #0a2540; font-weight: 600;\">EP-CM15VF<\/td>\n<td style=\"padding: 11px 10px; border: 1px solid #dee2e6; color: #333;\">15<\/td>\n<td style=\"padding: 11px 10px; border: 1px solid #dee2e6; color: #333;\">6 \u2013 13<\/td>\n<td style=\"padding: 11px 10px; border: 1px solid #dee2e6; color: #333;\">1.35 \u2013 2.4<\/td>\n<td style=\"padding: 11px 10px; border: 1px solid #dee2e6; color: #333;\">65<\/td>\n<td style=\"padding: 11px 10px; border: 1px solid #dee2e6; color: #333;\">Ala\u015f\u0131ml\u0131 \u00e7elik, sert krom<\/td>\n<td style=\"padding: 11px 10px; border: 1px solid #dee2e6; color: #333;\">Do\u011frudan VFD<\/td>\n<td style=\"padding: 11px 10px; border: 1px solid #dee2e6; color: #333;\">Hava<\/td>\n<td style=\"padding: 11px 10px; border: 1px solid #dee2e6; color: #333;\">\u2264 10 \u00b0C<\/td>\n<\/tr>\n<tr style=\"background: #f5f7fa;\">\n<td style=\"padding: 11px 10px; border: 1px solid #dee2e6; color: #0a2540; font-weight: 600;\">EP-CM30VF<\/td>\n<td style=\"padding: 11px 10px; border: 1px solid #dee2e6; color: #333;\">30<\/td>\n<td style=\"padding: 11px 10px; border: 1px solid #dee2e6; color: #333;\">6 \u2013 13<\/td>\n<td style=\"padding: 11px 10px; border: 1px solid #dee2e6; color: #333;\">3.0 \u2013 5.2<\/td>\n<td style=\"padding: 11px 10px; border: 1px solid #dee2e6; color: #333;\">68<\/td>\n<td style=\"padding: 11px 10px; border: 1px solid #dee2e6; color: #333;\">Ala\u015f\u0131ml\u0131 \u00e7elik, PTFE kapl\u0131<\/td>\n<td style=\"padding: 11px 10px; border: 1px solid #dee2e6; color: #333;\">Do\u011frudan VFD<\/td>\n<td style=\"padding: 11px 10px; border: 1px solid #dee2e6; color: #333;\">Hava + Ya\u011f devresi<\/td>\n<td style=\"padding: 11px 10px; border: 1px solid #dee2e6; color: #333;\">\u2264 12 \u00b0C<\/td>\n<\/tr>\n<tr style=\"background: #fff;\">\n<td style=\"padding: 11px 10px; border: 1px solid #dee2e6; color: #0a2540; font-weight: 600;\">EP-CM55VF<\/td>\n<td style=\"padding: 11px 10px; border: 1px solid #dee2e6; color: #333;\">55<\/td>\n<td style=\"padding: 11px 10px; border: 1px solid #dee2e6; color: #333;\">6 \u2013 13<\/td>\n<td style=\"padding: 11px 10px; border: 1px solid #dee2e6; color: #333;\">5,5 \u2013 9,8<\/td>\n<td style=\"padding: 11px 10px; border: 1px solid #dee2e6; color: #333;\">70<\/td>\n<td style=\"padding: 11px 10px; border: 1px solid #dee2e6; color: #333;\">Ala\u015f\u0131ml\u0131 \u00e7elik, sert krom<\/td>\n<td style=\"padding: 11px 10px; border: 1px solid #dee2e6; color: #333;\">Do\u011frudan VFD<\/td>\n<td style=\"padding: 11px 10px; border: 1px solid #dee2e6; color: #333;\">su<\/td>\n<td style=\"padding: 11px 10px; border: 1px solid #dee2e6; color: #333;\">\u2264 12 \u00b0C<\/td>\n<\/tr>\n<tr style=\"background: #f5f7fa;\">\n<td style=\"padding: 11px 10px; border: 1px solid #dee2e6; color: #0a2540; font-weight: 600;\">EP-CM90VF<\/td>\n<td style=\"padding: 11px 10px; border: 1px solid #dee2e6; color: #333;\">90<\/td>\n<td style=\"padding: 11px 10px; border: 1px solid #dee2e6; color: #333;\">6 \u2013 13<\/td>\n<td style=\"padding: 11px 10px; border: 1px solid #dee2e6; color: #333;\">9.0 \u2013 16.5<\/td>\n<td style=\"padding: 11px 10px; border: 1px solid #dee2e6; color: #333;\">72<\/td>\n<td style=\"padding: 11px 10px; border: 1px solid #dee2e6; color: #333;\">Ala\u015f\u0131ml\u0131 \u00e7elik, sert krom<\/td>\n<td style=\"padding: 11px 10px; border: 1px solid #dee2e6; color: #333;\">Do\u011frudan VFD<\/td>\n<td style=\"padding: 11px 10px; border: 1px solid #dee2e6; color: #333;\">su<\/td>\n<td style=\"padding: 11px 10px; border: 1px solid #dee2e6; color: #333;\">\u2264 12 \u00b0C<\/td>\n<\/tr>\n<tr style=\"background: #fff;\">\n<td style=\"padding: 11px 10px; border: 1px solid #dee2e6; color: #0a2540; font-weight: 600;\">EP-CM160PVF<\/td>\n<td style=\"padding: 11px 10px; border: 1px solid #dee2e6; color: #333;\">160<\/td>\n<td style=\"padding: 11px 10px; border: 1px solid #dee2e6; color: #333;\">6 \u2013 16<\/td>\n<td style=\"padding: 11px 10px; border: 1px solid #dee2e6; color: #333;\">16.0 \u2013 29.5<\/td>\n<td style=\"padding: 11px 10px; border: 1px solid #dee2e6; color: #333;\">74<\/td>\n<td style=\"padding: 11px 10px; border: 1px solid #dee2e6; color: #333;\">Ala\u015f\u0131ml\u0131 \u00e7elik, PTFE kapl\u0131<\/td>\n<td style=\"padding: 11px 10px; border: 1px solid #dee2e6; color: #333;\">PM Motor VFD<\/td>\n<td style=\"padding: 11px 10px; border: 1px solid #dee2e6; color: #333;\">su<\/td>\n<td style=\"padding: 11px 10px; border: 1px solid #dee2e6; color: #333;\">\u2264 10 \u00b0C<\/td>\n<\/tr>\n<\/tbody>\n<\/table>\n<\/div>\n<p style=\"font-size: clamp(11px, 1.3vw + 7px, 13px); color: #888; margin: 10px 0 0 0;\">T\u00fcm de\u011ferler ISO 1217 Ek C ko\u015fullar\u0131nda (20\u00b0C, 1 bar mutlak bas\u0131n\u00e7, %0,1 ba\u011f\u0131l nem) \u00f6l\u00e7\u00fclm\u00fc\u015ft\u00fcr. Ger\u00e7ek teslimat de\u011ferleri rak\u0131ma ve giri\u015f ko\u015fullar\u0131na g\u00f6re de\u011fi\u015fiklik g\u00f6sterebilir. Teknik \u00f6zellikler \u00f6nceden haber verilmeksizin revize edilebilir.<\/p>\n<\/div>\n<p><!-- Application Scenarios --><\/p>\n<div style=\"width: 100%; max-width: 100%; min-width: 100%; box-sizing: border-box; padding: 36px 5% 32px 5%; background: #f5f7fa;\">\n<h2 style=\"font-size: clamp(18px, 2.5vw + 10px, 28px); font-weight: bold; color: #0a2540; margin: 0 0 8px 0; border-left: 5px solid #0d6efd; padding-left: 16px;\">Birle\u015fik Krall\u0131k \u00dcretiminde End\u00fcstriyel Uygulama Senaryolar\u0131<\/h2>\n<p style=\"font-size: clamp(14px, 2vw + 10px, 17px); color: #555; line-height: 1.85; margin: 12px 0 24px 0;\">\u0130ngiliz sanayisinde bas\u0131n\u00e7l\u0131 hava uygulamalar\u0131n\u0131n \u00e7e\u015fitlili\u011fi dikkat \u00e7ekicidir. A\u015fa\u011f\u0131daki senaryolar, vidal\u0131 hava kompres\u00f6r\u00fc performans \u00f6zelliklerinin \u00fcr\u00fcn kalitesi, verimlilik ve i\u015fletme maliyeti \u00fczerinde en b\u00fcy\u00fck \u00f6l\u00e7\u00fclebilir etkiye sahip oldu\u011fu ortamlar\u0131 yans\u0131tmaktad\u0131r.<\/p>\n<div style=\"display: flex; flex-wrap: wrap; gap: 20px; width: 100%; box-sizing: border-box;\">\n<div style=\"background: #fff; border-radius: 12px; padding: 3%; flex: 1 1 280px; min-width: 240px; max-width: 420px; box-sizing: border-box; box-shadow: 0 2px 12px rgba(10,37,64,0.08); border-left: 5px solid #0d6efd; transition: transform 0.2s, box-shadow 0.2s;\">\n<p style=\"font-size: clamp(14px, 1.8vw + 9px, 17px); font-weight: bold; color: #0a2540; margin: 0 0 10px 0;\">\u26a1 Lazer Kesim ve Fiber Lazer Sistemleri<\/p>\n<p style=\"font-size: clamp(13px, 1.5vw + 8px, 15px); color: #555; line-height: 1.80; margin: 0;\">Lazer kesim, modern imalatta en zorlu bas\u0131n\u00e7l\u0131 hava uygulamalar\u0131ndan biridir. Birmingham'dan Leeds'e kadar sac metal i\u015fleme at\u00f6lyelerinde bask\u0131n teknoloji haline gelen fiber lazer kesim makineleri, yumu\u015fak \u00e7elik ve al\u00fcminyumu nitrojen veya oksijenden daha d\u00fc\u015f\u00fck maliyetle kesmek i\u00e7in birincil yard\u0131mc\u0131 gaz olarak temiz, kuru, y\u00fcksek bas\u0131n\u00e7l\u0131 bir hava ak\u0131m\u0131na ihtiya\u00e7 duyar. Hava, partik\u00fcller i\u00e7in ISO 8573-1 S\u0131n\u0131f 1 (0,1 mikron), nem i\u00e7in S\u0131n\u0131f 4 (\u00e7i\u011f noktas\u0131 \u2264 3\u00b0C) ve ya\u011f i\u00e7in S\u0131n\u0131f 1 (0,01 mg\/m\u00b3) filtrelenmelidir. Herhangi bir sapma kesim kalitesini d\u00fc\u015f\u00fcr\u00fcr, lazer memesini kirletir ve binlerce pounda mal olan kesim kafalar\u0131nda lens hasar\u0131 riskini art\u0131r\u0131r. So\u011futucu kurutucu ve \u00fc\u00e7 a\u015famal\u0131 filtrasyona sahip, do\u011fru \u015fekilde belirlenmi\u015f ve filtrelenmi\u015f bir vidal\u0131 hava kompres\u00f6r\u00fc, bu hava kalitesini g\u00fcvenilir bir \u015fekilde ve \u015fi\u015felenmi\u015f yard\u0131mc\u0131 gazlar\u0131n t\u00fcketim maliyetinin \u00e7ok daha d\u00fc\u015f\u00fck bir k\u0131sm\u0131yla sa\u011flar.<\/p>\n<\/div>\n<div style=\"background: #fff; border-radius: 12px; padding: 3%; flex: 1 1 280px; min-width: 240px; max-width: 420px; box-sizing: border-box; box-shadow: 0 2px 12px rgba(10,37,64,0.08); border-left: 5px solid #28a745; transition: transform 0.2s, box-shadow 0.2s;\">\n<p style=\"font-size: clamp(14px, 1.8vw + 9px, 17px); font-weight: bold; color: #0a2540; margin: 0 0 10px 0;\">\ud83d\udd27 CNC \u0130\u015fleme ve Tak\u0131m \u00dcretim Merkezleri<\/p>\n<p style=\"font-size: clamp(13px, 1.5vw + 8px, 15px); color: #555; line-height: 1.80; margin: 0;\">CNC i\u015fleme merkezleri, tak\u0131m de\u011fi\u015ftirme (pn\u00f6matik d\u00f6ner akt\u00fcat\u00f6rler), so\u011futma s\u0131v\u0131s\u0131 p\u00fcsk\u00fcrtme, hava p\u00fcsk\u00fcrtmeli tala\u015f temizleme ve s\u0131k\u0131\u015ft\u0131rma fikst\u00fcrleri i\u00e7in bas\u0131n\u00e7l\u0131 hava kullan\u0131r. Havac\u0131l\u0131k, t\u0131bbi cihaz ve otomotiv m\u00fc\u015fterilerine hizmet veren Sheffield'in geli\u015fmi\u015f \u00fcretim sekt\u00f6r\u00fc, bas\u0131n\u00e7l\u0131 havan\u0131n herhangi bir kesintisinin an\u0131nda ve maliyetli bir \u00fcretim durmas\u0131na neden oldu\u011fu \u00e7ok milli i\u015fleme h\u00fccreleri i\u015fletmektedir. \u00c7ift \u00fcniteli yedeklili\u011fe ve otomatik ge\u00e7i\u015fe sahip VFD vidal\u0131 kompres\u00f6rler, bu ortamlar\u0131n gerektirdi\u011fi 100% \u00e7al\u0131\u015fma d\u00f6ng\u00fcs\u00fc kullan\u0131labilirli\u011fini sa\u011flar. Bas\u0131n\u00e7 gereksinimleri tipik olarak 6 ila 8 bar aras\u0131nda de\u011fi\u015fir ve makine tak\u0131m\u0131 pn\u00f6matiklerini korumak i\u00e7in ya\u011f ta\u015f\u0131ma limitleri 1 mg\/m3'ten azd\u0131r.<\/p>\n<\/div>\n<div style=\"background: #fff; border-radius: 12px; padding: 3%; flex: 1 1 280px; min-width: 240px; max-width: 420px; box-sizing: border-box; box-shadow: 0 2px 12px rgba(10,37,64,0.08); border-left: 5px solid #fd7e14; transition: transform 0.2s, box-shadow 0.2s;\">\n<p style=\"font-size: clamp(14px, 1.8vw + 9px, 17px); font-weight: bold; color: #0a2540; margin: 0 0 10px 0;\">\ud83c\udfe2 Otomotiv Boya ve Y\u00fczey \u0130\u015flemleri<\/p>\n<p style=\"font-size: clamp(13px, 1.5vw + 8px, 15px); color: #555; line-height: 1.80; margin: 0;\">Midlands otomotiv koridorundaki (Coventry, Solihull, Derby) otomotiv kaporta at\u00f6lyeleri ve birinci kademe boya tedarik tesisleri, p\u00fcsk\u00fcrtme boyama, toz boyama ve y\u00fczey haz\u0131rlama kumlama i\u015flemleri i\u00e7in b\u00fcy\u00fck miktarlarda ya\u011fs\u0131z veya ultra d\u00fc\u015f\u00fck ya\u011fl\u0131 bas\u0131n\u00e7l\u0131 havaya ihtiya\u00e7 duymaktad\u0131r. Boya hatlar\u0131ndaki ya\u011f kirlili\u011fi, bal\u0131k g\u00f6z\u00fc kusurlar\u0131na ve yap\u0131\u015fma ar\u0131zalar\u0131na neden olur; bunlar\u0131n her ikisi de maliyetli yeniden i\u015fleme ve garanti taleplerine yol a\u00e7ar. Ya\u011fs\u0131z vidal\u0131 kompres\u00f6rler bu riski tamamen ortadan kald\u0131r\u0131rken, VFD kontrol\u00fc, d\u00fc\u015f\u00fck talep a\u015famalar\u0131nda enerji israf\u0131 olmadan, boya hatt\u0131 d\u00f6ng\u00fcs\u00fcn\u00fcn farkl\u0131 a\u015famalar\u0131nda gereken de\u011fi\u015fken ak\u0131\u015f h\u0131zlar\u0131n\u0131 sa\u011flar.<\/p>\n<\/div>\n<div style=\"background: #fff; border-radius: 12px; padding: 3%; flex: 1 1 280px; min-width: 240px; max-width: 420px; box-sizing: border-box; box-shadow: 0 2px 12px rgba(10,37,64,0.08); border-left: 5px solid #6f42c1; transition: transform 0.2s, box-shadow 0.2s;\">\n<p style=\"font-size: clamp(14px, 1.8vw + 9px, 17px); font-weight: bold; color: #0a2540; margin: 0 0 10px 0;\">\ud83d\udc8a G\u0131da ve \u0130\u00e7ecek \u0130\u015fleme<\/p>\n<p style=\"font-size: clamp(13px, 1.5vw + 8px, 15px); color: #555; line-height: 1.80; margin: 0;\">Birle\u015fik Krall\u0131k'taki g\u0131da \u00fcretimi - Somerset'teki s\u00fct \u00fcr\u00fcnleri i\u015fletmelerinden Yorkshire'daki turta ve pasta \u00fcretimine kadar - malzemelerin ta\u015f\u0131nmas\u0131, dolum makinelerinin \u00e7al\u0131\u015ft\u0131r\u0131lmas\u0131 ve ambalajlama i\u00e7in do\u011frudan \u00fcr\u00fcnle temas eden bas\u0131n\u00e7l\u0131 hava kullan\u0131m\u0131n\u0131 i\u00e7erir. G\u0131da s\u0131n\u0131f\u0131 bas\u0131n\u00e7l\u0131 hava, Birle\u015fik Krall\u0131k G\u0131da G\u00fcvenli\u011fi Yasas\u0131 ve do\u011frudan temas\u0131n ger\u00e7ekle\u015fti\u011fi yerlerde ya\u011f i\u00e7in ISO 8573-1 S\u0131n\u0131f 0 kapsam\u0131nda kat\u0131 hijyen standartlar\u0131n\u0131 kar\u015f\u0131lamal\u0131d\u0131r. S\u0131n\u0131f 0 sertifikas\u0131na sahip (ba\u011f\u0131ms\u0131z test laboratuvar\u0131 taraf\u0131ndan onaylanm\u0131\u015f, kendi beyan\u0131na dayanmayan) vidal\u0131 kompres\u00f6rler, Brexit sonras\u0131 Birle\u015fik Krall\u0131k g\u0131da g\u00fcvenli\u011fi y\u00f6neti\u015fim \u00e7er\u00e7eveleri alt\u0131nda faaliyet g\u00f6steren BRC, SALSA ve perakende tedarik zinciri denet\u00e7ileri taraf\u0131ndan istenen sertifikasyon belgelerini sa\u011flar.<\/p>\n<\/div>\n<div style=\"background: #fff; border-radius: 12px; padding: 3%; flex: 1 1 280px; min-width: 240px; max-width: 420px; box-sizing: border-box; box-shadow: 0 2px 12px rgba(10,37,64,0.08); border-left: 5px solid #17a2b8; transition: transform 0.2s, box-shadow 0.2s;\">\n<p style=\"font-size: clamp(14px, 1.8vw + 9px, 17px); font-weight: bold; color: #0a2540; margin: 0 0 10px 0;\">\ud83d\udc89 \u0130la\u00e7 ve T\u0131bbi Cihaz \u00dcretimi<\/p>\n<p style=\"font-size: clamp(13px, 1.5vw + 8px, 15px); color: #555; line-height: 1.80; margin: 0;\">Cambridge, Macclesfield ve County Durham \u00e7evresindeki ila\u00e7 \u00fcretim k\u00fcmesi, MHRA GMP y\u00f6nergeleri ve \u0130ngiltere d\u00fczenlemelerinde hala referans al\u0131nan AB GMP gerekliliklerine g\u00f6re faaliyet g\u00f6stermektedir. \u00dcretim ortamlar\u0131nda kullan\u0131lan bas\u0131n\u00e7l\u0131 hava, farmakope standartlar\u0131na uygun olarak \u00fcretilmeli, ar\u0131t\u0131lmal\u0131 ve izlenmelidir. Is\u0131 ile kurutma ve HEPA filtreleme \u00f6zelli\u011fine sahip ya\u011fs\u0131z vidal\u0131 kompres\u00f6rler, \u00e7i\u011f noktas\u0131, partik\u00fcl say\u0131s\u0131 ve ya\u011f buhar\u0131 i\u00e7in s\u00fcrekli \u00e7evrimi\u00e7i izleme ile birlikte, d\u00fczenleyici denet\u00e7ilerin gerektirdi\u011fi do\u011frulanm\u0131\u015f, denetlenebilir hava beslemesini sa\u011flar. Ever Power, anahtar teslimi bas\u0131n\u00e7l\u0131 hava sistemi tedarikinin bir par\u00e7as\u0131 olarak FAT\/SAT protokollerini i\u00e7eren GMP dok\u00fcmantasyon paketleri sunmaktad\u0131r.<\/p>\n<\/div>\n<div style=\"background: #fff; border-radius: 12px; padding: 3%; flex: 1 1 280px; min-width: 240px; max-width: 420px; box-sizing: border-box; box-shadow: 0 2px 12px rgba(10,37,64,0.08); border-left: 5px solid #dc3545; transition: transform 0.2s, box-shadow 0.2s;\">\n<p style=\"font-size: clamp(14px, 1.8vw + 9px, 17px); font-weight: bold; color: #0a2540; margin: 0 0 10px 0;\">\ud83d\udd0c Elektronik ve PCB Montaj\u0131<\/p>\n<p style=\"font-size: clamp(13px, 1.5vw + 8px, 15px); color: #555; line-height: 1.80; margin: 0;\">Bristol, Cambridge ve Thames Vadisi \u00e7evresindeki teknoloji k\u00fcmelerinde bulunan PCB \u00fcretimi, SMD lehimleme hatlar\u0131 ve hassas elektromekanik montaj dahil olmak \u00fczere elektronik montaj i\u015flemleri, bile\u015fen yerle\u015ftirme, koruyucu kaplama ve test ekipmanlar\u0131 i\u00e7in ultra temiz, ultra kuru bas\u0131n\u00e7l\u0131 hava gerektirir. Hava hatlar\u0131ndaki nem, \u00e7\u0131plak PCB y\u00fczeylerinde lehim kusurlar\u0131na ve korozyona neden olurken, ya\u011f kirlili\u011fi koruyucu kaplama yap\u0131\u015fmas\u0131 i\u00e7in felaket niteli\u011findedir. -40\u00b0C veya daha d\u00fc\u015f\u00fck \u00e7i\u011flenme noktas\u0131 gereksinimleri, vidal\u0131 kompres\u00f6r\u00fcn \u00e7\u0131k\u0131\u015f\u0131nda kurutucu (adsorpsiyon) cihazlar\u0131n\u0131n kullan\u0131lmas\u0131n\u0131 zorunlu k\u0131lar ve 0,01 mikrona kadar partik\u00fcl filtrasyonu, otomatik montaj ekipmanlar\u0131ndaki hassas ak\u0131\u015f kontrol vanalar\u0131n\u0131 ve solenoidleri korur.<\/p>\n<\/div>\n<\/div>\n<\/div>\n<p><!-- Gas Tank Image Float --><\/p>\n<div style=\"width: 100%; max-width: 100%; min-width: 100%; box-sizing: border-box; padding: 36px 5% 28px 5%; background: #fff;\">\n<h2 style=\"font-size: clamp(18px, 2.5vw + 10px, 28px); font-weight: bold; color: #0a2540; margin: 0 0 18px 0; border-left: 5px solid #0d6efd; padding-left: 16px;\">Hava Al\u0131c\u0131 ve Son \u0130\u015flem Ekipmanlar\u0131: G\u00f6zden Ka\u00e7an Sistem Bile\u015fenleri<\/h2>\n<div style=\"overflow: hidden;\">\n<p><img decoding=\"async\" class=\"\" style=\"float: left; width: 229px; max-width: 340px; min-width: 0px; margin: 0px 24px 16px 0px; border-radius: 10px; box-shadow: rgba(10, 37, 64, 0.13) 0px 6px 24px; display: block; box-sizing: border-box;\" src=\"https:\/\/air-compressor-for-laser-cutter.com\/wp-content\/uploads\/2026\/03\/ep-Stainless-Steel-Gas-Tank-for-Air-Compressor-Post-processing-Equipment-1-1.webp\" alt=\"Vidal\u0131 hava kompres\u00f6r\u00fc sistemi i\u00e7in paslanmaz \u00e7elik hava tank\u0131\" height=\"229\" \/><\/p>\n<p style=\"font-size: clamp(14px, 2vw + 10px, 17px); color: #555; line-height: 1.85; margin: 0 0 14px 0;\">Vidal\u0131 kompres\u00f6r\u00fcn kendisi, d\u00fczg\u00fcn tasarlanm\u0131\u015f bir bas\u0131n\u00e7l\u0131 hava sisteminin yaln\u0131zca bir unsurudur. Hava tank\u0131 (bas\u0131n\u00e7l\u0131 kap), talepteki ani art\u0131\u015flar\u0131 dengeleyerek ve kompres\u00f6r\u00fcn dalgalanan y\u00fckler alt\u0131nda a\u015f\u0131r\u0131 \u00e7al\u0131\u015fmas\u0131n\u0131 \u00f6nleyen bir rezerv sa\u011flayarak kritik bir tamponlama rol\u00fc oynar. Do\u011fru boyutland\u0131r\u0131lm\u0131\u015f tanklar (genellikle litre cinsinden ifade edilen kompres\u00f6r\u00fcn serbest hava da\u011f\u0131t\u0131m\u0131n\u0131n 6-10 kat\u0131), sabit h\u0131zl\u0131 makinelerde motorun \u00e7al\u0131\u015fma s\u0131kl\u0131\u011f\u0131n\u0131 azalt\u0131r ve VFD \u00fcnitelerinin en verimli h\u0131z aral\u0131\u011f\u0131nda daha uzun s\u00fcre \u00e7al\u0131\u015fmas\u0131na olanak tan\u0131r.<\/p>\n<p style=\"font-size: clamp(14px, 2vw + 10px, 17px); color: #555; line-height: 1.85; margin: 0 0 14px 0;\">Ever Power taraf\u0131ndan tedarik edilen paslanmaz \u00e7elik al\u0131c\u0131lar, nemli \u0130ngiltere ortam ko\u015fullar\u0131nda ve proses havas\u0131 kalitesinin korunmas\u0131 gereken durumlarda karbon \u00e7elik alternatiflerine g\u00f6re \u00f6nemli avantajlar sa\u011flar. Karbon \u00e7elik al\u0131c\u0131larda zamanla hava beslemesini kirleten i\u00e7 paslanma meydana gelir; bu kirlilik, a\u015fa\u011f\u0131 ak\u0131\u015f filtreleme elemanlar\u0131n\u0131 a\u015farak filtre de\u011fi\u015ftirme aral\u0131klar\u0131n\u0131 h\u0131zland\u0131r\u0131r ve t\u00fcm sistemin bak\u0131m maliyetini art\u0131r\u0131r. 316 kalite paslanmaz \u00e7elik al\u0131c\u0131, 20-30 y\u0131ll\u0131k kullan\u0131m \u00f6mr\u00fc boyunca bu s\u00fcrekli maliyet ve kalite riskini etkili bir \u015fekilde ortadan kald\u0131ran tek seferlik bir yat\u0131r\u0131m avantaj\u0131 sunar.<\/p>\n<p style=\"font-size: clamp(14px, 2vw + 10px, 17px); color: #555; line-height: 1.85; margin: 0;\">Birle\u015fik Krall\u0131k bas\u0131n\u00e7l\u0131 ekipman y\u00f6netmelikleri, belirli hacim\/bas\u0131n\u00e7 e\u015fiklerinin \u00fczerindeki hava tanklar\u0131n\u0131n PED 2014\/68\/EU (Birle\u015fik Krall\u0131k yasalar\u0131nda UKPED olarak korunmu\u015ftur) standard\u0131na g\u00f6re \u00fcretilmesini ve 2021 sonras\u0131nda UKCA uygunluk i\u015faretiyle i\u015faretlenmesini gerektirmektedir. Birle\u015fik Krall\u0131k pazar\u0131 i\u00e7in tedarik edilen t\u00fcm Ever Power tanklar\u0131 UKCA sertifikas\u0131na sahiptir ve Bas\u0131n\u00e7 Sistemleri G\u00fcvenlik Y\u00f6netmeli\u011fi 2000 (PSSR 2000) kapsam\u0131nda yasal Yaz\u0131l\u0131 \u0130nceleme Plan\u0131 i\u00e7in gerekli belgelerle birlikte sunulmaktad\u0131r. Bu sayede Birle\u015fik Krall\u0131k al\u0131c\u0131lar\u0131, \u0130ngiliz d\u00fczenleyici gerekliliklerine a\u015fina olmayan yurtd\u0131\u015f\u0131 tedarik\u00e7ilerden uygunluk belgelerini do\u011frulamak gibi idari bir y\u00fckten kurtulmaktad\u0131r.<\/p>\n<\/div>\n<div style=\"clear: both;\"><\/div>\n<\/div>\n<p><!-- Ever Power Factory Module --><\/p>\n<div style=\"width: 100%; max-width: 100%; min-width: 100%; box-sizing: border-box; padding: 36px 5% 32px 5%; background: linear-gradient(135deg, #0a2540 0%, #1a3a6a 100%);\">\n<h2 style=\"font-size: clamp(18px, 2.5vw + 10px, 28px); font-weight: bold; color: #fff; margin: 0 0 10px 0; border-left: 5px solid #0d6efd; padding-left: 16px;\">Ever Power: \u00dcretim Yetene\u011fi ve \u00d6zelle\u015ftirme Hizmetleri<\/h2>\n<p style=\"font-size: clamp(14px, 2vw + 10px, 17px); color: #b8d4f8; line-height: 1.85; margin: 14px 0 18px 0;\">Ever Power, 3 mikron hassasiyetinde rotor profil toleranslar\u0131 elde edebilen CNC i\u015fleme merkezleri, koordinat \u00f6l\u00e7\u00fcm makineleri ve rotor ta\u015flama ekipmanlar\u0131yla donat\u0131lm\u0131\u015f hassas bir \u00fcretim tesisine sahiptir. ISO 9001:2015 kalite y\u00f6netim sistemimizle onaylanan bu \u00fcretim hassasiyeti seviyesi, kompres\u00f6rlerimizi kalabal\u0131k bir pazardaki s\u0131radan \u00fcr\u00fcnlerden ay\u0131ran performans tutarl\u0131l\u0131\u011f\u0131n\u0131n temelini olu\u015fturmaktad\u0131r. M\u00fchendislik ekibimiz, lazer kesim, ila\u00e7 \u00fcretimi, g\u0131da i\u015fleme ve otomotiv sekt\u00f6rlerinde bas\u0131n\u00e7l\u0131 hava konusunda derin uygulama bilgisine sahiptir ve bu sayede katalog \u00fcr\u00fcnlerini fiyatland\u0131rmak yerine do\u011fru makine konfig\u00fcrasyonunu belirleyebiliyoruz.<\/p>\n<p style=\"font-size: clamp(14px, 2vw + 10px, 17px); color: #b8d4f8; line-height: 1.85; margin: 0 0 18px 0;\">\u00d6zelle\u015ftirme, Ever Power'da ger\u00e7ek bir temel yetkinliktir, pazarlama iddias\u0131 de\u011fil. \u00dcr\u00fcn geli\u015ftirme ekibimiz, \u00f6zel motor voltajlar\u0131n\u0131 (ihracat pazarlar\u0131 ve \u0130ngiltere'deki \u00f6zel tesis gereksinimleri i\u00e7in), 40 bar'a kadar standart d\u0131\u015f\u0131 bas\u0131n\u00e7 aral\u0131klar\u0131n\u0131, m\u00fc\u015fteri kurumsal standartlar\u0131na uygun kanopi renk e\u015fle\u015ftirmesini, m\u00fc\u015fteri taraf\u0131ndan belirtilen sens\u00f6rlerin ve IO mod\u00fcllerinin kontrol sistemine entegrasyonunu ve kurutucular, filtreler, al\u0131c\u0131 ve boru tesisat\u0131 \u00e7er\u00e7evesi dahil olmak \u00fczere komple anahtar teslimi paket montaj\u0131n\u0131, tek bir fabrika testinden ge\u00e7irilmi\u015f \u00fcnite olarak saha ba\u011flant\u0131s\u0131na haz\u0131r \u015fekilde ger\u00e7ekle\u015ftirir. \u00d6zel \u00fcniteler i\u00e7in teslim s\u00fcreleri, sipari\u015f onay\u0131ndan itibaren genellikle 4-6 haftad\u0131r ve lojistik ekibimiz, deniz ta\u015f\u0131mac\u0131l\u0131\u011f\u0131, g\u00fcmr\u00fckleme ve \u0130ngiltere i\u00e7i teslimat\u0131, herhangi bir posta koduna y\u00f6netilen bir hizmet olarak sunar; \u0130ngiltere limanlar\u0131na kap\u0131dan kap\u0131ya transit s\u00fcreleri ortalama 25-30 g\u00fcnd\u00fcr.<\/p>\n<p style=\"font-size: clamp(14px, 2vw + 10px, 17px); color: #b8d4f8; line-height: 1.85; margin: 0 0 24px 0;\">Tedarik zincirimiz, temel bile\u015fenler i\u00e7in dikey olarak entegre edilmi\u015ftir; rotorlar, g\u00f6vdeler ve kontrol panelleri \u015firket i\u00e7inde \u00fcretilirken, elektrik motorlar\u0131, rulmanlar ve VFD invert\u00f6rleri, kalite performans verileri ba\u011f\u0131ms\u0131z olarak denetlenebilen, k\u00fcresel olarak tan\u0131nm\u0131\u015f markalardan temin edilmektedir. Bu tedarik zinciri \u015feffafl\u0131\u011f\u0131, \u00c7evresel, Sosyal ve Y\u00f6neti\u015fim (ESG) \u00e7er\u00e7eveleri kapsam\u0131nda durum tespiti yapan ve ikinci kademe tedarik zinciri g\u00f6r\u00fcn\u00fcrl\u00fc\u011f\u00fcn\u00fc standart uygulama olarak gerektiren \u0130ngiltere'deki sat\u0131n alma y\u00f6neticileri i\u00e7in giderek daha \u00f6nemli hale gelmektedir.<\/p>\n<p><img loading=\"lazy\" decoding=\"async\" class=\"alignnone size-full wp-image-371\" src=\"https:\/\/air-compressor-for-laser-cutter.com\/wp-content\/uploads\/2026\/03\/ep-Stainless-Steel-Gas-Tank-for-Air-Compressor-Post-processing-Equipment-2-1.webp\" alt=\"hava kompres\u00f6r\u00fc\" width=\"1680\" height=\"608\" srcset=\"https:\/\/air-compressor-for-laser-cutter.com\/wp-content\/uploads\/2026\/03\/ep-Stainless-Steel-Gas-Tank-for-Air-Compressor-Post-processing-Equipment-2-1.webp 1680w, https:\/\/air-compressor-for-laser-cutter.com\/wp-content\/uploads\/2026\/03\/ep-Stainless-Steel-Gas-Tank-for-Air-Compressor-Post-processing-Equipment-2-1-1280x463.webp 1280w, https:\/\/air-compressor-for-laser-cutter.com\/wp-content\/uploads\/2026\/03\/ep-Stainless-Steel-Gas-Tank-for-Air-Compressor-Post-processing-Equipment-2-1-980x355.webp 980w, https:\/\/air-compressor-for-laser-cutter.com\/wp-content\/uploads\/2026\/03\/ep-Stainless-Steel-Gas-Tank-for-Air-Compressor-Post-processing-Equipment-2-1-480x174.webp 480w\" sizes=\"(min-width: 0px) and (max-width: 480px) 480px, (min-width: 481px) and (max-width: 980px) 980px, (min-width: 981px) and (max-width: 1280px) 1280px, (min-width: 1281px) 1680px, 100vw\" \/><\/p>\n<div style=\"text-align: center; margin-top: 8px;\"><a style=\"display: inline-block; background: linear-gradient(90deg, #0d6efd 0%, #38b6ff 100%); color: #fff; font-size: clamp(14px, 2vw + 9px, 17px); font-weight: bold; padding: 15px 44px; border-radius: 50px; text-decoration: none; letter-spacing: 1px; box-shadow: 0 4px 18px rgba(56,182,255,0.35);\" href=\"mailto:sales@air-compressor-for-laser-cutter.com\">\ud83d\udce7 \u00d6zel Fiyat Teklifi Al\u0131n \u2014 sales@air-compressor-for-laser-cutter.com<\/a><\/div>\n<\/div>\n<p><!-- Featured Products --><\/p>\n<div style=\"width: 100%; max-width: 100%; min-width: 100%; box-sizing: border-box; padding: 36px 5% 32px 5%; background: #f5f7fa;\">\n<h2 style=\"font-size: clamp(18px, 2.5vw + 10px, 28px); font-weight: bold; color: #0a2540; margin: 0 0 20px 0; border-left: 5px solid #0d6efd; padding-left: 16px;\">Ever Power'dan \u00d6ne \u00c7\u0131kan \u00dcr\u00fcnler<\/h2>\n<div style=\"display: flex; flex-wrap: wrap; gap: 22px; width: 100%; box-sizing: border-box;\">\n<div style=\"background: #fff; border-radius: 14px; padding: 3%; flex: 1 1 280px; min-width: 240px; max-width: 460px; box-sizing: border-box; box-shadow: 0 4px 18px rgba(10,37,64,0.10); border-top: 5px solid #0d6efd; transition: transform 0.2s, box-shadow 0.2s;\">\n<p style=\"font-size: clamp(14px, 1.8vw + 9px, 17px); font-weight: bold; color: #0a2540; margin: 0 0 10px 0;\">\u26a1 CM160PVF De\u011fi\u015fken Frekansl\u0131 Vidal\u0131 Hava Kompres\u00f6r\u00fc<\/p>\n<p style=\"font-size: clamp(13px, 1.5vw + 8px, 15px); color: #555; line-height: 1.80; margin: 0 0 14px 0;\">CM160PVF, 6 ila 16 bar bas\u0131n\u00e7larda 29,5 m\u00b3\/dak'ya kadar debi sa\u011flayan, y\u00fcksek kapasiteli, kal\u0131c\u0131 m\u0131knat\u0131sl\u0131, de\u011fi\u015fken frekansl\u0131 s\u00fcr\u00fcc\u00fcl\u00fc (VFD) amiral gemisi kompres\u00f6r\u00fcm\u00fczd\u00fcr. B\u00fcy\u00fck \u00f6l\u00e7ekli \u00fcretim operasyonlar\u0131 i\u00e7in tasarlanan bu kompres\u00f6r, IE5 s\u0131n\u0131f\u0131 motor verimlili\u011fini, tipik k\u0131smi y\u00fck \u00e7al\u0131\u015fma d\u00f6ng\u00fclerinde sabit h\u0131zl\u0131 e\u015fde\u011ferlerine k\u0131yasla 40%'yi a\u015fan enerji tasarrufu sa\u011flayan geli\u015fmi\u015f bir invert\u00f6rle birle\u015ftirir. S\u0131cak tesis ortamlar\u0131nda tutarl\u0131 \u00e7\u0131k\u0131\u015f s\u0131cakl\u0131klar\u0131 i\u00e7in su so\u011futmal\u0131 olan bu kompres\u00f6r, y\u00fcksek \u00fcretim kapasiteli lazer kesim tesisleri ve \u00e7ok makineli fabrika ortamlar\u0131 i\u00e7in uygundur.<\/p>\n<p><a style=\"display: inline-block; background: #0d6efd; color: #fff; font-size: clamp(12px, 1.5vw + 8px, 14px); font-weight: 600; padding: 10px 24px; border-radius: 30px; text-decoration: none; margin-top: 4px;\" href=\"https:\/\/air-compressor-for-laser-cutter.com\/tr\/urun\/cm160pvf-degisken-frekansli-vidali-hava-kompresoru\/\">CM160PVF Detaylar\u0131n\u0131 G\u00f6r\u00fcnt\u00fcle \u2192<\/a><\/p>\n<\/div>\n<div style=\"background: #fff; border-radius: 14px; padding: 3%; flex: 1 1 280px; min-width: 240px; max-width: 460px; box-sizing: border-box; box-shadow: 0 4px 18px rgba(10,37,64,0.10); border-top: 5px solid #28a745; transition: transform 0.2s, box-shadow 0.2s;\">\n<p style=\"font-size: clamp(14px, 1.8vw + 9px, 17px); font-weight: bold; color: #0a2540; margin: 0 0 10px 0;\">\ud83d\udcc8 De\u011fi\u015fken H\u0131zl\u0131 Tahrikli Vidal\u0131 Hava Kompres\u00f6r\u00fc<\/p>\n<p style=\"font-size: clamp(13px, 1.5vw + 8px, 15px); color: #555; line-height: 1.80; margin: 0 0 14px 0;\">De\u011fi\u015fken H\u0131zl\u0131 Tahrikli Vidal\u0131 Hava Kompres\u00f6r\u00fc, 7,5 kW ile 110 kW aras\u0131nda g\u00fc\u00e7 ve 6 ile 13 bar aras\u0131nda bas\u0131n\u00e7 se\u00e7enekleriyle sunulan, orta s\u0131n\u0131f \u00fcr\u00fcnlerimiz aras\u0131nda en \u00e7ok y\u00f6nl\u00fc olan\u0131d\u0131r. Kapal\u0131 devre PID bas\u0131n\u00e7 kontrol\u00fc, talep dalgalanmalar\u0131ndan ba\u011f\u0131ms\u0131z olarak \u00b10,1 bar hassasiyetle bas\u0131n\u00e7 da\u011f\u0131t\u0131m\u0131n\u0131 sa\u011flar; bu da onu, kesim kalitesinin bas\u0131n\u00e7 de\u011fi\u015fimine duyarl\u0131 oldu\u011fu lazer kesim sistemleri i\u00e7in son derece uygun hale getirir. Kompakt g\u00f6vde tasar\u0131m\u0131, kompres\u00f6r\u00fc, hava so\u011futmal\u0131 so\u011futucu kurutucuyu, \u00f6n filtreyi ve hassas filtreyi tek bir \u00fcnitede birle\u015ftirerek sahada h\u0131zl\u0131 devreye alma imkan\u0131 sunar.<\/p>\n<p><a style=\"display: inline-block; background: #28a745; color: #fff; font-size: clamp(12px, 1.5vw + 8px, 14px); font-weight: 600; padding: 10px 24px; border-radius: 30px; text-decoration: none; margin-top: 4px;\" href=\"https:\/\/air-compressor-for-laser-cutter.com\/tr\/urun\/degisken-hizli-tahrikli-vidali-hava-kompresoru\/\">VSD Kompres\u00f6r Ayr\u0131nt\u0131lar\u0131n\u0131 G\u00f6r\u00fcnt\u00fcle \u2192<\/a><\/p>\n<\/div>\n<\/div>\n<\/div>\n<div style=\"width: 100%; max-width: 100%; min-width: 100%; box-sizing: border-box; padding: 18px 5% 18px 5%; background: #fff;\">\n<div style=\"display: flex; flex-wrap: wrap; gap: 16px; justify-content: center;\"><\/div>\n<\/div>\n<p><!-- Customer Success Story --><\/p>\n<div style=\"width: 100%; max-width: 100%; min-width: 100%; box-sizing: border-box; padding: 36px 5% 32px 5%; background: #e8f0fe;\">\n<h2 style=\"font-size: clamp(18px, 2.5vw + 10px, 28px); font-weight: bold; color: #0a2540; margin: 0 0 10px 0; border-left: 5px solid #0d6efd; padding-left: 16px;\">M\u00fc\u015fteri Ba\u015far\u0131s\u0131: Sheffield Hassas \u0130malat<\/h2>\n<div style=\"background: #fff; border-radius: 14px; padding: 3%; box-shadow: 0 4px 18px rgba(10,37,64,0.10); margin-bottom: 24px;\">\n<p style=\"font-size: clamp(13px, 1.5vw + 8px, 15px); color: #888; text-transform: uppercase; letter-spacing: 1.5px; margin: 0 0 8px 0;\">Vaka \u0130ncelemesi \u2014 G\u00fcney Yorkshire, \u0130ngiltere \u2014 Sac Metal \u0130malat\u0131<\/p>\n<p style=\"font-size: clamp(14px, 2vw + 10px, 17px); color: #333; line-height: 1.85; margin: 0 0 14px 0;\"><img decoding=\"async\" class=\"alignleft\" style=\"width: 218px; max-width: 320px; border-radius: 10px; box-shadow: rgba(10, 37, 64, 0.11) 0px 4px 16px; box-sizing: border-box;\" src=\"https:\/\/air-compressor-for-laser-cutter.com\/wp-content\/uploads\/2026\/03\/ep-Stainless-Steel-Precision-Filter-for-Air-Compressor-Post-processing-Equipment-3-1-1.webp\" alt=\"Paslanmaz \u00e7elik hassas filtre tertibat\u0131\" height=\"221\" \/>G\u00fcney Yorkshire, Rotherham'daki Geli\u015fmi\u015f \u00dcretim Park\u0131 koridorunda yer alan sac metal i\u015fleme uzman\u0131 Hallmark Precision Components Ltd, haftada 12 tona kadar yumu\u015fak \u00e7elik ve paslanmaz \u00e7elik sac i\u015fleyen iki fiber lazer kesim sistemi i\u015fletmektedir. Ever Power ile \u00e7al\u0131\u015fmaya ba\u015flamadan \u00f6nce \u015firket, hem lazer kesim makinelerine hem de bir dizi pres b\u00fckme makinesine g\u00fc\u00e7 sa\u011flamak i\u00e7in 2009 y\u0131l\u0131nda kurulan eski bir pistonlu kompres\u00f6re g\u00fcveniyordu. Kompres\u00f6r alt\u0131 haftada bir bak\u0131m gerektiriyor, at\u00f6lyede \u00f6nemli \u00f6l\u00e7\u00fcde g\u00fcr\u00fclt\u00fcye neden oluyor ve titre\u015fimli \u00e7\u0131k\u0131\u015f\u0131, lazer makinesi OEM'i taraf\u0131ndan kesme kafas\u0131nda bas\u0131n\u00e7 dengesizli\u011fi olarak te\u015fhis edilen aral\u0131kl\u0131 kesim kalitesi sorunlar\u0131na yol a\u00e7\u0131yordu.<\/p>\n<p style=\"font-size: clamp(14px, 2vw + 10px, 17px); color: #333; line-height: 1.85; margin: 0 0 14px 0;\">Hallmark, G\u00fcney Yorkshire \u0130malat Forumu'nun bir \u00fcyesinin tavsiyesi \u00fczerine Ever Power ile ileti\u015fime ge\u00e7ti. Ever Power taraf\u0131ndan \u00fccretsiz olarak \u00f6d\u00fcn\u00e7 verilen veri kaydedici bir ak\u0131\u015f \u00f6l\u00e7er kullan\u0131larak iki haftal\u0131k bir s\u00fcre boyunca kaydedilen bas\u0131n\u00e7l\u0131 hava talep profillerini inceledikten sonra, m\u00fchendislik ekibi, 500 litrelik paslanmaz \u00e7elik hava tank\u0131, so\u011futucu kurutucu ve \u00fc\u00e7 a\u015famal\u0131 filtreleme sistemi ile tamamlanan, g\u00f6rev\/yedekleme konfig\u00fcrasyonunda bir \u00e7ift EP-CM55VF \u00fcnitesi \u00f6nerdi. T\u00fcm sistem, galvanizli \u00e7elik bir k\u0131zak \u00e7er\u00e7evesi \u00fczerine fabrikada \u00f6nceden monte edilmi\u015f olarak geldi ve bu da saha kurulum s\u00fcresini bir g\u00fcne indirdi.<\/p>\n<p style=\"font-size: clamp(14px, 2vw + 10px, 17px); color: #333; line-height: 1.85; margin: 0 0 14px 0;\">Sonraki alt\u0131 ay boyunca \u00f6l\u00e7\u00fclen sonu\u00e7lar, bir \u00f6nceki y\u0131la k\u0131yasla bas\u0131n\u00e7l\u0131 hava sistemi enerji t\u00fcketiminde 38%'lik bir azalma g\u00f6sterdi; bu da mevcut fiyatlarla y\u0131ll\u0131k yakla\u015f\u0131k 11.400 \u00a3 elektrik maliyeti tasarrufuna e\u015fde\u011ferdir. 10 mm yumu\u015fak \u00e7elik \u00fczerindeki kesim kenar\u0131 kalitesi \u00f6l\u00e7\u00fclebilir \u015fekilde iyile\u015fti; kesimlerin alt kenar\u0131ndaki c\u00fcruf tahmini 70% azald\u0131 ve yap\u0131sal par\u00e7alarda ikincil ta\u015flama i\u015flemlerine gerek kalmad\u0131. Kompres\u00f6r konumundaki at\u00f6lye g\u00fcr\u00fclt\u00fc seviyeleri 84 dB(A)'dan 69 dB(A)'ya d\u00fc\u015ft\u00fc ve bu da daha \u00f6nce zorunlu olan i\u015fitme koruma levhalar\u0131na gerek kalmadan alan\u0131 \u0130\u015f Yerinde G\u00fcr\u00fclt\u00fc Y\u00f6netmeli\u011fi'ne uygun hale getirdi. Planl\u0131 bak\u0131m aral\u0131klar\u0131 alt\u0131 haftadan on iki aya uzat\u0131ld\u0131, bu da y\u0131ll\u0131k bak\u0131m maliyetini d\u00fc\u015f\u00fcrd\u00fc ve m\u00fchendislik personelinin zaman\u0131n\u0131 katma de\u011fer yaratan faaliyetler i\u00e7in serbest b\u0131rakt\u0131.<\/p>\n<p style=\"font-size: clamp(14px, 2vw + 10px, 17px); color: #333; line-height: 1.85; margin: 0;\">Toplam sistem yat\u0131r\u0131m\u0131, yaln\u0131zca enerji tasarrufu sayesinde 28 ay i\u00e7inde geri kazan\u0131ld\u0131; kalite iyile\u015ftirmesi ve bak\u0131m maliyetlerindeki azalma ise resmi geri \u00f6deme hesaplamas\u0131na dahil edilmeyen ek de\u011fer sa\u011flad\u0131. Hallmark, G\u00fcney Yorkshire'\u0131n SYMCA \u00fcretim b\u00fcy\u00fcme fonu taraf\u0131ndan desteklenen bir kapasite geni\u015fletme program\u0131n\u0131n par\u00e7as\u0131 olarak devreye al\u0131nan yeni bir plazma kesme ve \u00e7apak alma alan\u0131na hizmet vermek \u00fczere EP-CM30VF \u00fcnitesi i\u00e7in tekrar sipari\u015f verdi.<\/p>\n<\/div>\n<p><!-- Customer Reviews --><\/p>\n<h2 style=\"font-size: clamp(17px, 2.5vw + 9px, 26px); font-weight: bold; color: #0a2540; margin: 8px 0 18px 0; border-left: 5px solid #0d6efd; padding-left: 16px;\">M\u00fc\u015fterilerimiz Ne Diyor?<\/h2>\n<div style=\"display: flex; flex-wrap: wrap; gap: 18px; width: 100%; box-sizing: border-box;\">\n<div style=\"background: #fff; border-radius: 12px; padding: 3%; flex: 1 1 240px; min-width: 220px; max-width: 400px; box-sizing: border-box; box-shadow: 0 2px 12px rgba(10,37,64,0.08); border-left: 4px solid #0d6efd; transition: transform 0.2s, box-shadow 0.2s;\">\n<p style=\"font-size: 22px; color: #f5a623; margin: 0 0 8px 0;\">\u2605\u2605\u2605\u2605\u2605<\/p>\n<p style=\"font-size: clamp(13px, 1.5vw + 8px, 15px); color: #444; line-height: 1.80; font-style: italic; margin: 0 0 12px 0;\">\u201cLazer kesim verimlili\u011fimizdeki fark ilk vardiyadan itibaren g\u00f6zle g\u00f6r\u00fcl\u00fcr oldu. Ever Power'\u0131n kompres\u00f6r\u00fcn\u00fcn sa\u011flad\u0131\u011f\u0131 bas\u0131n\u00e7 kararl\u0131l\u0131\u011f\u0131, ince paslanmaz \u00e7elikte ya\u015fad\u0131\u011f\u0131m\u0131z c\u00fcruf sorunlar\u0131n\u0131 neredeyse tamamen ortadan kald\u0131rd\u0131. Teknik ekip, sadece kompres\u00f6r sat\u0131c\u0131lar\u0131 de\u011fil, lazer kesim gereksinimleri konusunda ger\u00e7ekten bilgiliydi.\u201d<\/p>\n<p style=\"font-size: clamp(12px, 1.3vw + 7px, 14px); color: #888; margin: 0;\">James Thornton, Operasyon Direkt\u00f6r\u00fc \u2014 Hallmark Precision Components Ltd, Rotherham<\/p>\n<\/div>\n<div style=\"background: #fff; border-radius: 12px; padding: 3%; flex: 1 1 240px; min-width: 220px; max-width: 400px; box-sizing: border-box; box-shadow: 0 2px 12px rgba(10,37,64,0.08); border-left: 4px solid #28a745; transition: transform 0.2s, box-shadow 0.2s;\">\n<p style=\"font-size: 22px; color: #f5a623; margin: 0 0 8px 0;\">\u2605\u2605\u2605\u2605\u2605<\/p>\n<p style=\"font-size: clamp(13px, 1.5vw + 8px, 15px); color: #444; line-height: 1.80; font-style: italic; margin: 0 0 12px 0;\">\u201c\u0130la\u00e7 \u00fcretim tesisimiz i\u00e7in entegre kurutucu ve paslanmaz \u00e7elik al\u0131c\u0131ya sahip \u00f6zel bir 13 bar sistem sipari\u015f ettik. Ever Power, ihtiya\u00e7 duydu\u011fumuz t\u00fcm UKCA ve GMP belgelerini biz aramak zorunda kalmadan sa\u011flad\u0131; bu da sat\u0131n alma ekibimize \u00e7ok zaman kazand\u0131rd\u0131. Sistem 14 aydan fazla s\u00fcredir kusursuz \u00e7al\u0131\u015f\u0131yor.\u201d<\/p>\n<p style=\"font-size: clamp(12px, 1.3vw + 7px, 14px); color: #888; margin: 0;\">Sarah Whitfield, M\u00fchendislik M\u00fcd\u00fcr\u00fc \u2014 Macclesfield Pharma Services Ltd, Cheshire<\/p>\n<\/div>\n<div style=\"background: #fff; border-radius: 12px; padding: 3%; flex: 1 1 240px; min-width: 220px; max-width: 400px; box-sizing: border-box; box-shadow: 0 2px 12px rgba(10,37,64,0.08); border-left: 4px solid #fd7e14; transition: transform 0.2s, box-shadow 0.2s;\">\n<p style=\"font-size: 22px; color: #f5a623; margin: 0 0 8px 0;\">\u2605\u2605\u2605\u2605\u2605<\/p>\n<p style=\"font-size: clamp(13px, 1.5vw + 8px, 15px); color: #444; line-height: 1.80; font-style: italic; margin: 0 0 12px 0;\">\u201cEver Power\u2019\u0131n sat\u0131n alma i\u015flemine karar vermeden \u00f6nce sundu\u011fu \u00fccretsiz talep kayd\u0131 hizmeti, onlar\u0131 g\u00f6r\u00fc\u015ft\u00fc\u011f\u00fcm\u00fcz di\u011fer t\u00fcm tedarik\u00e7ilerden ay\u0131ran en \u00f6nemli \u00f6zellikti. Sistemimizi, ger\u00e7ek talep profilimize g\u00f6re do\u011fru boyutland\u0131rd\u0131lar; aksi takdirde, 30% y\u00fckte \u00e7al\u0131\u015fan a\u015f\u0131r\u0131 b\u00fcy\u00fck ve verimsiz bir makineyle kar\u015f\u0131 kar\u015f\u0131ya kalacakt\u0131k.\u201d<\/p>\n<p style=\"font-size: clamp(12px, 1.3vw + 7px, 14px); color: #888; margin: 0;\">Mark Dawson, Tesis Y\u00f6neticisi \u2014 Centaur Automotive Coatings, Coventry<\/p>\n<\/div>\n<\/div>\n<\/div>\n<p><!-- FAQ Module --><\/p>\n<div style=\"width: 100%; max-width: 100%; min-width: 100%; box-sizing: border-box; padding: 36px 5% 32px 5%; background: #fff;\">\n<h2 style=\"font-size: clamp(18px, 2.5vw + 10px, 28px); font-weight: bold; color: #0a2540; margin: 0 0 22px 0; border-left: 5px solid #0d6efd; padding-left: 16px;\">S\u0131k\u00e7a Sorulan Sorular \u2014 \u0130ngiltere Sanayisi \u0130\u00e7in Vidal\u0131 Hava Kompres\u00f6rleri<\/h2>\n<div style=\"display: flex; flex-direction: column; gap: 14px; width: 100%; box-sizing: border-box;\">\n<details style=\"background: #f5f7fa; border-radius: 10px; padding: 0; border: 1px solid #dee2e6; overflow: hidden; transition: box-shadow 0.2s;\">\n<summary style=\"padding: 16px 20px; font-size: clamp(14px, 1.8vw + 9px, 16px); font-weight: 600; color: #0a2540; cursor: pointer; list-style: none; display: flex; align-items: center; gap: 10px;\">\ud83d\udd36 \u0130ngiltere'de lazer kesim makinesi i\u00e7in de\u011fi\u015fken frekansl\u0131 vidal\u0131 hava kompres\u00f6r\u00fcn\u00fcn tipik fiyat\u0131 veya maliyeti nedir?<\/summary>\n<div style=\"padding: 0 20px 16px 20px; font-size: clamp(13px, 1.5vw + 8px, 15px); color: #555; line-height: 1.80;\">Birle\u015fik Krall\u0131k'ta tek fiber lazer kesim makinesini destekleyecek, do\u011fru \u00f6zelliklere sahip bir vidal\u0131 hava kompres\u00f6r\u00fc sistemi i\u00e7in, g\u00fc\u00e7 derecesine ve tahrik tipine ba\u011fl\u0131 olarak kompres\u00f6r \u00fcnitesi i\u00e7in 3.500 \u00a3 ile 8.500 \u00a3 aras\u0131nda, ayr\u0131ca uygun bir hava tank\u0131, so\u011futucu kurutucu ve filtreleme paketi i\u00e7in 800-2.000 \u00a3 aras\u0131nda bir b\u00fct\u00e7e ay\u0131rman\u0131z gerekebilir. De\u011fi\u015fken frekansl\u0131 s\u00fcr\u00fcc\u00fc (VFD) \u00fcniteleri, sabit h\u0131zl\u0131 muadillerine g\u00f6re yakla\u015f\u0131k 15-251 \u00a3 daha pahal\u0131d\u0131r, ancak bu maliyeti genellikle iki ila \u00fc\u00e7 y\u0131l i\u00e7inde enerji tasarrufuyla geri kazan\u0131rlar. Lazer makinenize ve vardiya d\u00fczeninize uygun do\u011fru bir fiyat teklifi almak i\u00e7in, lazer makinenizin modelini, g\u00fcnl\u00fck \u00e7al\u0131\u015fma saatlerinizi ve tesis besleme voltaj\u0131 bilgilerinizi belirterek sales@air-compressor-for-laser-cutter.com adresinden Ever Power ile ileti\u015fime ge\u00e7in.<\/div>\n<\/details>\n<details style=\"background: #f5f7fa; border-radius: 10px; padding: 0; border: 1px solid #dee2e6; overflow: hidden; transition: box-shadow 0.2s;\">\n<summary style=\"padding: 16px 20px; font-size: clamp(14px, 1.8vw + 9px, 16px); font-weight: 600; color: #0a2540; cursor: pointer; list-style: none; display: flex; align-items: center; gap: 10px;\">\ud83d\udd36 Birmingham'daki CNC i\u015fleme merkezim i\u00e7in hangi hava kompres\u00f6r\u00fc boyutunun do\u011fru oldu\u011funu nas\u0131l anlar\u0131m?<\/summary>\n<div style=\"padding: 0 20px 16px 20px; font-size: clamp(13px, 1.5vw + 8px, 15px); color: #555; line-height: 1.80;\">Boyutland\u0131rma, t\u00fcm pn\u00f6matik taleplerin toplam\u0131yla ba\u015flar: Her CNC makinesinin hava t\u00fcketimini teknik veri sayfas\u0131ndan (genellikle Nl\/dak veya m3\/saat olarak ifade edilir) kontrol edin, tak\u0131m de\u011fi\u015ftirme akt\u00fcat\u00f6rlerini, fikst\u00fcr kelep\u00e7elerini ve so\u011futma s\u0131v\u0131s\u0131 sistemlerini ekleyin, ard\u0131ndan e\u015f zamanl\u0131 kullan\u0131m olas\u0131l\u0131\u011f\u0131 i\u00e7in 0,7-0,8'lik bir \u00e7e\u015fitlilik fakt\u00f6r\u00fc uygulay\u0131n. Sistem kay\u0131plar\u0131 i\u00e7in 10-15% ekleyin. Ever Power, mevcut bas\u0131n\u00e7l\u0131 hava altyap\u0131s\u0131na sahip tesisler i\u00e7in, ger\u00e7ek t\u00fcketimi \u00f6l\u00e7mek amac\u0131yla, genellikle ger\u00e7ek d\u00fcnya talebini 20-40% oran\u0131nda abartan nominal de\u011ferlere g\u00fcvenmek yerine, \u00fccretsiz bir talep kay\u0131t hizmeti \u00f6nermektedir.<\/div>\n<\/details>\n<details style=\"background: #f5f7fa; border-radius: 10px; padding: 0; border: 1px solid #dee2e6; overflow: hidden; transition: box-shadow 0.2s;\">\n<summary style=\"padding: 16px 20px; font-size: clamp(14px, 1.8vw + 9px, 16px); font-weight: 600; color: #0a2540; cursor: pointer; list-style: none; display: flex; align-items: center; gap: 10px;\">\ud83d\udd36 Sheffield'e g\u00f6nderim yapan ve \u0130ngiltere'de sat\u0131\u015f sonras\u0131 hizmet sunan g\u00fcvenilir bir vidal\u0131 hava kompres\u00f6r\u00fc tedarik\u00e7isini nerede bulabilirim?<\/summary>\n<div style=\"padding: 0 20px 16px 20px; font-size: clamp(13px, 1.5vw + 8px, 15px); color: #555; line-height: 1.80;\">Ever Power, Sheffield, Rotherham ve G\u00fcney Yorkshire'\u0131n geni\u015f \u00fcretim b\u00f6lgesi de dahil olmak \u00fczere Birle\u015fik Krall\u0131k'taki t\u00fcm posta kodlar\u0131na vidal\u0131 hava kompres\u00f6rleri tedarik eder ve teslim eder. Y\u00f6netilen lojistik hizmetimiz, fabrikadan sahaya teslimat\u0131 kapsar ve yerel kurulum deste\u011fi, devreye alma ve y\u0131ll\u0131k planl\u0131 bak\u0131m s\u00f6zle\u015fmeleri i\u00e7in yetkili Birle\u015fik Krall\u0131k servis ortaklar\u0131yla \u00e7al\u0131\u015f\u0131yoruz. Ya\u011f filtreleri, ya\u011f ay\u0131r\u0131c\u0131 elemanlar ve hava giri\u015f filtreleri dahil olmak \u00fczere yedek par\u00e7alar, \u00e7o\u011fu posta koduna ertesi i\u015f g\u00fcn\u00fc teslimat i\u00e7in Birle\u015fik Krall\u0131k envanterinde bulundurularak, \u00fcretim a\u00e7\u0131s\u0131ndan kritik tesisler i\u00e7in ar\u0131za riskini en aza indirir.<\/div>\n<\/details>\n<details style=\"background: #f5f7fa; border-radius: 10px; padding: 0; border: 1px solid #dee2e6; overflow: hidden; transition: box-shadow 0.2s;\">\n<summary style=\"padding: 16px 20px; font-size: clamp(14px, 1.8vw + 9px, 16px); font-weight: 600; color: #0a2540; cursor: pointer; list-style: none; display: flex; align-items: center; gap: 10px;\">\ud83d\udd36 \u0130ngiltere'deki bir g\u0131da \u00fcretim tesisi i\u00e7in hava kompres\u00f6r\u00fc sat\u0131n al\u0131rken hangi hava kalitesi standard\u0131n\u0131 belirtmeliyim?<\/summary>\n<div style=\"padding: 0 20px 16px 20px; font-size: clamp(13px, 1.5vw + 8px, 15px); color: #555; line-height: 1.80;\">Birle\u015fik Krall\u0131k g\u0131da \u00fcreticileri, do\u011frudan temas uygulamalar\u0131nda ya\u011f i\u00e7eri\u011fi i\u00e7in ISO 8573-1 S\u0131n\u0131f 0, partik\u00fcl madde (maksimum 0,1 mikron partik\u00fcl) i\u00e7in S\u0131n\u0131f 1 ve nem (\u00fcr\u00fcnle temas eden hatlarda bas\u0131n\u00e7 \u00e7i\u011f noktas\u0131 \u2264 \u221240\u00b0C) i\u00e7in S\u0131n\u0131f 2 veya daha iyi bir s\u0131n\u0131fa uygun bas\u0131n\u00e7l\u0131 hava belirtmelidir. \u0130ngiliz Bas\u0131n\u00e7l\u0131 Hava Derne\u011fi (BCAS), g\u0131da end\u00fcstrisi bas\u0131n\u00e7l\u0131 hava spesifikasyonu i\u00e7in pratik k\u0131lavuzlar yay\u0131nlamaktad\u0131r ve b\u00fcy\u00fck Birle\u015fik Krall\u0131k s\u00fcpermarket zincirleri de dahil olmak \u00fczere perakende al\u0131c\u0131lar, genellikle belirli aral\u0131klarla bas\u0131n\u00e7l\u0131 hava test kay\u0131tlar\u0131n\u0131 i\u00e7eren BRC denetimine uygun belgeler beklemektedir. \u00dc\u00e7\u00fcnc\u00fc taraf S\u0131n\u0131f 0 sertifikas\u0131na sahip ya\u011fs\u0131z vidal\u0131 kompres\u00f6rler, \u00f6nemli bir denetim riskini tamamen ortadan kald\u0131r\u0131r.<\/div>\n<\/details>\n<details style=\"background: #f5f7fa; border-radius: 10px; padding: 0; border: 1px solid #dee2e6; overflow: hidden; transition: box-shadow 0.2s;\">\n<summary style=\"padding: 16px 20px; font-size: clamp(14px, 1.8vw + 9px, 16px); font-weight: 600; color: #0a2540; cursor: pointer; list-style: none; display: flex; align-items: center; gap: 10px;\">\ud83d\udd36 Tipik bir \u0130ngiliz \u00fcretim tesisinde, de\u011fi\u015fken frekansl\u0131 s\u00fcr\u00fcc\u00fcye sahip bir vidal\u0131 hava kompres\u00f6r\u00fc, sabit h\u0131zl\u0131 bir makineye k\u0131yasla ne kadar enerji tasarrufu sa\u011flayabilir?<\/summary>\n<div style=\"padding: 0 20px 16px 20px; font-size: clamp(13px, 1.5vw + 8px, 15px); color: #555; line-height: 1.80;\">Tipik olarak 40% ile 100% aras\u0131nda de\u011fi\u015fen y\u00fck varyasyonuna sahip, iki vardiyal\u0131 \u00e7al\u0131\u015fan bir \u0130ngiliz \u00fcretim tesisinde, VFD kontrol\u00fc, e\u015fde\u011fer sabit h\u0131zl\u0131 kompres\u00f6rlere g\u00f6re 25\u201345% enerji tasarrufu sa\u011flar. \u0130ngiltere'deki end\u00fcstriyel elektrik tarifelerinin 18\u201322 p\/kWh civar\u0131nda oldu\u011fu (2024\u20132025 \u0130ngiltere ticari olmayan tarifelerine g\u00f6re) bir ortamda, y\u0131lda 4.000 saat \u00e7al\u0131\u015fan 37 kW'l\u0131k bir kompres\u00f6r i\u00e7in y\u0131ll\u0131k 5.000\u201312.000 \u00a3 enerji tasarrufu ger\u00e7ek\u00e7idir. Tasarruflar, talebin de\u011fi\u015fken oldu\u011fu yerlerde en y\u00fcksektir; 100% kapasiteye yak\u0131n \u00e7al\u0131\u015fan tesisler s\u00fcrekli olarak daha k\u00fc\u00e7\u00fck VFD faydalar\u0131 g\u00f6r\u00fcr ve premium motorlara sahip sabit h\u0131zl\u0131 kompres\u00f6rlerin daha uygun maliyetli oldu\u011funu d\u00fc\u015f\u00fcnebilir.<\/div>\n<\/details>\n<details style=\"background: #f5f7fa; border-radius: 10px; padding: 0; border: 1px solid #dee2e6; overflow: hidden; transition: box-shadow 0.2s;\">\n<summary style=\"padding: 16px 20px; font-size: clamp(14px, 1.8vw + 9px, 16px); font-weight: 600; color: #0a2540; cursor: pointer; list-style: none; display: flex; align-items: center; gap: 10px;\">\ud83d\udd36 Fiber lazer kesim makinesinde yard\u0131mc\u0131 gaz beslemesi i\u00e7in vidal\u0131 hava kompres\u00f6r\u00fc kullan\u0131l\u0131rken en iyi bas\u0131n\u00e7 ayar\u0131 hangisidir?<\/summary>\n<div style=\"padding: 0 20px 16px 20px; font-size: clamp(13px, 1.5vw + 8px, 15px); color: #555; line-height: 1.80;\">Yumu\u015fak \u00e7elik ve al\u00fcminyum i\u00e7in hava destekli fiber lazer kesim makinelerinin \u00e7o\u011fu, malzeme kal\u0131nl\u0131\u011f\u0131na ve h\u0131za ba\u011fl\u0131 olarak 5-12 bar nozul bas\u0131nc\u0131nda \u00e7al\u0131\u015f\u0131r. Kompres\u00f6r \u00e7al\u0131\u015fma bas\u0131nc\u0131, da\u011f\u0131t\u0131m bas\u0131n\u00e7 d\u00fc\u015f\u00fc\u015f\u00fcn\u00fc ve a\u015fa\u011f\u0131 ak\u0131\u015f filtreleri ve kurutucular boyunca bas\u0131n\u00e7 fark\u0131n\u0131 hesaba katmak i\u00e7in gereken maksimum nozul bas\u0131nc\u0131n\u0131n 1-1,5 bar \u00fczerinde ayarlanmal\u0131d\u0131r. 0,5 bar filtreleme d\u00fc\u015f\u00fc\u015f\u00fcyle \u200b\u200bnozulda 10 bar gerektiren bir lazer i\u00e7in, kompres\u00f6r \u00e7\u0131k\u0131\u015f\u0131n\u0131 11,5-12 bar'a ayarlay\u0131n. Her zaman t\u00fcm filtrelemeden sonra makinenin hava giri\u015f noktas\u0131ndaki bas\u0131nc\u0131 kontrol edin, kompres\u00f6r \u00e7\u0131k\u0131\u015f\u0131nda de\u011fil, \u00e7\u00fcnk\u00fc kalite ve bas\u0131n\u00e7 burada \u00f6nemlidir.<\/div>\n<\/details>\n<details style=\"background: #f5f7fa; border-radius: 10px; padding: 0; border: 1px solid #dee2e6; overflow: hidden; transition: box-shadow 0.2s;\">\n<summary style=\"padding: 16px 20px; font-size: clamp(14px, 1.8vw + 9px, 16px); font-weight: 600; color: #0a2540; cursor: pointer; list-style: none; display: flex; align-items: center; gap: 10px;\">\ud83d\udd36 \u0130ngiltere'deki at\u00f6lyemde eski pistonlu kompres\u00f6r\u00fc yeni bir vidal\u0131 hava kompres\u00f6r\u00fcyle de\u011fi\u015ftirmenin en uygun zaman\u0131 ne zaman?<\/summary>\n<div style=\"padding: 0 20px 16px 20px; font-size: clamp(13px, 1.5vw + 8px, 15px); color: #555; line-height: 1.80;\">Pistonlu kompres\u00f6r\u00fcn 10 y\u0131ldan daha eski olmas\u0131, \u00fc\u00e7 aydan daha k\u0131sa servis aral\u0131klar\u0131 gerektirmesi, operat\u00f6rlerden g\u00fcr\u00fclt\u00fc \u015fikayetleri almas\u0131 veya bas\u0131nca duyarl\u0131 proseslerde kalite sorunlar\u0131na yol a\u00e7mas\u0131 durumunda, de\u011fi\u015ftirme i\u00e7in i\u015f gerek\u00e7esi genellikle ge\u00e7erli hale gelir. Basit bir finansal kar\u015f\u0131la\u015ft\u0131rma, \u00f6nlenen bak\u0131m maliyetini, enerji tasarrufunu (genellikle en b\u00fcy\u00fck kalem), iyile\u015ftirilmi\u015f \u00e7\u0131kt\u0131 kalitesi de\u011ferini ve azalt\u0131lm\u0131\u015f ar\u0131za s\u00fcresi riskini i\u00e7ermelidir. Ever Power, ge\u00e7i\u015fi d\u00fc\u015f\u00fcnen \u0130ngiltere'deki tesisler i\u00e7in hi\u00e7bir y\u00fck\u00fcml\u00fcl\u00fck gerektirmeyen bir maliyet kar\u015f\u0131la\u015ft\u0131rma analizi sunarak, mevcut enerji faturalar\u0131n\u0131za ve bak\u0131m kay\u0131tlar\u0131n\u0131za dayal\u0131 yaz\u0131l\u0131 bir geri \u00f6deme hesaplamas\u0131 sa\u011flar, b\u00f6ylece i\u015f gerek\u00e7enizi g\u00fcvenle \u015firket i\u00e7inde sunabilirsiniz.<\/div>\n<\/details>\n<\/div>\n<\/div>\n<p><!-- Footer CTA --><\/p>\n<div style=\"background: linear-gradient(135deg, #0a2540 0%, #0d6efd 100%); width: 100%; max-width: 100%; min-width: 100%; box-sizing: border-box; padding: 32px 5% 28px 5%; text-align: center;\">\n<p style=\"font-size: clamp(18px, 2.5vw + 10px, 26px); font-weight: 800; color: #fff; margin: 0 0 10px 0;\">Vidal\u0131 hava kompres\u00f6r\u00fc sisteminizi belirlemeye haz\u0131r m\u0131s\u0131n\u0131z?<\/p>\n<p style=\"font-size: clamp(13px, 1.8vw + 8px, 16px); color: #b8d4f8; margin: 0 0 20px 0;\">Ever Power m\u00fchendisleri ba\u015fvurunuzu incelemeye ve ayr\u0131nt\u0131l\u0131 teknik ve ticari teklif sunmaya haz\u0131r. Herhangi bir y\u00fck\u00fcml\u00fcl\u00fck yok, sat\u0131\u015f bask\u0131s\u0131 yok \u2014 sadece do\u011fru m\u00fchendislik tavsiyesi.<\/p>\n<p><a style=\"display: inline-block; background: #fff; color: #0a2540; font-size: clamp(14px, 2vw + 9px, 17px); font-weight: bold; padding: 15px 44px; border-radius: 50px; text-decoration: none; letter-spacing: 1px; box-shadow: 0 4px 18px rgba(0,0,0,0.18);\" href=\"mailto:sales@air-compressor-for-laser-cutter.com\">\ud83d\udce7 Hemen Fiyat Teklifi Al\u0131n<\/a><\/p>\n<p style=\"font-size: clamp(11px, 1.2vw + 7px, 13px); color: #7eb8ff; margin: 16px 0 0 0;\">gzl taraf\u0131ndan d\u00fczenlendi<\/p>\n<\/div>\n<\/div>","protected":false},"excerpt":{"rendered":"<p>Ever Power Industrial Solutions \u2014 United Kingdom Screw Air Compressors for Industrial &amp; Laser Cutting Applications: A Complete Technical Guide for UK Manufacturers From Birmingham pressing plants to Sheffield fabrication shops, compressed air is the invisible backbone of modern British manufacturing. This guide cuts through the noise to deliver genuine engineering insight. Compressed air technology [&hellip;]<\/p>","protected":false},"author":1,"featured_media":0,"comment_status":"closed","ping_status":"closed","sticky":false,"template":"","format":"standard","meta":{"_et_pb_use_builder":"","_et_pb_old_content":"","_et_gb_content_width":"","footnotes":""},"categories":[18],"tags":[],"class_list":["post-658","post","type-post","status-publish","format-standard","hentry","category-application"],"_links":{"self":[{"href":"https:\/\/air-compressor-for-laser-cutter.com\/tr\/wp-json\/wp\/v2\/posts\/658","targetHints":{"allow":["GET"]}}],"collection":[{"href":"https:\/\/air-compressor-for-laser-cutter.com\/tr\/wp-json\/wp\/v2\/posts"}],"about":[{"href":"https:\/\/air-compressor-for-laser-cutter.com\/tr\/wp-json\/wp\/v2\/types\/post"}],"author":[{"embeddable":true,"href":"https:\/\/air-compressor-for-laser-cutter.com\/tr\/wp-json\/wp\/v2\/users\/1"}],"replies":[{"embeddable":true,"href":"https:\/\/air-compressor-for-laser-cutter.com\/tr\/wp-json\/wp\/v2\/comments?post=658"}],"version-history":[{"count":2,"href":"https:\/\/air-compressor-for-laser-cutter.com\/tr\/wp-json\/wp\/v2\/posts\/658\/revisions"}],"predecessor-version":[{"id":707,"href":"https:\/\/air-compressor-for-laser-cutter.com\/tr\/wp-json\/wp\/v2\/posts\/658\/revisions\/707"}],"wp:attachment":[{"href":"https:\/\/air-compressor-for-laser-cutter.com\/tr\/wp-json\/wp\/v2\/media?parent=658"}],"wp:term":[{"taxonomy":"category","embeddable":true,"href":"https:\/\/air-compressor-for-laser-cutter.com\/tr\/wp-json\/wp\/v2\/categories?post=658"},{"taxonomy":"post_tag","embeddable":true,"href":"https:\/\/air-compressor-for-laser-cutter.com\/tr\/wp-json\/wp\/v2\/tags?post=658"}],"curies":[{"name":"wp","href":"https:\/\/api.w.org\/{rel}","templated":true}]}}