{"id":657,"date":"2026-07-24T05:22:35","date_gmt":"2026-07-24T05:22:35","guid":{"rendered":"https:\/\/air-compressor-for-laser-cutter.com\/?p=657"},"modified":"2026-07-24T09:19:40","modified_gmt":"2026-07-24T09:19:40","slug":"degisken-frekansli-vidali-hava-kompresorleri-muhendislik-prensipleri-endustriyel-uygulamalar-ingiltere-uretimi-icin-performans-standartlari","status":"publish","type":"post","link":"https:\/\/air-compressor-for-laser-cutter.com\/tr\/basvuru\/degisken-frekansli-vidali-hava-kompresorleri-muhendislik-prensipleri-endustriyel-uygulamalar-ingiltere-uretimi-icin-performans-standartlari\/","title":{"rendered":"De\u011fi\u015fken Frekansl\u0131 Vidal\u0131 Hava Kompres\u00f6rleri: M\u00fchendislik Prensipleri, End\u00fcstriyel Uygulamalar ve \u0130ngiltere \u00dcretimi i\u00e7in Performans Standartlar\u0131"},"content":{"rendered":"<div style=\"font-family: 'Segoe UI', Arial, sans-serif; color: #1a1a2e; background: #f4f7fb; margin: 0; padding: 0; width: 100%; max-width: 100%; min-width: 100%; box-sizing: border-box; word-break: break-word; overflow-wrap: break-word;\">\n<p><!-- Hero Banner --><\/p>\n<div style=\"width: 100%; max-width: 100%; min-width: 100%; background: linear-gradient(135deg, #0a1628 0%, #1a3a5c 40%, #0d47a1 100%); padding: 48px 5% 40px 5%; box-sizing: border-box; position: relative; overflow: hidden;\">\n<div style=\"position: absolute; top: 0; left: 0; width: 100%; height: 100%; background: repeating-linear-gradient(45deg, rgba(255,255,255,0.015) 0px, rgba(255,255,255,0.015) 1px, transparent 1px, transparent 40px); pointer-events: none;\"><\/div>\n<p style=\"font-size: clamp(11px, 1.5vw + 8px, 13px); color: #64b5f6; letter-spacing: 3px; text-transform: uppercase; margin: 0 0 12px 0; font-weight: 600;\">End\u00fcstriyel Bas\u0131n\u00e7l\u0131 Hava Teknolojisi \u2014 \u0130ngiltere Pazar\u0131 Teknik K\u0131lavuzu<\/p>\n<h2 style=\"font-size: clamp(22px, 3vw + 14px, 42px); color: #ffffff; font-weight: 800; line-height: 1.2; margin: 0 0 18px 0; text-shadow: 0 2px 12px rgba(0,0,0,0.4);\">De\u011fi\u015fken Frekansl\u0131 Vidal\u0131 Hava Kompres\u00f6rleri: M\u00fchendislik Prensipleri, End\u00fcstriyel Uygulamalar ve \u0130ngiltere \u00dcretimi i\u00e7in Performans Standartlar\u0131<\/h2>\n<p style=\"font-size: clamp(14px, 1.5vw + 10px, 17px); color: #90caf9; margin: 0; max-width: 780px; line-height: 1.7;\">\u0130ngiliz sanayisindeki sat\u0131n alma m\u00fchendisleri, tesis y\u00f6neticileri ve bak\u0131m ekipleri i\u00e7in tasar\u0131m, se\u00e7im, i\u015fletme ve maliyet optimizasyonunu kapsayan kapsaml\u0131 bir teknik referans kayna\u011f\u0131.<\/p>\n<\/div>\n<p><!-- Main Content Wrapper --><\/p>\n<div style=\"width: 100%; max-width: 100%; min-width: 100%; padding: 0 4% 40px 4%; box-sizing: border-box;\">\n<p><!-- Section 1: Introduction with floating image --><\/p>\n<div style=\"background: #ffffff; border-radius: 14px; padding: 3%; margin: 28px 0; box-sizing: border-box; box-shadow: 0 4px 24px rgba(13,71,161,0.08); border-left: 5px solid #0d47a1; transition: box-shadow 0.3s, transform 0.3s; width: 100%; max-width: 100%; min-width: 100%;\">\n<h2 style=\"font-size: clamp(17px, 2vw + 11px, 24px); color: #0d47a1; font-weight: bold; margin: 0 0 18px 0; padding-bottom: 10px; border-bottom: 2px solid #e3f0ff;\">\u0130ngiltere \u00dcretiminde De\u011fi\u015fken Frekansl\u0131 Vidal\u0131 Hava Kompres\u00f6rlerinin End\u00fcstriyel Gerek\u00e7esi<\/h2>\n<div style=\"overflow: hidden;\">\n<p style=\"font-size: clamp(14px, 1.5vw + 10px, 16px); color: #333; line-height: 1.8; margin: 0 0 14px 0;\"><span style=\"font-size: clamp(14px, 10px + 2vw, 18px);\"><img decoding=\"async\" class=\"\" style=\"float: left; width: 188px; max-width: 100%; margin: 0px 3% 2% 0px; border-radius: 10px; box-shadow: rgba(0, 0, 0, 0.18) 0px 6px 24px; display: block;\" src=\"https:\/\/air-compressor-for-laser-cutter.com\/wp-content\/uploads\/2026\/03\/ep-air-compressor-for-laser-cutter-1.webp\" alt=\"Lazer kesim ve imalat i\u00e7in end\u00fcstriyel vidal\u0131 hava kompres\u00f6r\u00fc\" height=\"188\" \/><\/span>Bristol'\u00fcn havac\u0131l\u0131k merkezlerinden Sheffield'in geli\u015fmi\u015f imalat at\u00f6lyelerine ve Birmingham'dan ge\u00e7en otomotiv tedarik zincirlerine kadar, \u0130ngiliz imalat koridorlar\u0131n\u0131n tamam\u0131nda bas\u0131n\u00e7l\u0131 hava, fabrika zeminindeki en fazla enerji t\u00fcketen tek kaynak olmaya devam ediyor. <span style=\"color: #0d47a1; font-weight: 600;\">de\u011fi\u015fken frekansl\u0131 vidal\u0131 hava kompres\u00f6r\u00fc<\/span> Sadece havay\u0131 hareket ettirmekle kalmaz; ger\u00e7ek zamanl\u0131 olarak ger\u00e7ek talebe uygun, hassas bir \u015fekilde \u015fartland\u0131r\u0131lm\u0131\u015f, s\u00fcrekli bas\u0131n\u00e7l\u0131 ak\u0131\u015f sa\u011flar. \u00dcretim programlar\u0131n\u0131n y\u00fcksek hacimli \u00fcretim d\u00f6nemleri ile d\u00fc\u015f\u00fck \u00fcretim d\u00f6nemleri aras\u0131nda de\u011fi\u015fti\u011fi tesislerde, sabit h\u0131zl\u0131 kompres\u00f6r operasyonel ger\u00e7ekli\u011fe temelden uymaz. De\u011fi\u015fken frekansl\u0131 s\u00fcr\u00fcc\u00fc (VFD) teknolojisi bu durumu tamamen de\u011fi\u015ftirir.<\/p>\n<p style=\"font-size: clamp(14px, 1.5vw + 10px, 16px); color: #333; line-height: 1.8; margin: 0 0 14px 0;\">D\u00f6ner vida mekanizmas\u0131n\u0131n kendisi \u2014 hassas i\u015flenmi\u015f bir g\u00f6vde i\u00e7inde birbirine ge\u00e7en iki z\u0131t y\u00f6nde d\u00f6nen helisel rotor \u2014 yeni de\u011fil. Teknolojiyi d\u00f6n\u00fc\u015ft\u00fcren \u015fey, rotor h\u0131z\u0131n\u0131 hava talebiyle do\u011fru orant\u0131l\u0131 olarak ayarlayabilen g\u00fc\u00e7 elektroni\u011finin entegrasyonuydu. <span style=\"color: #0d47a1; font-weight: 600;\">vidal\u0131 hava kompres\u00f6r\u00fc<\/span> Kal\u0131c\u0131 m\u0131knat\u0131sl\u0131 motor ve ak\u0131ll\u0131 invert\u00f6r ile donat\u0131lm\u0131\u015f bir sistem, k\u0131smi y\u00fck alt\u0131nda \u00e7al\u0131\u015fan sabit h\u0131zl\u0131 e\u015fde\u011fer bir sisteme k\u0131yasla enerji t\u00fcketimini 25-451 ton azaltabilir. 2022'den beri k\u0131ta Avrupas\u0131 ortalamalar\u0131n\u0131n \u00f6nemli \u00f6l\u00e7\u00fcde \u00fczerinde kalan \u0130ngiltere end\u00fcstriyel enerji fiyatland\u0131rmas\u0131 ba\u011flam\u0131nda, bu fark, genellikle standart vardiya d\u00fczenine sahip bir tesiste sermaye harcamalar\u0131n\u0131 18 ila 30 ay i\u00e7inde geri kazand\u0131ran cazip i\u015fletme tasarruflar\u0131na d\u00f6n\u00fc\u015fmektedir.<\/p>\n<p style=\"font-size: clamp(14px, 1.5vw + 10px, 16px); color: #333; line-height: 1.8; margin: 0;\">Bu makinelerin do\u011fru \u015fekilde belirlenmesi, tedarik edilmesi ve bak\u0131m\u0131n\u0131n yap\u0131lmas\u0131 i\u00e7in gereken teknik derinlik olduk\u00e7a fazlad\u0131r. Bas\u0131n\u00e7 oran\u0131, \u00f6zg\u00fcl g\u00fc\u00e7, \u00e7al\u0131\u015fma d\u00f6ng\u00fcs\u00fc, giri\u015f ko\u015fullar\u0131, a\u015fa\u011f\u0131 ak\u0131\u015f hava kalitesi s\u0131n\u0131f\u0131 ve \u0131s\u0131 geri kazan\u0131m\u0131n\u0131n termal entegrasyonu; her parametre, basitle\u015ftirilmi\u015f bir teknik \u00f6zellik sayfas\u0131n\u0131n tam olarak yakalayamayaca\u011f\u0131 \u015fekillerde di\u011ferleriyle etkile\u015fim halindedir. Bu k\u0131lavuz, ba\u015fl\u0131k rakamlar\u0131n\u0131n \u00f6tesine ge\u00e7mesi ve performans iddialar\u0131n\u0131n ard\u0131ndaki m\u00fchendislik \u00f6z\u00fcn\u00fc anlamas\u0131 gereken m\u00fchendisler ve tedarik uzmanlar\u0131 i\u00e7in yaz\u0131lm\u0131\u015ft\u0131r.<\/p>\n<\/div>\n<\/div>\n<p><!-- Get a Quote CTA --><\/p>\n<div style=\"width: 100%; max-width: 100%; min-width: 100%; text-align: center; margin: 8px 0 28px 0; box-sizing: border-box;\"><a style=\"display: inline-block; background: linear-gradient(135deg, #0d47a1, #1565c0); color: #fff; font-size: clamp(15px, 1.8vw + 10px, 18px); font-weight: bold; padding: 16px 48px; border-radius: 50px; text-decoration: none; box-shadow: 0 6px 28px rgba(13,71,161,0.35); letter-spacing: 1px; transition: box-shadow 0.3s, transform 0.3s;\" href=\"mailto:sales@air-compressor-for-laser-cutter.com\">\ud83d\udce7 Hemen Fiyat Teklifi Al\u0131n \u2192<\/a><\/div>\n<p><!-- Section 2: Working Principle --><\/p>\n<div style=\"background: #ffffff; border-radius: 14px; padding: 3%; margin: 28px 0; box-sizing: border-box; box-shadow: 0 4px 24px rgba(13,71,161,0.08); border-left: 5px solid #1565c0; transition: box-shadow 0.3s, transform 0.3s; width: 100%; max-width: 100%; min-width: 100%;\">\n<h2 style=\"font-size: clamp(17px, 2vw + 11px, 24px); color: #0d47a1; font-weight: bold; margin: 0 0 18px 0; padding-bottom: 10px; border-bottom: 2px solid #e3f0ff;\">\u00c7al\u0131\u015fma Prensibi: De\u011fi\u015fken Frekansl\u0131 Vidal\u0131 Hava Kompres\u00f6r\u00fc Nas\u0131l \u00c7al\u0131\u015f\u0131r?<\/h2>\n<div style=\"display: flex; flex-wrap: wrap; gap: 18px; margin-bottom: 20px; width: 100%; max-width: 100%; min-width: 100%; box-sizing: border-box;\">\n<div style=\"flex: 1; min-width: 260px; background: linear-gradient(135deg, #e3f0ff, #f0f7ff); border-radius: 10px; padding: 20px; box-sizing: border-box; border-top: 3px solid #0d47a1; transition: box-shadow 0.3s, transform 0.3s;\">\n<p style=\"font-size: clamp(13px, 1.2vw + 9px, 15px); color: #0d47a1; font-weight: bold; margin: 0 0 8px 0; text-transform: uppercase; letter-spacing: 1px;\">01 \u2014 Rotor S\u0131k\u0131\u015ft\u0131rma A\u015famas\u0131<\/p>\n<p style=\"font-size: clamp(13px, 1.3vw + 9px, 15px); color: #444; line-height: 1.7; margin: 0;\">Ortam havas\u0131, hassas i\u015flenmi\u015f bir giri\u015f valfinden girer ve hemen iki z\u0131t y\u00f6nde d\u00f6nen helisel rotor aras\u0131ndan ge\u00e7er: d\u00f6rt loblu bir erkek (tahrik) rotoru ve alt\u0131 yivli bir di\u015fi (ge\u00e7it) rotoru. Rotorlar birbirine kenetlendik\u00e7e, aralar\u0131nda olu\u015fan hava cebinin hacmi kademeli olarak azal\u0131r ve gaz, pistonlu tasar\u0131mlar\u0131n karakteristik titre\u015fimi olmadan s\u00fcrekli olarak s\u0131k\u0131\u015ft\u0131r\u0131l\u0131r. Bu pozitif deplasmanl\u0131 geometri, orta h\u0131zlarda neredeyse izotermal s\u0131k\u0131\u015ft\u0131rma sa\u011flar ve tipik hacimsel verimlilikler 92%'nin \u00fczerindedir.<\/p>\n<\/div>\n<div style=\"flex: 1; min-width: 260px; background: linear-gradient(135deg, #e3f4ef, #f0faf6); border-radius: 10px; padding: 20px; box-sizing: border-box; border-top: 3px solid #00796b; transition: box-shadow 0.3s, transform 0.3s;\">\n<p style=\"font-size: clamp(13px, 1.2vw + 9px, 15px); color: #00796b; font-weight: bold; margin: 0 0 8px 0; text-transform: uppercase; letter-spacing: 1px;\">02 \u2014 De\u011fi\u015fken Frekansl\u0131 S\u00fcr\u00fcc\u00fc Kontrol\u00fc<\/p>\n<p style=\"font-size: clamp(13px, 1.3vw + 9px, 15px); color: #444; line-height: 1.7; margin: 0;\">VFD invert\u00f6r\u00fc, 0,01 bar \u00f6l\u00e7\u00fcm \u00e7\u00f6z\u00fcn\u00fcrl\u00fc\u011f\u00fcne sahip y\u00fcksek hassasiyetli bir bas\u0131n\u00e7 sens\u00f6r\u00fc arac\u0131l\u0131\u011f\u0131yla sistem bas\u0131nc\u0131n\u0131 izler. A\u015fa\u011f\u0131 ak\u0131\u015f talebi d\u00fc\u015ft\u00fc\u011f\u00fcnde, PLC motora giden sinyal frekans\u0131n\u0131 (genellikle 50 Hz'den 25 Hz'ye kadar) orant\u0131l\u0131 olarak d\u00fc\u015f\u00fcr\u00fcr, rotorun h\u0131z\u0131n\u0131 yava\u015flat\u0131r ve iletilen ak\u0131\u015f\u0131 azalt\u0131r. D\u00f6ner vidal\u0131 kompres\u00f6rlerde g\u00fc\u00e7 t\u00fcketimi yakla\u015f\u0131k olarak h\u0131z\u0131n k\u00fcp\u00fcyle orant\u0131l\u0131 oldu\u011fundan, m\u00fctevaz\u0131 h\u0131z d\u00fc\u015f\u00fc\u015fleri bile orant\u0131s\u0131z enerji tasarrufu sa\u011flar. VFD'ye entegre edilmi\u015f yumu\u015fak ba\u015flatma \u00f6zelli\u011fi, makine \u00e7al\u0131\u015ft\u0131r\u0131ld\u0131\u011f\u0131nda ani ak\u0131m y\u00fckselmelerini de ortadan kald\u0131r\u0131r.<\/p>\n<\/div>\n<div style=\"flex: 1; min-width: 260px; background: linear-gradient(135deg, #fff8e1, #fffde7); border-radius: 10px; padding: 20px; box-sizing: border-box; border-top: 3px solid #f57f17; transition: box-shadow 0.3s, transform 0.3s;\">\n<p style=\"font-size: clamp(13px, 1.2vw + 9px, 15px); color: #e65100; font-weight: bold; margin: 0 0 8px 0; text-transform: uppercase; letter-spacing: 1px;\">03 \u2014 Ya\u011f Enjeksiyonu ve Ayr\u0131\u015ft\u0131rma<\/p>\n<p style=\"font-size: clamp(13px, 1.3vw + 9px, 15px); color: #444; line-height: 1.7; margin: 0;\">Ya\u011f enjeksiyonlu vidal\u0131 \u00fcniteler, ya\u011flay\u0131c\u0131y\u0131 do\u011frudan s\u0131k\u0131\u015ft\u0131rma odas\u0131na vererek \u00fc\u00e7 e\u015f zamanl\u0131 i\u015flevi yerine getirir: rotorlar aras\u0131 bo\u015flu\u011fu kapatmak, s\u0131k\u0131\u015ft\u0131rma \u0131s\u0131s\u0131n\u0131 da\u011f\u0131tmak ve mekanik s\u00fcrt\u00fcnmeyi azaltmak. S\u0131k\u0131\u015ft\u0131r\u0131lm\u0131\u015f ya\u011f-hava kar\u0131\u015f\u0131m\u0131 daha sonra santrif\u00fcj ay\u0131r\u0131c\u0131 ve ard\u0131ndan birle\u015ftirici ya\u011f buhar\u0131 filtre eleman\u0131ndan olu\u015fan \u00e7ok a\u015famal\u0131 bir ay\u0131rma sistemine ge\u00e7er. Hava ak\u0131m\u0131ndaki art\u0131k ya\u011f i\u00e7eri\u011fi tipik olarak 3 ppm'nin alt\u0131nda tutulur ve bu da ISO 8573-1 S\u0131n\u0131f 3 hava safl\u0131\u011f\u0131n\u0131 kar\u015f\u0131lar. S\u0131n\u0131f 1 safl\u0131k gerektiren uygulamalar i\u00e7in, a\u015fa\u011f\u0131 ak\u0131\u015fta bulunan katalitik oksidasyon filtresi art\u0131k ya\u011f\u0131 0,01 ppm'nin alt\u0131na d\u00fc\u015f\u00fcr\u00fcr.<\/p>\n<\/div>\n<\/div>\n<div style=\"display: flex; flex-wrap: wrap; gap: 18px; width: 100%; max-width: 100%; min-width: 100%; box-sizing: border-box;\">\n<div style=\"flex: 1; min-width: 260px; background: linear-gradient(135deg, #f3e5f5, #fce4ec); border-radius: 10px; padding: 20px; box-sizing: border-box; border-top: 3px solid #7b1fa2; transition: box-shadow 0.3s, transform 0.3s;\">\n<p style=\"font-size: clamp(13px, 1.2vw + 9px, 15px); color: #7b1fa2; font-weight: bold; margin: 0 0 8px 0; text-transform: uppercase; letter-spacing: 1px;\">04 \u2014 Termal Y\u00f6netim ve Is\u0131 Geri Kazan\u0131m\u0131<\/p>\n<p style=\"font-size: clamp(13px, 1.3vw + 9px, 15px); color: #444; line-height: 1.7; margin: 0;\">Vidal\u0131 kompres\u00f6re verilen elektrik enerjisinin yakla\u015f\u0131k 80%'si ya\u011f devresinde \u0131s\u0131 olarak ortaya \u00e7\u0131kar. Modern <span style=\"color: #0d47a1;\">de\u011fi\u015fken frekansl\u0131 vidal\u0131 hava kompres\u00f6rleri<\/span> Ya\u011f s\u0131cakl\u0131\u011f\u0131n\u0131 70\u201390 \u00b0C \u00e7al\u0131\u015fma aral\u0131\u011f\u0131nda tutan termostatik bir ya\u011f so\u011futucu baypas vanas\u0131 i\u00e7erir. \u0130ste\u011fe ba\u011fl\u0131 plaka tipi bir \u0131s\u0131 e\u015fanj\u00f6r\u00fc, bu termal enerjinin proses suyu \u0131s\u0131tma veya alan \u0131s\u0131tma devrelerine y\u00f6nlendirilmesini sa\u011flayarak, giri\u015f enerjisinin 75%'ye kadar\u0131n\u0131 kullan\u0131labilir \u0131s\u0131 olarak geri kazanma olana\u011f\u0131 sunar; bu \u00f6zellik, ISO 50001 enerji y\u00f6netim sertifikas\u0131 almak isteyen \u0130ngiltere tesisleri taraf\u0131ndan giderek daha \u00e7ok de\u011fer g\u00f6rmektedir.<\/p>\n<\/div>\n<div style=\"flex: 1; min-width: 260px; background: linear-gradient(135deg, #e8f5e9, #f1f8e9); border-radius: 10px; padding: 20px; box-sizing: border-box; border-top: 3px solid #2e7d32; transition: box-shadow 0.3s, transform 0.3s;\">\n<p style=\"font-size: clamp(13px, 1.2vw + 9px, 15px); color: #2e7d32; font-weight: bold; margin: 0 0 8px 0; text-transform: uppercase; letter-spacing: 1px;\">05 \u2014 Ak\u0131ll\u0131 PLC \u0130zleme<\/p>\n<p style=\"font-size: clamp(13px, 1.3vw + 9px, 15px); color: #444; line-height: 1.7; margin: 0;\">Entegre PLC kontrol \u00fcnitesi, de\u015farj bas\u0131nc\u0131, ya\u011f s\u0131cakl\u0131\u011f\u0131, motor ak\u0131m\u0131, \u00e7al\u0131\u015fma saatleri ve filtre diferansiyel bas\u0131nc\u0131 dahil olmak \u00fczere i\u015fletme verilerini s\u00fcrekli olarak kaydeder. Her parametre i\u00e7in \u00f6nceden yap\u0131land\u0131r\u0131lm\u0131\u015f alarm e\u015fikleri bulunur ve \u00e7\u0131k\u0131\u015f r\u00f6leleri uzaktan SCADA uyar\u0131lar\u0131n\u0131 veya otomatik kapatma dizilerini tetikleyebilir. Geli\u015fmi\u015f yaz\u0131l\u0131m, Modbus RTU\/TCP, Profibus veya EtherNet\/IP protokolleri \u00fczerinden ileti\u015fime olanak tan\u0131yarak mevcut tesis d\u00fczeyindeki izleme altyap\u0131s\u0131na sorunsuz entegrasyon sa\u011flar; bu, \u0130ngiltere'deki Tier-1 otomotiv ve havac\u0131l\u0131k tedarik\u00e7isi denetimlerinde standart hale gelen bir gerekliliktir.<\/p>\n<\/div>\n<\/div>\n<\/div>\n<p><!-- Section 3: Materials --><\/p>\n<div style=\"background: #ffffff; border-radius: 14px; padding: 3%; margin: 28px 0; box-sizing: border-box; box-shadow: 0 4px 24px rgba(13,71,161,0.08); border-left: 5px solid #00796b; transition: box-shadow 0.3s, transform 0.3s; width: 100%; max-width: 100%; min-width: 100%;\">\n<h2 style=\"font-size: clamp(17px, 2vw + 11px, 24px); color: #0d47a1; font-weight: bold; margin: 0 0 18px 0; padding-bottom: 10px; border-bottom: 2px solid #e3f0ff;\">Temel Malzeme M\u00fchendisli\u011fi: Y\u00fcksek Performansl\u0131 Kompres\u00f6rler Hangi Malzemelerden \u00dcretilir?<\/h2>\n<div style=\"overflow: hidden; margin-bottom: 20px;\">\n<p><img decoding=\"async\" class=\"\" style=\"float: left; width: 182px; max-width: 32%; margin: 0px 22px 14px 0px; border-radius: 10px; box-shadow: rgba(0, 0, 0, 0.12) 0px 6px 20px; display: block;\" src=\"https:\/\/air-compressor-for-laser-cutter.com\/wp-content\/uploads\/2026\/03\/ep-Stainless-Steel-Precision-Filter-for-Air-Compressor-Post-processing-Equipment-1-1.webp\" alt=\"Hava Kompres\u00f6r\u00fc i\u00e7in Paslanmaz \u00c7elik Hassas Filtre\" height=\"182\" \/><\/p>\n<p style=\"font-size: clamp(14px, 1.5vw + 10px, 16px); color: #333; line-height: 1.8; margin: 0 0 14px 0;\">D\u00f6ner vidal\u0131 hava kompres\u00f6r\u00fcn\u00fcn malzeme \u00f6zellikleri, kullan\u0131m \u00f6mr\u00fcn\u00fc, bak\u0131m aral\u0131klar\u0131n\u0131 ve belirli proses ortamlar\u0131na uygunlu\u011funu tan\u0131mlar. Makinenin kalbi olan rotor tertibat\u0131, neredeyse evrensel olarak y\u00fcksek ala\u015f\u0131ml\u0131 \u00e7elikten, tipik olarak 42CrMo4 gibi bir krom-molibden kalitesinden veya nikel-krom \u00e7elikten \u00fcretilir ve rotor profil toleranslar\u0131n\u0131 0,005 mm'ye kadar hassas bir \u015fekilde ta\u015flan\u0131r. Bu boyutsal do\u011fruluk seviyesi, d\u00f6nen par\u00e7alar aras\u0131nda fiziksel temas olmadan i\u00e7 s\u0131z\u0131nt\u0131y\u0131 \u00f6nleyen, birbirine ge\u00e7en rotorlar aras\u0131ndaki dar bo\u015fluklar\u0131 korumak i\u00e7in gereklidir.<\/p>\n<p style=\"font-size: clamp(14px, 1.5vw + 10px, 16px); color: #333; line-height: 1.8; margin: 0 0 14px 0;\">S\u0131k\u0131\u015ft\u0131rma g\u00f6vdesi, \u00e7al\u0131\u015fma bas\u0131nc\u0131 de\u011ferine ba\u011fl\u0131 olarak y\u00fcksek kaliteli gri d\u00f6kme demir (EN-GJL-250) veya sfero d\u00f6k\u00fcm (EN-GJS-400) kullan\u0131larak \u00fcretilir. Bu malzemeler, termal d\u00f6ng\u00fc alt\u0131nda boyutsal kararl\u0131l\u0131k, titre\u015fim s\u00f6n\u00fcmleme \u00f6zellikleri ve \u00e7ok loblu rotor g\u00f6vde profilleri i\u00e7in gerekli olan karma\u015f\u0131k geometrik \u015fekillere d\u00f6k\u00fclebilme \u00f6zelli\u011finin bir kombinasyonunu sunar. G\u00f6vde delikleri, makinenin kullan\u0131m \u00f6mr\u00fc boyunca hacimsel verimlili\u011fi do\u011frudan etkileyen 0,4 \u03bcm'nin alt\u0131nda Ra y\u00fczey kalitesi elde etmek i\u00e7in i\u015fleme sonras\u0131 honlan\u0131r. Plymouth veya Aberdeen gibi b\u00f6lgelerdeki k\u0131y\u0131 tesislerinde yayg\u0131n olan a\u015f\u0131nd\u0131r\u0131c\u0131 atmosfer uygulamalar\u0131 i\u00e7in epoksi boyal\u0131 g\u00f6vdeler veya paslanmaz \u00e7elik astarl\u0131 versiyonlar mevcuttur.<\/p>\n<p style=\"font-size: clamp(14px, 1.5vw + 10px, 16px); color: #333; line-height: 1.8; margin: 0;\">Rulman se\u00e7imi, kritik bir tasar\u0131m karar noktas\u0131d\u0131r. A\u00e7\u0131sal temasl\u0131 bilyal\u0131 rulmanlar giri\u015f ucundaki radyal y\u00fckleri kar\u015f\u0131larken, konik makaral\u0131 rulmanlar \u00e7\u0131k\u0131\u015f ucundaki birle\u015fik radyal ve eksenel itmeyi y\u00f6netir. End\u00fcstriyel s\u0131n\u0131f makineler i\u00e7in rulman yorulma \u00f6mr\u00fc hesaplamalar\u0131 (ISO 281 L10h metodolojisi), nominal ko\u015fullarda tipik olarak 100.000 saati hedeflemektedir - yakla\u015f\u0131k 11 y\u0131l kesintisiz \u00e7al\u0131\u015fma. Ya\u011f devresi bile\u015fenleri - ay\u0131r\u0131c\u0131 kaplar, ya\u011f so\u011futucular\u0131, termostatik vanalar ve filtre muhafazalar\u0131 - i\u00e7 y\u00fczeyleri ya\u011f-hava ak\u0131m\u0131yla temas eden yerlerde \u00e7o\u011funlukla 304 veya 316L paslanmaz \u00e7elikten imal edilir; bu da korozyon direnci ve planl\u0131 bak\u0131m s\u0131ras\u0131nda temizleme kolayl\u0131\u011f\u0131 sa\u011flar.<\/p>\n<\/div>\n<div style=\"display: flex; flex-wrap: wrap; gap: 14px; width: 100%; max-width: 100%; min-width: 100%; box-sizing: border-box;\">\n<div style=\"flex: 1; min-width: 200px; background: #f5f7ff; border-radius: 8px; padding: 16px; box-sizing: border-box; border: 1px solid #c5d3f0; text-align: center; transition: box-shadow 0.3s, transform 0.3s;\">\n<p style=\"font-size: 28px; margin: 0 0 6px 0;\">\u2699<\/p>\n<p style=\"font-size: clamp(12px, 1.2vw + 9px, 14px); color: #0d47a1; font-weight: bold; margin: 0 0 4px 0;\">Rotorlar<\/p>\n<p style=\"font-size: clamp(12px, 1.1vw + 9px, 13px); color: #555; margin: 0;\">42CrMo4 ala\u015f\u0131ml\u0131 \u00e7elik, profil ta\u015flanm\u0131\u015f, nikel kaplama se\u00e7ene\u011fi<\/p>\n<\/div>\n<div style=\"flex: 1; min-width: 200px; background: #f5f7ff; border-radius: 8px; padding: 16px; box-sizing: border-box; border: 1px solid #c5d3f0; text-align: center; transition: box-shadow 0.3s, transform 0.3s;\">\n<p style=\"font-size: 28px; margin: 0 0 6px 0;\">\ud83c\udfed<\/p>\n<p style=\"font-size: clamp(12px, 1.2vw + 9px, 14px); color: #0d47a1; font-weight: bold; margin: 0 0 4px 0;\">Konut<\/p>\n<p style=\"font-size: clamp(12px, 1.1vw + 9px, 13px); color: #555; margin: 0;\">EN-GJL-250 gri d\u00f6kme demir, bilenmi\u015f i\u00e7 y\u00fczey Ra &lt;0,4 \u03bcm<\/p>\n<\/div>\n<div style=\"flex: 1; min-width: 200px; background: #f5f7ff; border-radius: 8px; padding: 16px; box-sizing: border-box; border: 1px solid #c5d3f0; text-align: center; transition: box-shadow 0.3s, transform 0.3s;\">\n<p style=\"font-size: 28px; margin: 0 0 6px 0;\">\ud83d\udd0b<\/p>\n<p style=\"font-size: clamp(12px, 1.2vw + 9px, 14px); color: #0d47a1; font-weight: bold; margin: 0 0 4px 0;\">Ya\u011f Sistemi<\/p>\n<p style=\"font-size: clamp(12px, 1.1vw + 9px, 13px); color: #555; margin: 0;\">316L paslanmaz \u00e7elik i\u00e7 aksam, birle\u015ftirici ay\u0131r\u0131c\u0131 &lt;3 ppm<\/p>\n<\/div>\n<div style=\"flex: 1; min-width: 200px; background: #f5f7ff; border-radius: 8px; padding: 16px; box-sizing: border-box; border: 1px solid #c5d3f0; text-align: center; transition: box-shadow 0.3s, transform 0.3s;\">\n<p style=\"font-size: 28px; margin: 0 0 6px 0;\">\u26a1<\/p>\n<p style=\"font-size: clamp(12px, 1.2vw + 9px, 14px); color: #0d47a1; font-weight: bold; margin: 0 0 4px 0;\">Motor<\/p>\n<p style=\"font-size: clamp(12px, 1.1vw + 9px, 13px); color: #555; margin: 0;\">IE4\/IE5 PM motor, IP65, F s\u0131n\u0131f\u0131 izolasyon<\/p>\n<\/div>\n<div style=\"flex: 1; min-width: 200px; background: #f5f7ff; border-radius: 8px; padding: 16px; box-sizing: border-box; border: 1px solid #c5d3f0; text-align: center; transition: box-shadow 0.3s, transform 0.3s;\">\n<p style=\"font-size: 28px; margin: 0 0 6px 0;\">\ud83d\udcc8<\/p>\n<p style=\"font-size: clamp(12px, 1.2vw + 9px, 14px); color: #0d47a1; font-weight: bold; margin: 0 0 4px 0;\">Rulmanlar<\/p>\n<p style=\"font-size: clamp(12px, 1.1vw + 9px, 13px); color: #555; margin: 0;\">Konik silindir + a\u00e7\u0131l\u0131 temas, L10h &gt;100.000 saat<\/p>\n<\/div>\n<\/div>\n<\/div>\n<p><!-- Section 4: Performance Specifications Table --><\/p>\n<div style=\"background: #ffffff; border-radius: 14px; padding: 3%; margin: 28px 0; box-sizing: border-box; box-shadow: 0 4px 24px rgba(13,71,161,0.08); border-left: 5px solid #e65100; transition: box-shadow 0.3s, transform 0.3s; width: 100%; max-width: 100%; min-width: 100%;\">\n<h2 style=\"font-size: clamp(17px, 2vw + 11px, 24px); color: #0d47a1; font-weight: bold; margin: 0 0 18px 0; padding-bottom: 10px; border-bottom: 2px solid #e3f0ff;\">\u00dcr\u00fcn Teknik ve Performans \u00d6zellikleri<\/h2>\n<p style=\"font-size: clamp(14px, 1.5vw + 10px, 16px); color: #555; line-height: 1.7; margin: 0 0 20px 0;\">A\u015fa\u011f\u0131daki tablo, \u0130ngiltere'deki orta ve b\u00fcy\u00fck \u00f6l\u00e7ekli end\u00fcstriyel tesislerde en s\u0131k belirtilen g\u00fc\u00e7 aral\u0131\u011f\u0131n\u0131 kapsayan Ever Power de\u011fi\u015fken frekansl\u0131 vidal\u0131 hava kompres\u00f6r\u00fc serisi i\u00e7in temsili performans verilerini sunmaktad\u0131r. T\u00fcm de\u011ferler, ISO 1217 Ek E test protokol\u00fcne uygun olarak standart giri\u015f ko\u015fullar\u0131nda (20 \u00b0C, 1 bar mutlak bas\u0131n\u00e7, %0,15 ba\u011f\u0131l nem) \u00f6l\u00e7\u00fclm\u00fc\u015ft\u00fcr.<\/p>\n<div style=\"overflow-x: auto; width: 100%; max-width: 100%; min-width: 100%; box-sizing: border-box;\">\n<table style=\"width: 100%; border-collapse: collapse; font-size: clamp(12px, 1.2vw + 9px, 14px); min-width: 560px;\">\n<thead>\n<tr style=\"background: linear-gradient(90deg, #0d47a1, #1565c0); color: #fff;\">\n<th style=\"padding: 12px 10px; text-align: left; border: 1px solid #1976d2; white-space: nowrap;\">Parametre<\/th>\n<th style=\"padding: 12px 10px; text-align: center; border: 1px solid #1976d2; white-space: nowrap;\">CM90PVF<\/th>\n<th style=\"padding: 12px 10px; text-align: center; border: 1px solid #1976d2; white-space: nowrap;\">CM110PVF<\/th>\n<th style=\"padding: 12px 10px; text-align: center; border: 1px solid #1976d2; white-space: nowrap;\">CM132PVF<\/th>\n<th style=\"padding: 12px 10px; text-align: center; border: 1px solid #1976d2; white-space: nowrap;\">CM160PVF<\/th>\n<th style=\"padding: 12px 10px; text-align: center; border: 1px solid #1976d2; white-space: nowrap;\">CM200PVF<\/th>\n<\/tr>\n<\/thead>\n<tbody>\n<tr style=\"background: #f4f8ff;\">\n<td style=\"padding: 10px; border: 1px solid #d0ddf7; color: #0d47a1; font-weight: 600;\">Motor G\u00fcc\u00fc (kW)<\/td>\n<td style=\"padding: 10px; border: 1px solid #d0ddf7; text-align: center;\">90<\/td>\n<td style=\"padding: 10px; border: 1px solid #d0ddf7; text-align: center;\">110<\/td>\n<td style=\"padding: 10px; border: 1px solid #d0ddf7; text-align: center;\">132<\/td>\n<td style=\"padding: 10px; border: 1px solid #d0ddf7; text-align: center;\">160<\/td>\n<td style=\"padding: 10px; border: 1px solid #d0ddf7; text-align: center;\">200<\/td>\n<\/tr>\n<tr style=\"background: #ffffff;\">\n<td style=\"padding: 10px; border: 1px solid #d0ddf7; color: #0d47a1; font-weight: 600;\">FAD @ 8 bar (m\u00b3\/dak)<\/td>\n<td style=\"padding: 10px; border: 1px solid #d0ddf7; text-align: center;\">14.8<\/td>\n<td style=\"padding: 10px; border: 1px solid #d0ddf7; text-align: center;\">18.2<\/td>\n<td style=\"padding: 10px; border: 1px solid #d0ddf7; text-align: center;\">21.6<\/td>\n<td style=\"padding: 10px; border: 1px solid #d0ddf7; text-align: center;\">26.3<\/td>\n<td style=\"padding: 10px; border: 1px solid #d0ddf7; text-align: center;\">33.1<\/td>\n<\/tr>\n<tr style=\"background: #f4f8ff;\">\n<td style=\"padding: 10px; border: 1px solid #d0ddf7; color: #0d47a1; font-weight: 600;\">\u00c7al\u0131\u015fma Bas\u0131nc\u0131 Aral\u0131\u011f\u0131 (bar)<\/td>\n<td style=\"padding: 10px; border: 1px solid #d0ddf7; text-align: center;\">4 \u2013 13<\/td>\n<td style=\"padding: 10px; border: 1px solid #d0ddf7; text-align: center;\">4 \u2013 13<\/td>\n<td style=\"padding: 10px; border: 1px solid #d0ddf7; text-align: center;\">4 \u2013 13<\/td>\n<td style=\"padding: 10px; border: 1px solid #d0ddf7; text-align: center;\">4 \u2013 13<\/td>\n<td style=\"padding: 10px; border: 1px solid #d0ddf7; text-align: center;\">4 \u2013 13<\/td>\n<\/tr>\n<tr style=\"background: #ffffff;\">\n<td style=\"padding: 10px; border: 1px solid #d0ddf7; color: #0d47a1; font-weight: 600;\">\u00d6zg\u00fcl G\u00fc\u00e7 (kW \/ m\u00b3\/dak)<\/td>\n<td style=\"padding: 10px; border: 1px solid #d0ddf7; text-align: center;\">6.08<\/td>\n<td style=\"padding: 10px; border: 1px solid #d0ddf7; text-align: center;\">6.04<\/td>\n<td style=\"padding: 10px; border: 1px solid #d0ddf7; text-align: center;\">6.11<\/td>\n<td style=\"padding: 10px; border: 1px solid #d0ddf7; text-align: center;\">6.08<\/td>\n<td style=\"padding: 10px; border: 1px solid #d0ddf7; text-align: center;\">6.04<\/td>\n<\/tr>\n<tr style=\"background: #f4f8ff;\">\n<td style=\"padding: 10px; border: 1px solid #d0ddf7; color: #0d47a1; font-weight: 600;\">H\u0131z Aral\u0131\u011f\u0131 (rpm)<\/td>\n<td style=\"padding: 10px; border: 1px solid #d0ddf7; text-align: center;\">850 \u2013 3200<\/td>\n<td style=\"padding: 10px; border: 1px solid #d0ddf7; text-align: center;\">850 \u2013 3200<\/td>\n<td style=\"padding: 10px; border: 1px solid #d0ddf7; text-align: center;\">850 \u2013 3000<\/td>\n<td style=\"padding: 10px; border: 1px solid #d0ddf7; text-align: center;\">850 \u2013 3000<\/td>\n<td style=\"padding: 10px; border: 1px solid #d0ddf7; text-align: center;\">750 \u2013 2800<\/td>\n<\/tr>\n<tr style=\"background: #ffffff;\">\n<td style=\"padding: 10px; border: 1px solid #d0ddf7; color: #0d47a1; font-weight: 600;\">Bas\u0131n\u00e7 D\u00fczenleme Bant Geni\u015fli\u011fi (bar)<\/td>\n<td style=\"padding: 10px; border: 1px solid #d0ddf7; text-align: center;\">\u00b1 0,1<\/td>\n<td style=\"padding: 10px; border: 1px solid #d0ddf7; text-align: center;\">\u00b1 0,1<\/td>\n<td style=\"padding: 10px; border: 1px solid #d0ddf7; text-align: center;\">\u00b1 0,1<\/td>\n<td style=\"padding: 10px; border: 1px solid #d0ddf7; text-align: center;\">\u00b1 0,1<\/td>\n<td style=\"padding: 10px; border: 1px solid #d0ddf7; text-align: center;\">\u00b1 0,1<\/td>\n<\/tr>\n<tr style=\"background: #f4f8ff;\">\n<td style=\"padding: 10px; border: 1px solid #d0ddf7; color: #0d47a1; font-weight: 600;\">\u00c7\u0131k\u0131\u015ftaki Ya\u011f \u0130\u00e7eri\u011fi (ppm)<\/td>\n<td style=\"padding: 10px; border: 1px solid #d0ddf7; text-align: center;\">&lt; 3<\/td>\n<td style=\"padding: 10px; border: 1px solid #d0ddf7; text-align: center;\">&lt; 3<\/td>\n<td style=\"padding: 10px; border: 1px solid #d0ddf7; text-align: center;\">&lt; 3<\/td>\n<td style=\"padding: 10px; border: 1px solid #d0ddf7; text-align: center;\">&lt; 3<\/td>\n<td style=\"padding: 10px; border: 1px solid #d0ddf7; text-align: center;\">&lt; 3<\/td>\n<\/tr>\n<tr style=\"background: #ffffff;\">\n<td style=\"padding: 10px; border: 1px solid #d0ddf7; color: #0d47a1; font-weight: 600;\">1 m'de G\u00fcr\u00fclt\u00fc Seviyesi (dB(A))<\/td>\n<td style=\"padding: 10px; border: 1px solid #d0ddf7; text-align: center;\">72 \u00b1 2<\/td>\n<td style=\"padding: 10px; border: 1px solid #d0ddf7; text-align: center;\">73 \u00b1 2<\/td>\n<td style=\"padding: 10px; border: 1px solid #d0ddf7; text-align: center;\">74 \u00b1 2<\/td>\n<td style=\"padding: 10px; border: 1px solid #d0ddf7; text-align: center;\">75 \u00b1 2<\/td>\n<td style=\"padding: 10px; border: 1px solid #d0ddf7; text-align: center;\">76 \u00b1 2<\/td>\n<\/tr>\n<tr style=\"background: #f4f8ff;\">\n<td style=\"padding: 10px; border: 1px solid #d0ddf7; color: #0d47a1; font-weight: 600;\">Motor Verimlilik S\u0131n\u0131f\u0131<\/td>\n<td style=\"padding: 10px; border: 1px solid #d0ddf7; text-align: center;\">IE4 PM<\/td>\n<td style=\"padding: 10px; border: 1px solid #d0ddf7; text-align: center;\">IE4 PM<\/td>\n<td style=\"padding: 10px; border: 1px solid #d0ddf7; text-align: center;\">IE4 PM<\/td>\n<td style=\"padding: 10px; border: 1px solid #d0ddf7; text-align: center;\">IE5 PM<\/td>\n<td style=\"padding: 10px; border: 1px solid #d0ddf7; text-align: center;\">IE5 PM<\/td>\n<\/tr>\n<tr style=\"background: #ffffff;\">\n<td style=\"padding: 10px; border: 1px solid #d0ddf7; color: #0d47a1; font-weight: 600;\">Rotor Profili<\/td>\n<td style=\"padding: 10px; border: 1px solid #d0ddf7; text-align: center;\" colspan=\"5\">4+6 asimetrik, 5 eksenli CNC ta\u015flanm\u0131\u015f, krom-nikel kaplama<\/td>\n<\/tr>\n<tr style=\"background: #f4f8ff;\">\n<td style=\"padding: 10px; border: 1px solid #d0ddf7; color: #0d47a1; font-weight: 600;\">Hava Temizli\u011fi S\u0131n\u0131f\u0131 (ISO 8573-1)<\/td>\n<td style=\"padding: 10px; border: 1px solid #d0ddf7; text-align: center;\" colspan=\"5\">S\u0131n\u0131f 3 standard\u0131; iste\u011fe ba\u011fl\u0131 son i\u015flemle S\u0131n\u0131f 1.<\/td>\n<\/tr>\n<tr style=\"background: #ffffff;\">\n<td style=\"padding: 10px; border: 1px solid #d0ddf7; color: #0d47a1; font-weight: 600;\">Ortam S\u0131cakl\u0131\u011f\u0131 Aral\u0131\u011f\u0131 (\u00b0C)<\/td>\n<td style=\"padding: 10px; border: 1px solid #d0ddf7; text-align: center;\" colspan=\"5\">-5 \u00b0C ila +45 \u00b0C (s\u0131f\u0131r\u0131n alt\u0131ndaki s\u0131cakl\u0131klar i\u00e7in so\u011fuk \u00e7al\u0131\u015ft\u0131rma kiti mevcuttur)<\/td>\n<\/tr>\n<tr style=\"background: #f4f8ff;\">\n<td style=\"padding: 10px; border: 1px solid #d0ddf7; color: #0d47a1; font-weight: 600;\">\u0130leti\u015fim Protokolleri<\/td>\n<td style=\"padding: 10px; border: 1px solid #d0ddf7; text-align: center;\" colspan=\"5\">Modbus RTU\/TCP, Profibus DP, EtherNet\/IP, BACnet (iste\u011fe ba\u011fl\u0131)<\/td>\n<\/tr>\n<tr style=\"background: #ffffff;\">\n<td style=\"padding: 10px; border: 1px solid #d0ddf7; color: #0d47a1; font-weight: 600;\">Sertifikasyon<\/td>\n<td style=\"padding: 10px; border: 1px solid #d0ddf7; text-align: center;\" colspan=\"5\">CE, UKCA, ISO 9001:2015, PED 2014\/68\/EU, ATEX (talep \u00fczerine)<\/td>\n<\/tr>\n<\/tbody>\n<\/table>\n<\/div>\n<\/div>\n<p><!-- Section 5: Product Advantages --><\/p>\n<div style=\"background: #ffffff; border-radius: 14px; padding: 3%; margin: 28px 0; box-sizing: border-box; box-shadow: 0 4px 24px rgba(13,71,161,0.08); border-left: 5px solid #7b1fa2; transition: box-shadow 0.3s, transform 0.3s; width: 100%; max-width: 100%; min-width: 100%;\">\n<h2 style=\"font-size: clamp(17px, 2vw + 11px, 24px); color: #0d47a1; font-weight: bold; margin: 0 0 18px 0; padding-bottom: 10px; border-bottom: 2px solid #e3f0ff;\">De\u011fi\u015fken Frekansl\u0131 Vidal\u0131 Hava Kompres\u00f6rlerinin Temel Teknik Avantajlar\u0131<\/h2>\n<div style=\"display: flex; flex-wrap: wrap; gap: 18px; width: 100%; max-width: 100%; min-width: 100%; box-sizing: border-box;\">\n<div style=\"flex: 1 1 280px; background: linear-gradient(135deg, #e3f0ff 0%, #f8faff 100%); border-radius: 12px; padding: 22px; box-sizing: border-box; border: 1px solid #c5d3f0; transition: box-shadow 0.3s, transform 0.3s, border-color 0.3s;\">\n<p style=\"font-size: 32px; margin: 0 0 10px 0;\">\u26a1<\/p>\n<p style=\"font-size: clamp(14px, 1.5vw + 10px, 16px); color: #0d47a1; font-weight: bold; margin: 0 0 10px 0;\">25\u201345%'nin Enerji Tasarrufu<\/p>\n<p style=\"font-size: clamp(13px, 1.3vw + 9px, 15px); color: #444; line-height: 1.7; margin: 0;\">VFD, d\u00fc\u015f\u00fck y\u00fck d\u00f6nemlerinde sabit h\u0131zl\u0131 kompres\u00f6r enerji t\u00fcketiminin -30%'sine neden olan r\u00f6lanti kay\u0131plar\u0131n\u0131 ortadan kald\u0131r\u0131r. Birle\u015fik Krall\u0131k'ta de\u011fi\u015fken \u00fcretim hacimleriyle \u00e7ift vardiya d\u00fczeninde \u00e7al\u0131\u015fan bir tesiste, 110-160 kW makine boyutlar\u0131 i\u00e7in y\u0131ll\u0131k elektrik maliyetlerinde 12.000 \u00a3 ile 28.000 \u00a3 aras\u0131nda d\u00fczenli olarak tasarruf sa\u011fland\u0131\u011f\u0131 belgelenmi\u015ftir. Kal\u0131c\u0131 m\u0131knat\u0131sl\u0131 motor, 25-100% y\u00fck aral\u0131\u011f\u0131nda %'nin \u00fczerinde verimlili\u011fi korurken, geleneksel ind\u00fcksiyon motorlar\u0131 % y\u00fck\u00fcn alt\u0131nda h\u0131zla verimlilik kaybeder.<\/p>\n<\/div>\n<div style=\"flex: 1 1 280px; background: linear-gradient(135deg, #e8f5e9 0%, #f8fff8 100%); border-radius: 12px; padding: 22px; box-sizing: border-box; border: 1px solid #c8e6c9; transition: box-shadow 0.3s, transform 0.3s, border-color 0.3s;\">\n<p style=\"font-size: 32px; margin: 0 0 10px 0;\">\ud83d\udcc8<\/p>\n<p style=\"font-size: clamp(14px, 1.5vw + 10px, 16px); color: #2e7d32; font-weight: bold; margin: 0 0 10px 0;\">Hassas Bas\u0131n\u00e7 Kontrol\u00fc (\u00b10,1 bar)<\/p>\n<p style=\"font-size: clamp(13px, 1.3vw + 9px, 15px); color: #444; line-height: 1.7; margin: 0;\">Sabit h\u0131zl\u0131 kompres\u00f6rler, 1,0\u20131,5 bar'l\u0131k bir bas\u0131n\u00e7 aral\u0131\u011f\u0131nda (y\u00fckleme ve bo\u015faltma ayar noktalar\u0131 aras\u0131ndaki fark) \u00e7al\u0131\u015f\u0131r; bu da a\u015fa\u011f\u0131 ak\u0131\u015fta bulunan aletlerin ve i\u015flemlerin bu aral\u0131kta bas\u0131n\u00e7 dalgalanmas\u0131 ya\u015fad\u0131\u011f\u0131 anlam\u0131na gelir. VFD kompres\u00f6r, de\u015farj bas\u0131nc\u0131n\u0131 s\u00fcrekli olarak ayar noktas\u0131n\u0131n \u00b10,1 bar'\u0131 i\u00e7inde tutarak, CNC i\u015fleme, robotik montaj ve pn\u00f6matik \u015fekillendirme gibi boyut tekrarlanabilirli\u011finin tutarl\u0131 akt\u00fcat\u00f6r kuvvetine ba\u011fl\u0131 oldu\u011fu i\u015flemlerde bas\u0131nca ba\u011fl\u0131 kalite de\u011fi\u015fimini ortadan kald\u0131r\u0131r.<\/p>\n<\/div>\n<div style=\"flex: 1 1 280px; background: linear-gradient(135deg, #fff8e1 0%, #fffdf5 100%); border-radius: 12px; padding: 22px; box-sizing: border-box; border: 1px solid #ffe082; transition: box-shadow 0.3s, transform 0.3s, border-color 0.3s;\">\n<p style=\"font-size: 32px; margin: 0 0 10px 0;\">\ud83d\udd29<\/p>\n<p style=\"font-size: clamp(14px, 1.5vw + 10px, 16px); color: #e65100; font-weight: bold; margin: 0 0 10px 0;\">Uzat\u0131lm\u0131\u015f Servis Aral\u0131\u011f\u0131<\/p>\n<p style=\"font-size: clamp(13px, 1.3vw + 9px, 15px); color: #444; line-height: 1.7; margin: 0;\">VFD reg\u00fclasyonu sayesinde elde edilen daha d\u00fc\u015f\u00fck ortalama \u00e7al\u0131\u015fma h\u0131zlar\u0131, yatak yorgunlu\u011funu, rotor ucu h\u0131z\u0131n\u0131 ve ya\u011f kesme oranlar\u0131n\u0131 orant\u0131l\u0131 olarak azalt\u0131r. \u0130ngiltere'deki \u00fcretim tesislerinden elde edilen saha verileri, ayn\u0131 \u00fcretim program\u0131nda \u00e7al\u0131\u015fan e\u015fde\u011fer sabit h\u0131zl\u0131 makinelerle kar\u015f\u0131la\u015ft\u0131r\u0131ld\u0131\u011f\u0131nda, planl\u0131 bak\u0131m m\u00fcdahaleleri aras\u0131ndaki ortalama s\u00fcrede 30-40%'lik bir art\u0131\u015f oldu\u011funu g\u00f6stermektedir. Sentetik kompres\u00f6r ya\u011f\u0131 belirtildi\u011finde, standart \u00e7al\u0131\u015fma ortamlar\u0131nda ya\u011f de\u011fi\u015fim aral\u0131klar\u0131 tipik 4.000 saatten 6.000 saate uzat\u0131l\u0131r.<\/p>\n<\/div>\n<div style=\"flex: 1 1 280px; background: linear-gradient(135deg, #f3e5f5 0%, #fdf8ff 100%); border-radius: 12px; padding: 22px; box-sizing: border-box; border: 1px solid #e1bee7; transition: box-shadow 0.3s, transform 0.3s, border-color 0.3s;\">\n<p style=\"font-size: 32px; margin: 0 0 10px 0;\">\ud83d\udd0a<\/p>\n<p style=\"font-size: clamp(14px, 1.5vw + 10px, 16px); color: #7b1fa2; font-weight: bold; margin: 0 0 10px 0;\">Azalt\u0131lm\u0131\u015f Akustik Emisyon<\/p>\n<p style=\"font-size: clamp(13px, 1.3vw + 9px, 15px); color: #444; line-height: 1.7; margin: 0;\">De\u011fi\u015fken h\u0131zda \u00e7al\u0131\u015fma, k\u0131smi y\u00fckte, giri\u015f valfi mod\u00fclasyonu ile nominal h\u0131zda \u00e7al\u0131\u015fan sabit h\u0131zl\u0131 e\u015fde\u011ferlerine k\u0131yasla akustik \u00e7\u0131k\u0131\u015f\u0131 3-6 dB(A) azalt\u0131r. Tipik Birle\u015fik Krall\u0131k fabrika ortam g\u00fcr\u00fclt\u00fc seviyelerinde (70-75 dB(A)), bu azalma \u00e7al\u0131\u015fma ortam\u0131n\u0131 \u00f6nemli \u00f6l\u00e7\u00fcde iyile\u015ftirir ve 2005 tarihli \u0130\u015fyerinde G\u00fcr\u00fclt\u00fc Y\u00f6netmeli\u011fi risk de\u011ferlendirmesi kapsam\u0131nda yeni bir kompres\u00f6r kurulumunun akustik muhafaza takviyesine ihtiya\u00e7 duyup duymad\u0131\u011f\u0131n\u0131 belirleyebilir.<\/p>\n<\/div>\n<div style=\"flex: 1 1 280px; background: linear-gradient(135deg, #e0f7fa 0%, #f5fdff 100%); border-radius: 12px; padding: 22px; box-sizing: border-box; border: 1px solid #b2ebf2; transition: box-shadow 0.3s, transform 0.3s, border-color 0.3s;\">\n<p style=\"font-size: 32px; margin: 0 0 10px 0;\">\ud83c\udf0e<\/p>\n<p style=\"font-size: clamp(14px, 1.5vw + 10px, 16px); color: #00838f; font-weight: bold; margin: 0 0 10px 0;\">Karbon Ayak \u0130zi Azalt\u0131m\u0131<\/p>\n<p style=\"font-size: clamp(13px, 1.3vw + 9px, 15px); color: #444; line-height: 1.7; margin: 0;\">Birle\u015fik Krall\u0131k \u015febekesinin karbon yo\u011funlu\u011funun 2024 y\u0131l\u0131nda kWh ba\u015f\u0131na ortalama 0,225 kg CO2e oldu\u011fu g\u00f6z \u00f6n\u00fcne al\u0131nd\u0131\u011f\u0131nda, y\u0131lda 6.000 saat \u00e7al\u0131\u015fan sabit h\u0131zl\u0131 e\u015fde\u011fer bir kompres\u00f6re k\u0131yasla 35% enerji tasarrufu sa\u011flayan 132 kW'l\u0131k bir VFD kompres\u00f6r, y\u0131lda yakla\u015f\u0131k 62 ton CO2e emisyonunu \u00f6nler; bu da Birle\u015fik Krall\u0131k'\u0131n Karbon A\u00e7\u0131klama Projesi ve Net S\u0131f\u0131r 2050 \u00e7er\u00e7evesi kapsam\u0131ndaki Kapsam 2 emisyon hedeflerine anlaml\u0131 bir katk\u0131 sa\u011flar. Bir\u00e7ok Birle\u015fik Krall\u0131k ihracat odakl\u0131 \u00fcretici, bu kompres\u00f6r se\u00e7imini tedarik zinciri s\u00fcrd\u00fcr\u00fclebilirlik raporlamalar\u0131n\u0131n bir par\u00e7as\u0131 olarak g\u00f6rmektedir.<\/p>\n<\/div>\n<div style=\"flex: 1 1 280px; background: linear-gradient(135deg, #fce4ec 0%, #fff8fa 100%); border-radius: 12px; padding: 22px; box-sizing: border-box; border: 1px solid #f8bbd0; transition: box-shadow 0.3s, transform 0.3s, border-color 0.3s;\">\n<p style=\"font-size: 32px; margin: 0 0 10px 0;\">\ud83d\udd0c<\/p>\n<p style=\"font-size: clamp(14px, 1.5vw + 10px, 16px); color: #c2185b; font-weight: bold; margin: 0 0 10px 0;\">Yumu\u015fak Ba\u015flatma ve G\u00fc\u00e7 Fakt\u00f6r\u00fc \u0130yile\u015ftirme<\/p>\n<p style=\"font-size: clamp(13px, 1.3vw + 9px, 15px); color: #444; line-height: 1.7; margin: 0;\">VFD, do\u011frudan hat ba\u011flant\u0131l\u0131 veya y\u0131ld\u0131z-\u00fc\u00e7gen ba\u011flant\u0131l\u0131 makinelerde 500-700% olan tam y\u00fck ak\u0131m\u0131na k\u0131yasla, motorun ba\u015flang\u0131\u00e7 \u200b\u200bak\u0131m\u0131n\u0131 do\u011fal olarak 100-130% ile s\u0131n\u0131rland\u0131r\u0131r. Bu, yerel da\u011f\u0131t\u0131m \u015febekesindeki voltaj bozulmas\u0131n\u0131 ortadan kald\u0131rarak, ayn\u0131 beslemeyi payla\u015fan hassas CNC ve enstr\u00fcmantasyon ekipmanlar\u0131n\u0131 korur. VFD giri\u015findeki g\u00fc\u00e7 fakt\u00f6r\u00fc, t\u00fcm y\u00fck aral\u0131\u011f\u0131 boyunca 0,95'in \u00fczerinde tutularak, maksimum talep tarifeleri alt\u0131nda faturaland\u0131r\u0131lan \u0130ngiltere elektrik tedarik s\u00f6zle\u015fmelerindeki reaktif g\u00fc\u00e7 maliyetlerini azalt\u0131r.<\/p>\n<\/div>\n<\/div>\n<\/div>\n<p><!-- Section 6: Application Scenarios with second image --><\/p>\n<div style=\"background: #ffffff; border-radius: 14px; padding: 3%; margin: 28px 0; box-sizing: border-box; box-shadow: 0 4px 24px rgba(13,71,161,0.08); border-left: 5px solid #00796b; transition: box-shadow 0.3s, transform 0.3s; width: 100%; max-width: 100%; min-width: 100%;\">\n<h2 style=\"font-size: clamp(17px, 2vw + 11px, 24px); color: #0d47a1; font-weight: bold; margin: 0 0 18px 0; padding-bottom: 10px; border-bottom: 2px solid #e3f0ff;\">End\u00fcstriyel Uygulama Senaryolar\u0131: De\u011fi\u015fken Frekansl\u0131 Vidal\u0131 Hava Kompres\u00f6rlerinin En B\u00fcy\u00fck De\u011feri Sa\u011flad\u0131\u011f\u0131 Alanlar<\/h2>\n<p><img loading=\"lazy\" decoding=\"async\" class=\"alignnone size-full wp-image-371\" src=\"https:\/\/air-compressor-for-laser-cutter.com\/wp-content\/uploads\/2026\/03\/ep-Stainless-Steel-Gas-Tank-for-Air-Compressor-Post-processing-Equipment-2-1.webp\" alt=\"hava kompres\u00f6r\u00fc\" width=\"1680\" height=\"608\" srcset=\"https:\/\/air-compressor-for-laser-cutter.com\/wp-content\/uploads\/2026\/03\/ep-Stainless-Steel-Gas-Tank-for-Air-Compressor-Post-processing-Equipment-2-1.webp 1680w, https:\/\/air-compressor-for-laser-cutter.com\/wp-content\/uploads\/2026\/03\/ep-Stainless-Steel-Gas-Tank-for-Air-Compressor-Post-processing-Equipment-2-1-1280x463.webp 1280w, https:\/\/air-compressor-for-laser-cutter.com\/wp-content\/uploads\/2026\/03\/ep-Stainless-Steel-Gas-Tank-for-Air-Compressor-Post-processing-Equipment-2-1-980x355.webp 980w, https:\/\/air-compressor-for-laser-cutter.com\/wp-content\/uploads\/2026\/03\/ep-Stainless-Steel-Gas-Tank-for-Air-Compressor-Post-processing-Equipment-2-1-480x174.webp 480w\" sizes=\"(min-width: 0px) and (max-width: 480px) 480px, (min-width: 481px) and (max-width: 980px) 980px, (min-width: 981px) and (max-width: 1280px) 1280px, (min-width: 1281px) 1680px, 100vw\" \/><\/p>\n<p>&nbsp;<\/p>\n<div style=\"display: flex; flex-wrap: wrap; gap: 22px; width: 100%; max-width: 100%; min-width: 100%; box-sizing: border-box;\">\n<p><!-- App 1 --><\/p>\n<div style=\"flex: 1 1 280px; background: #f8faff; border-radius: 12px; padding: 20px; box-sizing: border-box; border-top: 4px solid #0d47a1; transition: box-shadow 0.3s, transform 0.3s;\">\n<p style=\"font-size: clamp(14px, 1.5vw + 10px, 16px); color: #0d47a1; font-weight: bold; margin: 0 0 10px 0;\">\u2708 Havac\u0131l\u0131k ve Uzay Bile\u015fenleri \u00dcretimi (Bristol ve Derby)<\/p>\n<p style=\"font-size: clamp(13px, 1.3vw + 9px, 15px); color: #444; line-height: 1.7; margin: 0;\">Bristol ve Derby b\u00f6lgelerindeki havac\u0131l\u0131k \u00fcretim tesisleri (Airbus, Rolls-Royce ve GE Aviation i\u00e7in birinci kademe tedarik zincirlerine hizmet vermektedir) s\u00fcrekli olarak ISO 8573-1 S\u0131n\u0131f 1'e uygun partik\u00fcl say\u0131s\u0131, nem ve ya\u011f i\u00e7eri\u011fine sahip bas\u0131n\u00e7l\u0131 hava kalitesi talep etmektedir. Bu sekt\u00f6rdeki VFD vidal\u0131 kompres\u00f6rler, \u00e7i\u011flenme noktalar\u0131n\u0131 -40 \u00b0C'nin alt\u0131na d\u00fc\u015f\u00fcrmek i\u00e7in her zaman a\u015fa\u011f\u0131 ak\u0131\u015f so\u011futma kurutucular\u0131, aktif karbon adsorberleri ve birle\u015fme filtrasyonu ile birlikte belirtilmektedir. Bas\u0131n\u00e7 kararl\u0131l\u0131\u011f\u0131, kuvvet tekrarlanabilirli\u011finin do\u011frudan yap\u0131sal birle\u015ftirme kalitesine ve AS9100 denetim uyumlulu\u011funa d\u00f6n\u00fc\u015ft\u00fc\u011f\u00fc robotik per\u00e7inleme aletleri i\u00e7in kritik \u00f6neme sahiptir.<\/p>\n<\/div>\n<p><!-- App 2 --><\/p>\n<div style=\"flex: 1 1 280px; background: #f8faff; border-radius: 12px; padding: 20px; box-sizing: border-box; border-top: 4px solid #c62828; transition: box-shadow 0.3s, transform 0.3s;\">\n<p style=\"font-size: clamp(14px, 1.5vw + 10px, 16px); color: #c62828; font-weight: bold; margin: 0 0 10px 0;\">\ud83d\ude97 Otomotiv G\u00f6vde Presleme ve Montaj\u0131 (Birmingham ve Coventry)<\/p>\n<p style=\"font-size: clamp(13px, 1.3vw + 9px, 15px); color: #444; line-height: 1.7; margin: 0;\">Birmingham, Coventry ve Solihull'deki presleme tesisleri, alt montaj tesisleri ve ikinci kademe bile\u015fen \u00fcreticilerini kapsayan Bat\u0131 Midlands otomotiv k\u00fcmesi, pn\u00f6matik s\u0131k\u0131\u015ft\u0131rma, transfer pres otomasyonu, diren\u00e7li nokta kaynak tabancalar\u0131 ve boya atomizasyonu i\u00e7in bas\u0131n\u00e7l\u0131 havaya ba\u011f\u0131ml\u0131d\u0131r. Talep, g\u00f6vde imalat vardiyalar\u0131 ve planl\u0131 ge\u00e7i\u015f d\u00f6nemleri aras\u0131nda \u00f6nemli \u00f6l\u00e7\u00fcde dalgalanmaktad\u0131r. 160 kW'l\u0131k bir VFD (De\u011fi\u015fken Frekans S\u00fcr\u00fcc\u00fcs\u00fc) <span style=\"color: #0d47a1;\">vidal\u0131 hava kompres\u00f6r\u00fc<\/span> Bu talep profiline yan\u0131t vermek, sabit h\u0131zl\u0131 bo\u015faltman\u0131n enerji israf\u0131n\u0131 ortadan kald\u0131r\u0131r ve tesisin, alet performans\u0131n\u0131 etkilemeden \u015febeke genelinde bas\u0131n\u00e7l\u0131 hava sistemi bas\u0131nc\u0131n\u0131 9 bar'dan 8 bar'a d\u00fc\u015f\u00fcrmesini sa\u011flar; bu da bas\u0131n\u00e7 d\u00fc\u015f\u00fc\u015f\u00fcn\u00fcn her bar'\u0131 i\u00e7in ek 4\u20136% enerji tasarrufu sa\u011flar.<\/p>\n<\/div>\n<p><!-- App 3 --><\/p>\n<div style=\"flex: 1 1 280px; background: #f8faff; border-radius: 12px; padding: 20px; box-sizing: border-box; border-top: 4px solid #1b5e20; transition: box-shadow 0.3s, transform 0.3s;\">\n<p style=\"font-size: clamp(14px, 1.5vw + 10px, 16px); color: #1b5e20; font-weight: bold; margin: 0 0 10px 0;\">\ud83d\udd2c \u0130la\u00e7 \u00dcretimi (Cheshire ve Do\u011fu Midlands)<\/p>\n<p style=\"font-size: clamp(13px, 1.3vw + 9px, 15px); color: #444; line-height: 1.7; margin: 0;\">Cheshire'daki fason \u00fcretim kurulu\u015flar\u0131 ve Do\u011fu Midlands genelindeki yerle\u015fik API \u00fcretim tesisleri de dahil olmak \u00fczere ila\u00e7 \u00fcretim tesisleri, tablet kaplama, kaps\u00fcl doldurma, fermantasyon tank\u0131 \u00e7alkalama ve temiz oda HVAC bas\u0131n\u00e7land\u0131rmas\u0131nda do\u011frudan proses yard\u0131mc\u0131 maddesi olarak bas\u0131n\u00e7l\u0131 hava kullanmaktad\u0131r. MHRA GMP y\u00f6nergeleri ve AB Ek 1 gereklilikleri, do\u011frulanm\u0131\u015f ve belgelenmi\u015f hava kalitesini zorunlu k\u0131lmaktad\u0131r. Bu ihtiya\u00e7lar\u0131 kar\u015f\u0131lamak i\u00e7in, a\u015fa\u011f\u0131 ak\u0131\u015f i\u015flemine sahip ya\u011fs\u0131z veya ya\u011f enjeksiyonlu VFD kompres\u00f6rler kullan\u0131lmaktad\u0131r; VFD'nin kararl\u0131 bas\u0131n\u00e7 da\u011f\u0131t\u0131m\u0131, s\u00fcrekli \u00fcretim s\u00fcre\u00e7lerinde parti ba\u015far\u0131s\u0131zl\u0131\u011f\u0131 soru\u015fturmalar\u0131n\u0131 tetikleyebilecek hava kalitesi sapmalar\u0131n\u0131 \u00f6nler.<\/p>\n<\/div>\n<p><!-- App 4 --><\/p>\n<div style=\"flex: 1 1 280px; background: #f8faff; border-radius: 12px; padding: 20px; box-sizing: border-box; border-top: 4px solid #e65100; transition: box-shadow 0.3s, transform 0.3s;\">\n<p style=\"font-size: clamp(14px, 1.5vw + 10px, 16px); color: #e65100; font-weight: bold; margin: 0 0 10px 0;\">\ud83c\udfed \u00c7elik ve Metal \u0130malat\u0131 (Sheffield ve Rotherham)<\/p>\n<p style=\"font-size: clamp(13px, 1.3vw + 9px, 15px); color: #444; line-height: 1.7; margin: 0;\">Sheffield ve Rotherham, savunma, enerji ve altyap\u0131 sekt\u00f6rlerine tedarik sa\u011flayan imalat at\u00f6lyeleriyle Birle\u015fik Krall\u0131k'ta \u00f6zel \u00e7elik \u00fcretiminin merkezi olmaya devam etmektedir. Bu ortamlardaki bas\u0131n\u00e7l\u0131 hava, plazma kesme, a\u015f\u0131nd\u0131r\u0131c\u0131 p\u00fcsk\u00fcrtme, kire\u00e7 giderme, pn\u00f6matik malzeme ta\u015f\u0131ma ve proses kontrol devrelerine enstr\u00fcman havas\u0131 beslemesi i\u00e7in kullan\u0131l\u0131r. Ortam havas\u0131ndaki y\u00fcksek partik\u00fcl kirlili\u011fi, havan\u0131n kompres\u00f6r giri\u015f valfine ula\u015fmadan \u00f6nce a\u011f\u0131r hizmet tipi giri\u015f filtrasyonu (tipik olarak G4 \u00f6n filtre art\u0131 F7 ince filtre) gerektirir. \u00c7elik imalat ortamlar\u0131ndaki VFD makineleri, f\u0131r\u0131n ve d\u00f6vme ekipman\u0131n\u0131n yak\u0131n\u0131ndaki y\u00fcksek ortam s\u0131cakl\u0131klar\u0131 i\u00e7in hassas bir \u015fekilde kalibre edilmi\u015f uzun so\u011futma aral\u0131klar\u0131ndan ve termostatik baypas kontrol\u00fcnden faydalan\u0131r.<\/p>\n<\/div>\n<p><!-- App 5 --><\/p>\n<div style=\"flex: 1 1 280px; background: #f8faff; border-radius: 12px; padding: 20px; box-sizing: border-box; border-top: 4px solid #4527a0; transition: box-shadow 0.3s, transform 0.3s;\">\n<p style=\"font-size: clamp(14px, 1.5vw + 10px, 16px); color: #4527a0; font-weight: bold; margin: 0 0 10px 0;\">\u26a1 Elektronik ve Hassas Lazer Kesim \u0130\u015flemleri (Cambridgeshire ve M4 Koridoru)<\/p>\n<p style=\"font-size: clamp(13px, 1.3vw + 9px, 15px); color: #444; line-height: 1.7; margin: 0;\">M4 teknoloji koridoru ve Cambridge \u00fcretim k\u00fcmesi boyunca elektronik kasa imalat\u0131nda, PCB kal\u0131plamada ve hassas sac metal i\u015flemlerinde kullan\u0131lan lazer kesim makineleri, \u00e7ok d\u00fc\u015f\u00fck nem i\u00e7eri\u011fine (bas\u0131n\u00e7 \u00e7i\u011f noktas\u0131 -20 \u00b0C'nin alt\u0131nda) sahip 6 ila 18 bar bas\u0131n\u00e7ta yard\u0131mc\u0131 gaz beslemesine ihtiya\u00e7 duymaktad\u0131r. <span style=\"color: #0d47a1;\">de\u011fi\u015fken frekansl\u0131 vidal\u0131 hava kompres\u00f6r\u00fc<\/span> Y\u00fcksek bas\u0131n\u00e7l\u0131 bir g\u00fc\u00e7lendirici ve membran kurutucu ile birlikte kullan\u0131ld\u0131\u011f\u0131nda, paslanmaz \u00e7elik, al\u00fcminyum ve karbon fiberde tutarl\u0131 kesim kalitesi i\u00e7in gerekli olan istikrarl\u0131 ve temiz hava ak\u0131\u015f\u0131n\u0131 sa\u011flar. Bas\u0131n\u00e7 tutarl\u0131l\u0131\u011f\u0131, ISO 13485 tescilli tesislerde proses kontrol \u00e7izelgelerine g\u00f6re izlenen bir parametre olan kesim geni\u015fli\u011fi homojenli\u011fini do\u011frudan belirler.<\/p>\n<\/div>\n<p><!-- App 6 with image --><\/p>\n<div style=\"flex: 1 1 280px; background: #f8faff; border-radius: 12px; padding: 20px; box-sizing: border-box; border-top: 4px solid #00695c; transition: box-shadow 0.3s, transform 0.3s;\">\n<p style=\"font-size: clamp(14px, 1.5vw + 10px, 16px); color: #00695c; font-weight: bold; margin: 0 0 10px 0;\">\ud83d\uded2 G\u0131da ve \u0130\u00e7ecek \u0130\u015fleme (Yorkshire ve Bat\u0131 Midlands)<\/p>\n<p style=\"font-size: clamp(13px, 1.3vw + 9px, 15px); color: #444; line-height: 1.7; margin: 0;\">Bat\u0131 Midlands'deki haz\u0131r yemek \u00fcretiminden Yorkshire genelindeki \u015fekerleme ve s\u00fct \u00fcr\u00fcnleri i\u015fletmelerine kadar g\u0131da i\u015fleme tesisleri, un, \u015feker ve kuru malzemelerin pn\u00f6matik ta\u015f\u0131nmas\u0131; \u015fi\u015fe \u00fcfleme; modifiye atmosferli paketleme ve dolum hatt\u0131 otomasyonu dahil olmak \u00fczere \u00fcr\u00fcnle temas eden uygulamalar i\u00e7in ya\u011fs\u0131z veya 1. S\u0131n\u0131f alet havas\u0131na ihtiya\u00e7 duyar. Perakendecilerin planlamas\u0131na ba\u011fl\u0131 olarak dalgalanan \u00fcretim hatt\u0131 verimlili\u011fi, bas\u0131n\u00e7l\u0131 hava talebinin sabah, \u00f6\u011fleden sonra ve gece vardiyalar\u0131 aras\u0131nda \u00f6nemli \u00f6l\u00e7\u00fcde de\u011fi\u015fmesi anlam\u0131na gelir. VFD kompres\u00f6rler, sabit h\u0131zl\u0131 makinelerin tekrarlanan y\u00fckleme\/bo\u015faltma dizileriyle \u00e7al\u0131\u015ft\u0131r\u0131lmas\u0131n\u0131n enerji kayb\u0131na yol a\u00e7madan bu talep dalgalanmalar\u0131na yan\u0131t verir.<\/p>\n<\/div>\n<\/div>\n<\/div>\n<p><!-- Section 7: Ever Power Factory Module --><\/p>\n<div style=\"background: linear-gradient(135deg, #0a1628 0%, #1a3a5c 60%, #0d47a1 100%); border-radius: 14px; padding: 3%; margin: 28px 0; box-sizing: border-box; box-shadow: 0 8px 36px rgba(13,71,161,0.22); width: 100%; max-width: 100%; min-width: 100%;\">\n<div style=\"display: flex; flex-wrap: wrap; gap: 22px; align-items: center; width: 100%; max-width: 100%; min-width: 100%; box-sizing: border-box;\">\n<div style=\"flex: 1 1 300px; box-sizing: border-box;\">\n<p style=\"font-size: clamp(11px, 1.2vw + 8px, 13px); color: #64b5f6; letter-spacing: 3px; text-transform: uppercase; margin: 0 0 10px 0; font-weight: 600;\">\u00dcretim M\u00fckemmelli\u011fi<\/p>\n<h2 style=\"font-size: clamp(18px, 2.2vw + 12px, 28px); color: #ffffff; font-weight: 800; margin: 0 0 16px 0; line-height: 1.25;\">Ever Power: \u0130ngiltere'nin Bas\u0131n\u00e7l\u0131 Hava \u0130htiya\u00e7lar\u0131na Y\u00f6nelik Hassas M\u00fchendislik ve \u00d6zelle\u015ftirme<\/h2>\n<p style=\"font-size: clamp(14px, 1.5vw + 10px, 16px); color: #b3d4f5; line-height: 1.8; margin: 0 0 14px 0;\">Ever Power, 32.000 metrekarelik \u00fcretim alan\u0131na sahip, 5 eksenli CNC rotor ta\u015flama merkezleri, lazer interferometrisi kullanan otomatik rotor muayene hatlar\u0131 ve ISO 1217 Ek E sertifikasyon testlerinin tamam\u0131n\u0131 yapabilen, bilgisayar kontroll\u00fc montaj b\u00f6l\u00fcmlerine sahip \u00f6zel bir vidal\u0131 kompres\u00f6r \u00fcretim tesisi i\u015fletmektedir. 180 ki\u015filik \u00f6zel mekanik, elektrik ve yaz\u0131l\u0131m m\u00fchendislerinden olu\u015fan ekibimiz, m\u00fc\u015fterinin kesin operasyonel gereksinimlerine uyacak \u015fekilde bir kompres\u00f6r\u00fcn her unsurunu \u00f6zelle\u015ftirmek i\u00e7in tasar\u0131m ve \u00fcretim yetkinli\u011fini korumaktad\u0131r.<\/p>\n<p style=\"font-size: clamp(14px, 1.5vw + 10px, 16px); color: #b3d4f5; line-height: 1.8; margin: 0 0 14px 0;\">\u00d6zelle\u015ftirme olanaklar\u0131 \u015funlar\u0131 i\u00e7erir: motor g\u00fc\u00e7 derecesi (7,5 kW'tan 355 kW'a kadar), 4 ila 16 bar aras\u0131nda \u00e7al\u0131\u015fma bas\u0131nc\u0131 ayar\u0131, e\u015f zamanl\u0131 d\u00fc\u015f\u00fck ve y\u00fcksek bas\u0131n\u00e7l\u0131 da\u011f\u0131t\u0131m a\u011flar\u0131 i\u00e7in \u00e7ift bas\u0131n\u00e7 \u00e7\u0131k\u0131\u015f konfig\u00fcrasyonlar\u0131, entegre \u0131s\u0131 geri kazan\u0131m paketleri, hijyenik uygulamalar i\u00e7in paslanmaz \u00e7elik i\u00e7 ya\u011f sistemi bile\u015fenleri, tehlikeli atmosfer tesislerinde kullan\u0131m i\u00e7in ATEX B\u00f6lge 1 ve B\u00f6lge 2 sertifikal\u0131 varyantlar ve depolama tanklar\u0131, so\u011futma kurutucular\u0131, filtrasyon \u00fcniteleri ve otomatik kondensat y\u00f6netimini entegre eden tam sistem bas\u0131n\u00e7l\u0131 hava istasyonlar\u0131. \u0130ngiltere'deki m\u00fc\u015fterilerimiz i\u00e7in standart olarak CE ve UKCA i\u015faretleme belgeleri, CE Uygunluk Beyan\u0131 ve PED 2014\/68\/EU bas\u0131n\u00e7l\u0131 ekipman uygunluk dosyalar\u0131 sa\u011fl\u0131yoruz. Standart konfig\u00fcrasyonlar i\u00e7in \u0130ngiltere lojistik merkezlerine teslimat, onaylanm\u0131\u015f sipari\u015ften itibaren genellikle 4-8 hafta s\u00fcrerken, stoktaki modeller i\u00e7in 2-3 haftal\u0131k h\u0131zland\u0131r\u0131lm\u0131\u015f teslimat se\u00e7enekleri mevcuttur.<\/p>\n<div style=\"margin-top: 20px;\"><a style=\"display: inline-block; background: linear-gradient(135deg, #f57f17, #ff8f00); color: #fff; font-size: clamp(14px, 1.5vw + 10px, 17px); font-weight: bold; padding: 14px 36px; border-radius: 50px; text-decoration: none; box-shadow: 0 6px 24px rgba(245,127,23,0.4); letter-spacing: 0.5px; transition: box-shadow 0.3s, transform 0.3s;\" href=\"mailto:sales@air-compressor-for-laser-cutter.com\">\ud83d\udce7 Ever Power'dan \u00d6zel Fiyat Teklifi Al\u0131n<\/a><\/div>\n<\/div>\n<div style=\"flex: 1 1 240px; box-sizing: border-box;\">\n<div style=\"display: flex; flex-direction: column; gap: 12px;\">\n<div style=\"background: rgba(255,255,255,0.08); border: 1px solid rgba(255,255,255,0.15); border-radius: 10px; padding: 16px; box-sizing: border-box; transition: background 0.3s;\">\n<p style=\"font-size: clamp(22px, 3vw + 14px, 34px); color: #f57f17; font-weight: 800; margin: 0 0 4px 0;\">32.000 m\u00b2<\/p>\n<p style=\"font-size: clamp(12px, 1.2vw + 9px, 14px); color: #90caf9; margin: 0;\">\u00d6zel \u00fcretim tesisi<\/p>\n<\/div>\n<div style=\"background: rgba(255,255,255,0.08); border: 1px solid rgba(255,255,255,0.15); border-radius: 10px; padding: 16px; box-sizing: border-box; transition: background 0.3s;\">\n<p style=\"font-size: clamp(22px, 3vw + 14px, 34px); color: #f57f17; font-weight: 800; margin: 0 0 4px 0;\">180+<\/p>\n<p style=\"font-size: clamp(12px, 1.2vw + 9px, 14px); color: #90caf9; margin: 0;\">Mekanik, elektrik ve yaz\u0131l\u0131m m\u00fchendisleri<\/p>\n<\/div>\n<div style=\"background: rgba(255,255,255,0.08); border: 1px solid rgba(255,255,255,0.15); border-radius: 10px; padding: 16px; box-sizing: border-box; transition: background 0.3s;\">\n<p style=\"font-size: clamp(22px, 3vw + 14px, 34px); color: #f57f17; font-weight: 800; margin: 0 0 4px 0;\">4-8 hafta<\/p>\n<p style=\"font-size: clamp(12px, 1.2vw + 9px, 14px); color: #90caf9; margin: 0;\">Birle\u015fik Krall\u0131k'a teslimat s\u00fcresi, standart konfig\u00fcrasyonlar<\/p>\n<\/div>\n<div style=\"background: rgba(255,255,255,0.08); border: 1px solid rgba(255,255,255,0.15); border-radius: 10px; padding: 16px; box-sizing: border-box; transition: background 0.3s;\">\n<p style=\"font-size: clamp(22px, 3vw + 14px, 34px); color: #f57f17; font-weight: 800; margin: 0 0 4px 0;\">CE \/ UKCA<\/p>\n<p style=\"font-size: clamp(12px, 1.2vw + 9px, 14px); color: #90caf9; margin: 0;\">Birle\u015fik Krall\u0131k'a tam uyumluluk dok\u00fcmantasyon standard\u0131<\/p>\n<\/div>\n<p>&nbsp;<\/p>\n<p><img decoding=\"async\" style=\"width: 100%; max-width: 100%; border-radius: 8px; display: block; margin-bottom: 16px; box-shadow: 0 4px 14px rgba(0,0,0,0.1);\" src=\"https:\/\/air-compressor-for-laser-cutter.com\/wp-content\/uploads\/2026\/03\/ep-Stainless-Steel-Precision-Filter-for-Air-Compressor-Post-processing-Equipment-3-1-1.webp\" alt=\"CM160PVF De\u011fi\u015fken Frekansl\u0131 Vidal\u0131 Hava Kompres\u00f6r\u00fc\" \/><\/p>\n<\/div>\n<\/div>\n<\/div>\n<\/div>\n<p><!-- Section 8: Featured Products --><\/p>\n<div style=\"background: #ffffff; border-radius: 14px; padding: 3%; margin: 28px 0; box-sizing: border-box; box-shadow: 0 4px 24px rgba(13,71,161,0.08); border-left: 5px solid #f57f17; transition: box-shadow 0.3s, transform 0.3s; width: 100%; max-width: 100%; min-width: 100%;\">\n<h2 style=\"font-size: clamp(17px, 2vw + 11px, 24px); color: #0d47a1; font-weight: bold; margin: 0 0 18px 0; padding-bottom: 10px; border-bottom: 2px solid #e3f0ff;\">\u00d6ne \u00c7\u0131kan Ever Power VFD Vidal\u0131 Kompres\u00f6r Modelleri<\/h2>\n<div style=\"display: flex; flex-wrap: wrap; gap: 22px; width: 100%; max-width: 100%; min-width: 100%; box-sizing: border-box;\">\n<div style=\"flex: 1 1 280px; background: linear-gradient(135deg, #e3f0ff, #f5f9ff); border-radius: 12px; padding: 24px; box-sizing: border-box; border: 2px solid #0d47a1; transition: box-shadow 0.3s, transform 0.3s;\">\n<p style=\"font-size: clamp(15px, 1.7vw + 10px, 18px); color: #0d47a1; font-weight: 800; margin: 0 0 10px 0;\">CM160PVF De\u011fi\u015fken Frekansl\u0131 Vidal\u0131 Hava Kompres\u00f6r\u00fc<\/p>\n<p style=\"font-size: clamp(13px, 1.3vw + 9px, 15px); color: #444; line-height: 1.7; margin: 0 0 16px 0;\">CM160PVF, Ever Power'\u0131n orta ve b\u00fcy\u00fck \u00f6l\u00e7ekli end\u00fcstriyel tesisler i\u00e7in amiral gemisi \u00fcr\u00fcn\u00fcd\u00fcr. IE5 kal\u0131c\u0131 m\u0131knat\u0131sl\u0131 motoruyla 160 kW g\u00fcc\u00fcnde olan bu \u00fcr\u00fcn, 8 bar bas\u0131n\u00e7ta 26,3 m\u00b3\/dak serbest hava ak\u0131\u015f\u0131 ve m\u00b3\/dak ba\u015f\u0131na 6,08 kW \u00f6zg\u00fcl g\u00fc\u00e7 sa\u011flar. \u00b10,1 bar hassasiyetinde bas\u0131n\u00e7 kontrol\u00fc ve tam Modbus\/EtherNet\/IP ba\u011flant\u0131s\u0131, hem enerji performans\u0131 hem de SCADA entegrasyonu gerektiren \u0130ngiltere otomotiv, havac\u0131l\u0131k ve proses end\u00fcstrisi tesisleri i\u00e7in tercih edilen bir se\u00e7enek haline getirir.<\/p>\n<p><a style=\"display: inline-block; background: #0d47a1; color: #fff; font-size: clamp(13px, 1.3vw + 9px, 15px); font-weight: bold; padding: 10px 24px; border-radius: 6px; text-decoration: none; transition: background 0.3s;\" href=\"https:\/\/air-compressor-for-laser-cutter.com\/tr\/urun\/cm160pvf-degisken-frekansli-vidali-hava-kompresoru\/\">\u00dcr\u00fcn Detaylar\u0131n\u0131 G\u00f6r\u00fcnt\u00fcle \u2192<\/a><\/p>\n<\/div>\n<div style=\"flex: 1 1 280px; background: linear-gradient(135deg, #fff8e1, #fffdf5); border-radius: 12px; padding: 24px; box-sizing: border-box; border: 2px solid #f57f17; transition: box-shadow 0.3s, transform 0.3s;\">\n<p style=\"font-size: clamp(15px, 1.7vw + 10px, 18px); color: #e65100; font-weight: 800; margin: 0 0 10px 0;\">De\u011fi\u015fken H\u0131zl\u0131 Tahrikli Vidal\u0131 Hava Kompres\u00f6r\u00fc<\/p>\n<p style=\"font-size: clamp(13px, 1.3vw + 9px, 15px); color: #444; line-height: 1.7; margin: 0 0 16px 0;\">De\u011fi\u015fken H\u0131zl\u0131 Tahrikli Vidal\u0131 Hava Kompres\u00f6r\u00fc serisi, 7,5\u2013110 kW g\u00fc\u00e7 de\u011ferlerinde esnek konfig\u00fcrasyon sa\u011flayarak, daha k\u00fc\u00e7\u00fck tesisler, uydu kompres\u00f6r istasyonlar\u0131 ve hassas d\u00fc\u015f\u00fck bas\u0131n\u00e7l\u0131 (4\u20137 bar) \u00e7al\u0131\u015fma gerektiren uygulamalar i\u00e7in do\u011fru \u00e7\u00f6z\u00fcmd\u00fcr. Kompakt boyutu \u2013 e\u015fde\u011fer sabit h\u0131zl\u0131 \u00fcnitelerden 30%'ye kadar daha k\u00fc\u00e7\u00fck \u2013 \u0130ngiltere'deki \u015fehir kenar\u0131ndaki \u00fcretim tesislerinin tipik k\u0131s\u0131tl\u0131 tesis odas\u0131 d\u00fczenlerine uygundur. Tam UKCA sertifikas\u0131, \u00f6nceden kablolanm\u0131\u015f kontrol paneli ve tak ve \u00e7al\u0131\u015ft\u0131r devreye alma \u00f6zelli\u011fi, saha kurulum s\u00fcresini bir i\u015f g\u00fcn\u00fcne kadar d\u00fc\u015f\u00fcr\u00fcr.<\/p>\n<p><a style=\"display: inline-block; background: #e65100; color: #fff; font-size: clamp(13px, 1.3vw + 9px, 15px); font-weight: bold; padding: 10px 24px; border-radius: 6px; text-decoration: none; transition: background 0.3s;\" href=\"https:\/\/air-compressor-for-laser-cutter.com\/tr\/urun\/degisken-hizli-tahrikli-vidali-hava-kompresoru\/\">\u00dcr\u00fcn Detaylar\u0131n\u0131 G\u00f6r\u00fcnt\u00fcle \u2192<\/a><\/p>\n<\/div>\n<\/div>\n<\/div>\n<p><!-- Section 9: Customer Success Story --><\/p>\n<div style=\"background: #ffffff; border-radius: 14px; padding: 3%; margin: 28px 0; box-sizing: border-box; box-shadow: 0 4px 24px rgba(13,71,161,0.08); border-left: 5px solid #1b5e20; transition: box-shadow 0.3s, transform 0.3s; width: 100%; max-width: 100%; min-width: 100%;\">\n<h2 style=\"font-size: clamp(17px, 2vw + 11px, 24px); color: #0d47a1; font-weight: bold; margin: 0 0 18px 0; padding-bottom: 10px; border-bottom: 2px solid #e3f0ff;\">M\u00fc\u015fteri Ba\u015far\u0131 \u00d6yk\u00fcs\u00fc: Sheffield Precision Fabrication 38% Enerji Tasarrufu Sa\u011flad\u0131<\/h2>\n<div style=\"background: linear-gradient(135deg, #e8f5e9, #f9fbe7); border-radius: 10px; padding: 24px; box-sizing: border-box; margin-bottom: 22px; border: 1px solid #a5d6a7;\">\n<p style=\"font-size: clamp(13px, 1.3vw + 9px, 15px); color: #1b5e20; font-weight: bold; margin: 0 0 6px 0; text-transform: uppercase; letter-spacing: 1px;\">\ud83d\udccd Konum: Sheffield, G\u00fcney Yorkshire | Sekt\u00f6r: Geli\u015fmi\u015f \u00c7elik \u0130malat\u0131 ve Lazer Kesim<\/p>\n<p style=\"font-size: clamp(14px, 1.5vw + 10px, 16px); color: #333; line-height: 1.8; margin: 14px 0 0 0;\"><img decoding=\"async\" style=\"float: left; width: clamp(100px, 35%, 200px); max-width: 35%; margin: 0 16px 10px 0; border-radius: 8px; box-shadow: 0 4px 14px rgba(0,0,0,0.1); display: block;\" src=\"https:\/\/air-compressor-for-laser-cutter.com\/wp-content\/uploads\/2026\/03\/ep-Stainless-Steel-Gas-Tank-for-Air-Compressor-Post-processing-Equipment-1-1.webp\" alt=\"Hava Kompres\u00f6r\u00fc i\u00e7in Paslanmaz \u00c7elik Gaz Tank\u0131\" \/>Sheffield merkezli, petrol ve gaz, demiryolu ve savunma sekt\u00f6rlerine lazer kesim ve CNC \u015fekillendirme par\u00e7alar\u0131 tedarik eden Midland Precision Metalworks Ltd., 2014 y\u0131l\u0131nda kurulan iki adet 132 kW sabit h\u0131zl\u0131 vidal\u0131 kompres\u00f6re dayal\u0131 bir bas\u0131n\u00e7l\u0131 hava sistemi i\u015fletiyordu. 2023 y\u0131l\u0131n\u0131n sonlar\u0131nda Carbon Trust arac\u0131l\u0131\u011f\u0131yla yapt\u0131r\u0131lan bir enerji denetimi, kompres\u00f6rlerin toplamda y\u0131ll\u0131k 2,3 GWh enerji t\u00fcketti\u011fini ve ortalama sistem y\u00fck fakt\u00f6r\u00fcn\u00fcn yaln\u0131zca 61% oldu\u011funu ortaya koydu. Bo\u015fta \u00e7al\u0131\u015fma ve giri\u015f mod\u00fclasyonu, toplam elektrik t\u00fcketiminin 28%'sini olu\u015fturuyordu.<\/p>\n<p style=\"font-size: clamp(14px, 1.5vw + 10px, 16px); color: #333; line-height: 1.8; margin: 14px 0 0 0;\">Ever Power, iki d\u00f6rt haftal\u0131k d\u00f6nem boyunca (hem standart \u00fcretim vardiyalar\u0131n\u0131 hem de duru\u015f d\u00f6nemlerini kapsayan) ak\u0131\u015f \u00f6l\u00e7\u00fcm veri kaydedicileri kullan\u0131larak yap\u0131lan detayl\u0131 bir bas\u0131n\u00e7l\u0131 hava talebi ara\u015ft\u0131rmas\u0131n\u0131n ard\u0131ndan, ana kompres\u00f6r\u00fc 160 kW'l\u0131k bir CM160PVF VFD \u00fcnitesiyle de\u011fi\u015ftirmeyi ve orijinal makinelerden birini yedek\/bekleme \u00fcnitesi olarak tutmay\u0131 \u00f6nerdi. VFD \u00fcnitesi Mart 2024'te kuruldu ve SCADA entegrasyonu da dahil olmak \u00fczere \u00fc\u00e7 g\u00fcn i\u00e7inde devreye alma i\u015flemi tamamland\u0131. Kurulumdan sonraki on iki ayl\u0131k \u00f6l\u00e7\u00fcmler, toplam sistem elektrik t\u00fcketiminin 1,42 GWh'ye d\u00fc\u015ft\u00fc\u011f\u00fcn\u00fc (38,3% azalma) do\u011frulad\u0131. Sheffield'in ge\u00e7erli end\u00fcstriyel elektrik tarifesi olan 0,24 \u00a3\/kWh \u00fczerinden, br\u00fct y\u0131ll\u0131k tasarruf 207.600 \u00a3'a ula\u015farak makine sermaye maliyetini 14,8 ayda geri kazand\u0131rd\u0131. De\u015farj bas\u0131nc\u0131 kararl\u0131l\u0131\u011f\u0131, \u00f6nceki \u00b10,8 bar aral\u0131\u011f\u0131ndan \u00b10,1 bar'a y\u00fckseltilerek, lazer kesim b\u00f6l\u00fcm\u00fcnde periyodik olarak yeniden i\u015fleme gerektiren iki kalite uygunsuzluk kategorisi ortadan kald\u0131r\u0131ld\u0131.<\/p>\n<\/div>\n<p><!-- Customer Reviews --><\/p>\n<h2 style=\"font-size: clamp(16px, 1.8vw + 11px, 22px); color: #0d47a1; font-weight: bold; margin: 24px 0 16px 0;\">\u0130ngiltere'deki M\u00fc\u015fterilerin Ever Power VFD Kompres\u00f6rleri Hakk\u0131ndaki G\u00f6r\u00fc\u015fleri<\/h2>\n<div style=\"display: flex; flex-wrap: wrap; gap: 16px; width: 100%; max-width: 100%; min-width: 100%; box-sizing: border-box;\">\n<div style=\"flex: 1 1 250px; background: #f8faff; border-radius: 10px; padding: 20px; box-sizing: border-box; border: 1px solid #c5d3f0; transition: box-shadow 0.3s, transform 0.3s;\">\n<p style=\"font-size: 20px; color: #f57f17; margin: 0 0 10px 0;\">\u2605\u2605\u2605\u2605\u2605<\/p>\n<p style=\"font-size: clamp(13px, 1.3vw + 9px, 15px); color: #333; line-height: 1.7; font-style: italic; margin: 0 0 14px 0;\">\u201cEski tip iki sabit h\u0131zl\u0131 \u00fcniteyi tek bir CM160PVF ile de\u011fi\u015ftirdik ve enerji \u00f6l\u00e7\u00fcm sonu\u00e7lar\u0131 ola\u011fan\u00fcst\u00fcyd\u00fc. Makine bas\u0131nc\u0131 o kadar s\u0131k\u0131 tutuyor ki, CNC pres fren tak\u0131mlar\u0131m\u0131z art\u0131k eskiden pe\u015finden ko\u015ftu\u011fumuz bas\u0131n\u00e7 de\u011fi\u015fimleri olmadan daha d\u00fc\u015f\u00fck \u00e7evrim s\u00fcrelerinde \u00e7al\u0131\u015f\u0131yor. Geri \u00f6deme s\u00fcresi, tahmin edilenden daha h\u0131zl\u0131 oldu.\u201d<\/p>\n<p style=\"font-size: clamp(12px, 1.2vw + 9px, 13px); color: #0d47a1; font-weight: bold; margin: 0;\">T. Harrison, M\u00fchendislik Direkt\u00f6r\u00fc<\/p>\n<p style=\"font-size: clamp(11px, 1.1vw + 8px, 13px); color: #777; margin: 2px 0 0 0;\">Midland Precision Metalworks Ltd, Sheffield<\/p>\n<\/div>\n<div style=\"flex: 1 1 250px; background: #f8faff; border-radius: 10px; padding: 20px; box-sizing: border-box; border: 1px solid #c5d3f0; transition: box-shadow 0.3s, transform 0.3s;\">\n<p style=\"font-size: 20px; color: #f57f17; margin: 0 0 10px 0;\">\u2605\u2605\u2605\u2605\u2605<\/p>\n<p style=\"font-size: clamp(13px, 1.3vw + 9px, 15px); color: #333; line-height: 1.7; font-style: italic; margin: 0 0 14px 0;\">\u201cEver Power\u2019\u0131n m\u00fchendislik ekibi, y\u0131kama suyu \u0131s\u0131tma sistemimize do\u011frudan ba\u011flanan \u00f6zel bir \u0131s\u0131 geri kazan\u0131m mod\u00fcl\u00fc tasarlad\u0131. Bu ikincil tasarruf tek ba\u015f\u0131na, do\u011frudan elektrik t\u00fcketimindeki azalmaya ek olarak y\u0131lda yakla\u015f\u0131k 14.000 \u00a3 katk\u0131 sa\u011fl\u0131yor. Devreye alma deste\u011fi kapsaml\u0131yd\u0131 ve SCADA entegrasyon dok\u00fcmantasyonu, biz aramak zorunda kalmadan sa\u011fland\u0131. Tavsiye etmekten hi\u00e7 teredd\u00fct etmem.\u201d<\/p>\n<p style=\"font-size: clamp(12px, 1.2vw + 9px, 13px); color: #0d47a1; font-weight: bold; margin: 0;\">P. Whitfield, Fabrika M\u00fcd\u00fcr\u00fc<\/p>\n<p style=\"font-size: clamp(11px, 1.1vw + 8px, 13px); color: #777; margin: 2px 0 0 0;\">Castleford Otomotiv Par\u00e7alar\u0131, Bat\u0131 Yorkshire<\/p>\n<\/div>\n<div style=\"flex: 1 1 250px; background: #f8faff; border-radius: 10px; padding: 20px; box-sizing: border-box; border: 1px solid #c5d3f0; transition: box-shadow 0.3s, transform 0.3s;\">\n<p style=\"font-size: 20px; color: #f57f17; margin: 0 0 10px 0;\">\u2605\u2605\u2605\u2605\u2605<\/p>\n<p style=\"font-size: clamp(13px, 1.3vw + 9px, 15px); color: #333; line-height: 1.7; font-style: italic; margin: 0 0 14px 0;\">\u201cGMP \u00fcretim ko\u015fullar\u0131 alt\u0131nda faaliyet g\u00f6steriyoruz ve belgelenmi\u015f, do\u011frulanm\u0131\u015f hava kalitesine ihtiyac\u0131m\u0131z var. Ever Power, MHRA denetim izi i\u00e7in ba\u015fka hi\u00e7bir tedarik\u00e7inin sunmad\u0131\u011f\u0131 eksiksiz bir IQ\/OQ do\u011frulama paketi sa\u011flad\u0131. VFD kompres\u00f6r\u00fcn\u00fcn bas\u0131n\u00e7 kararl\u0131l\u0131\u011f\u0131, kaplama homojenli\u011fi verilerimizi ger\u00e7ekten iyile\u015ftirdi. M\u00fckemmel teknik destek ekibi, \u0130ngiltere saat dilimlerine duyarl\u0131.\u201d<\/p>\n<p style=\"font-size: clamp(12px, 1.2vw + 9px, 13px); color: #0d47a1; font-weight: bold; margin: 0;\">Dr. R. Patel, Teknik Direkt\u00f6r<\/p>\n<p style=\"font-size: clamp(11px, 1.1vw + 8px, 13px); color: #777; margin: 2px 0 0 0;\">Kuzey \u0130la\u00e7 \u00dcretimi, Cheshire<\/p>\n<\/div>\n<\/div>\n<\/div>\n<p><!-- Section 10: FAQ --><\/p>\n<div style=\"background: #ffffff; border-radius: 14px; padding: 3%; margin: 28px 0; box-sizing: border-box; box-shadow: 0 4px 24px rgba(13,71,161,0.08); border-left: 5px solid #4527a0; transition: box-shadow 0.3s, transform 0.3s; width: 100%; max-width: 100%; min-width: 100%;\">\n<h2 style=\"font-size: clamp(17px, 2vw + 11px, 24px); color: #0d47a1; font-weight: bold; margin: 0 0 18px 0; padding-bottom: 10px; border-bottom: 2px solid #e3f0ff;\">S\u0131k\u00e7a Sorulan Sorular: \u0130ngiltere Sanayisi \u0130\u00e7in De\u011fi\u015fken Frekansl\u0131 Vidal\u0131 Hava Kompres\u00f6rleri<\/h2>\n<div style=\"display: flex; flex-direction: column; gap: 14px; width: 100%; max-width: 100%; min-width: 100%; box-sizing: border-box;\">\n<details style=\"background: #f8faff; border-radius: 10px; border: 1px solid #c5d3f0; padding: 0; overflow: hidden; transition: box-shadow 0.3s;\">\n<summary style=\"font-size: clamp(14px, 1.5vw + 10px, 16px); color: #0d47a1; font-weight: bold; padding: 18px 20px; cursor: pointer; list-style: none; display: flex; justify-content: space-between; align-items: center;\">Birle\u015fik Krall\u0131k'taki bir \u00fcretim tesisinde de\u011fi\u015fken frekansl\u0131 vidal\u0131 hava kompres\u00f6r\u00fcn\u00fcn sat\u0131n alma ve kurulum maliyeti genellikle ne kadard\u0131r?<\/summary>\n<p style=\"font-size: clamp(13px, 1.3vw + 9px, 15px); color: #444; line-height: 1.8; margin: 0; padding: 0 20px 18px 20px;\">Birle\u015fik Krall\u0131k'ta bir VFD vidal\u0131 kompres\u00f6r\u00fcn yat\u0131r\u0131m maliyeti, 7,5 kW'l\u0131k bir \u00fcnite i\u00e7in yakla\u015f\u0131k 8.500 \u00a3'dan, 160-200 kW'l\u0131k bir makine i\u00e7in 65.000-90.000 \u00a3'a kadar (fabrika \u00e7\u0131k\u0131\u015f fiyat\u0131) de\u011fi\u015fmektedir. Birle\u015fik Krall\u0131k distrib\u00fct\u00f6r ve do\u011frudan ithalat fiyatlar\u0131 farkl\u0131l\u0131k g\u00f6stermektedir. Kurulum maliyetleri, elektrik altyap\u0131s\u0131 de\u011fi\u015fikliklerine, boru ba\u011flant\u0131lar\u0131na ve devreye alma gereksinimlerine ba\u011fl\u0131 olarak 2.000-8.000 \u00a3 aras\u0131nda de\u011fi\u015fmektedir. Birle\u015fik Krall\u0131k'taki \u00e7o\u011fu tesis, 110-160 kW aral\u0131\u011f\u0131nda, sabit h\u0131zl\u0131 makinelerin de\u011fi\u015ftirilmesine k\u0131yasla enerji tasarrufu sayesinde 18-30 ay i\u00e7inde toplam kurulum geri \u00f6demesini sa\u011flamaktad\u0131r. Belirli konfig\u00fcrasyonunuz i\u00e7in do\u011fru bir fiyat almak i\u00e7in, gerekli kapasite, bas\u0131n\u00e7 ve saha ko\u015fullar\u0131n\u0131zla birlikte Ever Power ile do\u011frudan sales@air-compressor-for-laser-cutter.com adresinden ileti\u015fime ge\u00e7in.<\/p>\n<\/details>\n<details style=\"background: #f8faff; border-radius: 10px; border: 1px solid #c5d3f0; padding: 0; overflow: hidden; transition: box-shadow 0.3s;\">\n<summary style=\"font-size: clamp(14px, 1.5vw + 10px, 16px); color: #0d47a1; font-weight: bold; padding: 18px 20px; cursor: pointer; list-style: none;\">Birle\u015fik Krall\u0131k'taki hangi sanayi sekt\u00f6rleri, sabit h\u0131zl\u0131 alternatiflere k\u0131yasla de\u011fi\u015fken h\u0131zl\u0131 vidal\u0131 hava kompres\u00f6rlerinden en \u00e7ok fayda sa\u011flar?<\/summary>\n<p style=\"font-size: clamp(13px, 1.3vw + 9px, 15px); color: #444; line-height: 1.8; margin: 0; padding: 0 20px 18px 20px;\">\u00dcretim d\u00f6ng\u00fcleri de\u011fi\u015fken olan sekt\u00f6rler en \u00e7ok fayda sa\u011flayacak: otomotiv montaj\u0131 (Bat\u0131 Midlands), havac\u0131l\u0131k imalat\u0131 (Bristol, Derby), g\u0131da i\u015fleme (Yorkshire), ila\u00e7 \u00fcretimi (Cheshire, Do\u011fu Midlands) ve M4 koridoru ile Cambridge teknoloji k\u00fcmesi genelindeki lazer kesim i\u015flemleri. \u00dcretim ve \u00fcretim d\u0131\u015f\u0131 d\u00f6nemler aras\u0131nda bas\u0131n\u00e7l\u0131 hava talebinin 20%'den fazla de\u011fi\u015fti\u011fi herhangi bir tesis, \u00f6nemli enerji tasarrufu sa\u011flayacakt\u0131r. 100%'ye yak\u0131n nispeten sabit talebe sahip tesisler daha k\u00fc\u00e7\u00fck enerji farklar\u0131 g\u00f6rebilir, ancak yine de bas\u0131n\u00e7 kararl\u0131l\u0131\u011f\u0131 ve yumu\u015fak ba\u015flatma avantajlar\u0131ndan faydalanabilirler.<\/p>\n<\/details>\n<details style=\"background: #f8faff; border-radius: 10px; border: 1px solid #c5d3f0; padding: 0; overflow: hidden; transition: box-shadow 0.3s;\">\n<summary style=\"font-size: clamp(14px, 1.5vw + 10px, 16px); color: #0d47a1; font-weight: bold; padding: 18px 20px; cursor: pointer; list-style: none;\">Birle\u015fik Krall\u0131k'taki bir fabrikada iki vardiya sistemiyle \u00e7al\u0131\u015fan end\u00fcstriyel bir vidal\u0131 hava kompres\u00f6r\u00fcn\u00fcn beklenen kullan\u0131m \u00f6mr\u00fc ve bak\u0131m program\u0131 nedir?<\/summary>\n<p style=\"font-size: clamp(13px, 1.3vw + 9px, 15px); color: #444; line-height: 1.8; margin: 0; padding: 0 20px 18px 20px;\">\u0130ngiltere'deki bir fabrikada iki vardiya halinde (y\u0131lda yakla\u015f\u0131k 4.200 saat) \u00e7al\u0131\u015fan, iyi bak\u0131ml\u0131 bir VFD vidal\u0131 kompres\u00f6r, b\u00fcy\u00fck bir hava \u00fcnitesi revizyonuna ihtiya\u00e7 duymadan \u00f6nce tipik olarak 18-22 y\u0131l verimli hizmet \u00f6mr\u00fcne ula\u015f\u0131r. Ba\u015fl\u0131ca bak\u0131m aral\u0131klar\u0131: her 2.000 saatte bir hava filtresi de\u011fi\u015fimi; her 2.000 saatte bir ya\u011f filtresi de\u011fi\u015fimi; her 6.000 saatte bir sentetik kompres\u00f6r ya\u011f\u0131 de\u011fi\u015fimi; her 6.000 saatte bir ya\u011f ay\u0131r\u0131c\u0131 eleman\u0131 de\u011fi\u015fimi; y\u0131ll\u0131k so\u011futma sistemi kontrol\u00fc; 20.000 saatte yatak kontrol\u00fc. \u00c7al\u0131\u015fma ko\u015fullar\u0131na ba\u011fl\u0131 olarak, hava \u00fcnitesinin tam revizyonu genellikle 40.000-60.000 saatte gereklidir.<\/p>\n<\/details>\n<details style=\"background: #f8faff; border-radius: 10px; border: 1px solid #c5d3f0; padding: 0; overflow: hidden; transition: box-shadow 0.3s;\">\n<summary style=\"font-size: clamp(14px, 1.5vw + 10px, 16px); color: #0d47a1; font-weight: bold; padding: 18px 20px; cursor: pointer; list-style: none;\">\u0130ngiltere'de rekabet\u00e7i fiyat teklifi ve UKCA uyumlu dok\u00fcmantasyon sa\u011flayabilen g\u00fcvenilir bir VFD vidal\u0131 hava kompres\u00f6r\u00fc tedarik\u00e7isini nerede bulabilirim?<\/summary>\n<p style=\"font-size: clamp(13px, 1.3vw + 9px, 15px); color: #444; line-height: 1.8; margin: 0; padding: 0 20px 18px 20px;\">Ever Power, de\u011fi\u015fken frekansl\u0131 vidal\u0131 hava kompres\u00f6rlerini do\u011frudan \u0130ngiltere'deki m\u00fc\u015fterilerine, standart olarak tam UKCA i\u015faretlemesi, CE Uygunluk Beyan\u0131 ve PED uyumluluk belgeleriyle birlikte tedarik etmektedir. Sorular\u0131n\u0131z, \u00f6zel gereksinimlerinizi de\u011ferlendirebilen, uygun modeli \u00f6nerebilen ve ayr\u0131nt\u0131l\u0131 bir fiyat teklifi sunabilen, \u0130ngiltere saat diliminde g\u00f6rev yapan \u00f6zel teknik sat\u0131\u015f m\u00fchendislerimiz taraf\u0131ndan yan\u0131tlanmaktad\u0131r. L\u00fctfen, tesis bilgileriniz, gerekli kapasite (m\u00b3\/dak), bas\u0131n\u00e7 (bar) ve \u00f6zel hava kalitesi veya kurulum k\u0131s\u0131tlamalar\u0131n\u0131zla birlikte sales@air-compressor-for-laser-cutter.com adresinden bizimle ileti\u015fime ge\u00e7in. Standart modeller i\u00e7in teslim s\u00fcreleri \u0130ngiltere liman\u0131na 4-8 haftad\u0131r.<\/p>\n<\/details>\n<details style=\"background: #f8faff; border-radius: 10px; border: 1px solid #c5d3f0; padding: 0; overflow: hidden; transition: box-shadow 0.3s;\">\n<summary style=\"font-size: clamp(14px, 1.5vw + 10px, 16px); color: #0d47a1; font-weight: bold; padding: 18px 20px; cursor: pointer; list-style: none;\">Birmingham'daki bir otomotiv fabrikas\u0131nda 60% y\u00fck alt\u0131nda \u00e7al\u0131\u015f\u0131rken, de\u011fi\u015fken frekansl\u0131 vidal\u0131 hava kompres\u00f6r\u00fcn\u00fcn enerji tasarrufu, sabit h\u0131zl\u0131 modellere k\u0131yasla nas\u0131ld\u0131r?<\/summary>\n<p style=\"font-size: clamp(13px, 1.3vw + 9px, 15px); color: #444; line-height: 1.8; margin: 0; padding: 0 20px 18px 20px;\">60% y\u00fckte, giri\u015f mod\u00fclasyonu ile \u00e7al\u0131\u015fan sabit h\u0131zl\u0131 132 kW'l\u0131k bir vidal\u0131 kompres\u00f6r, giri\u015f valfi ak\u0131\u015f\u0131 k\u0131sarken motor tam h\u0131zda \u00e7al\u0131\u015fmaya devam etti\u011fi i\u00e7in yakla\u015f\u0131k 98 kW (74% nominal g\u00fc\u00e7) t\u00fcketir. 60% ak\u0131\u015f talebinde e\u015fde\u011fer bir VFD, motor h\u0131z\u0131n\u0131 yakla\u015f\u0131k 75% nominal h\u0131za d\u00fc\u015f\u00fcrerek yakla\u015f\u0131k 55-60 kW t\u00fcketir; bu da o \u00e7al\u0131\u015fma noktas\u0131nda 38-44%'lik bir tasarruf sa\u011flar. Birmingham'da y\u0131lda 6.000 saat \u00e7al\u0131\u015fan ve ortalama 60% y\u00fck fakt\u00f6r\u00fcne sahip bir otomotiv tesisinde, bu fark y\u0131ll\u0131k yakla\u015f\u0131k 228.000 kWh'lik bir tasarrufa kar\u015f\u0131l\u0131k gelir ve mevcut Birmingham end\u00fcstriyel elektrik tarifelerine g\u00f6re yakla\u015f\u0131k 54.700 \u00a3 de\u011ferindedir.<\/p>\n<\/details>\n<details style=\"background: #f8faff; border-radius: 10px; border: 1px solid #c5d3f0; padding: 0; overflow: hidden; transition: box-shadow 0.3s;\">\n<summary style=\"font-size: clamp(14px, 1.5vw + 10px, 16px); color: #0d47a1; font-weight: bold; padding: 18px 20px; cursor: pointer; list-style: none;\">Yorkshire'da bulunan bir \u0130ngiliz g\u0131da i\u015fleme tesisi i\u00e7in vidal\u0131 hava kompres\u00f6r\u00fc sat\u0131n al\u0131rken hangi sertifikasyon ve uygunluk belgelerine ihtiyac\u0131m var?<\/summary>\n<p style=\"font-size: clamp(13px, 1.3vw + 9px, 15px); color: #444; line-height: 1.8; margin: 0; padding: 0 20px 18px 20px;\">Birle\u015fik Krall\u0131k g\u0131da i\u015fleme uygulamalar\u0131 i\u00e7in temel dok\u00fcmantasyon gereksinimleri \u015funlard\u0131r: UKCA i\u015faretlemesi (0,5 bar \u00fczerindeki bas\u0131n\u00e7l\u0131 ekipmanlar i\u00e7in Ocak 2023 sonras\u0131 zorunlu); AB pazarlar\u0131na ihracat \u00f6ng\u00f6r\u00fcl\u00fcyorsa CE i\u015faretlemesi; 0,5 bar \u00fczerindeki kaplar i\u00e7in Bas\u0131n\u00e7l\u0131 Ekipman Direktifi 2014\/68\/EU uygunluk de\u011ferlendirmesi; ISO 8573-1 hava safl\u0131\u011f\u0131 s\u0131n\u0131f\u0131 do\u011frulama raporu; ve do\u011frudan \u00fcr\u00fcnle temas eden uygulamalar i\u00e7in, ya\u011f enjeksiyonlu tasar\u0131m kullan\u0131l\u0131yorsa FDA uyumlu bir ya\u011flay\u0131c\u0131 veri sayfas\u0131 veya ya\u011fs\u0131z tasar\u0131m dok\u00fcmantasyonu. BRC Global Standard ve SQF sertifikasyon denetimleri genellikle bu belgeleri talep eder. Ever Power, g\u0131da sekt\u00f6r\u00fc m\u00fc\u015fterileri i\u00e7in standart olarak eksiksiz uyumluluk paketleri sunmaktad\u0131r.<\/p>\n<\/details>\n<details style=\"background: #f8faff; border-radius: 10px; border: 1px solid #c5d3f0; padding: 0; overflow: hidden; transition: box-shadow 0.3s;\">\n<summary style=\"font-size: clamp(14px, 1.5vw + 10px, 16px); color: #0d47a1; font-weight: bold; padding: 18px 20px; cursor: pointer; list-style: none;\">Birle\u015fik Krall\u0131k'taki \u00fcretim tesisimde sabit h\u0131zl\u0131 vidal\u0131 hava kompres\u00f6r\u00fcnden de\u011fi\u015fken h\u0131zl\u0131 vidal\u0131 hava kompres\u00f6r\u00fcne ge\u00e7i\u015f i\u00e7in en uygun zaman ne zaman?<\/summary>\n<p style=\"font-size: clamp(13px, 1.3vw + 9px, 15px); color: #444; line-height: 1.8; margin: 0; padding: 0 20px 18px 20px;\">En uygun y\u00fckseltme tetikleme noktalar\u0131 \u015funlard\u0131r: mevcut bir makine b\u00fcy\u00fck bir revizyona yakla\u015ft\u0131\u011f\u0131nda (tipik olarak 40.000 saatte), bu da yeniden in\u015fa etmekten daha ekonomik hale gelir; enerji denetimleri ortalama sistem y\u00fck fakt\u00f6r\u00fcn\u00fcn 80%'nin alt\u0131nda oldu\u011funu ortaya koydu\u011funda; \u00fcretim planlama de\u011fi\u015fiklikleri daha de\u011fi\u015fken talep modelleri getirdi\u011finde; yeni net s\u0131f\u0131r veya ISO 50001 enerji hedefleri, bas\u0131n\u00e7l\u0131 hava verimlili\u011fini y\u00f6netim kurulu d\u00fczeyinde bir KPI haline getirdi\u011finde; veya \u00fcretim kapasitesinin geni\u015fletilmesi ek bas\u0131n\u00e7l\u0131 hava tedarikini gerektirdi\u011finde. Bir\u00e7ok \u0130ngiltere tesisi, h\u00fck\u00fcmet destekli enerji verimlili\u011fi te\u015fvik programlar\u0131 veya Carbon Trust finansman \u00fcr\u00fcnleriyle birle\u015ftirildi\u011finde de y\u00fckseltme karar\u0131n\u0131 h\u0131zland\u0131r\u0131r.<\/p>\n<\/details>\n<\/div>\n<\/div>\n<p><!-- Schema JSON-LD Notice --><\/p>\n<div style=\"background: linear-gradient(135deg, #1a1a2e, #16213e); border-radius: 10px; padding: 20px; margin: 20px 0; box-sizing: border-box; width: 100%; max-width: 100%; min-width: 100%;\">\n<p style=\"font-size: clamp(12px, 1.2vw + 9px, 14px); color: #64b5f6; margin: 0; text-align: center; letter-spacing: 0.5px;\">A\u015fa\u011f\u0131da ayr\u0131 olarak sa\u011flanan yap\u0131land\u0131r\u0131lm\u0131\u015f veriler (SSS Sayfas\u0131 + Konu\u015fulabilir \u015eema \/ JSON-LD) \u2014 bunlar\u0131 WordPress SEO eklentisine veya tema altbilgisine yap\u0131\u015ft\u0131r\u0131n.<\/p>\n<\/div>\n<p><!-- Footer CTA --><\/p>\n<div style=\"background: linear-gradient(135deg, #0d47a1 0%, #1565c0 100%); border-radius: 14px; padding: 36px 5%; margin: 28px 0 0 0; box-sizing: border-box; text-align: center; width: 100%; max-width: 100%; min-width: 100%;\">\n<p style=\"font-size: clamp(18px, 2.2vw + 12px, 26px); color: #ffffff; font-weight: 800; margin: 0 0 12px 0;\">Bas\u0131n\u00e7l\u0131 Hava Enerji Maliyetlerinizi D\u00fc\u015f\u00fcrmeye Haz\u0131r M\u0131s\u0131n\u0131z?<\/p>\n<p style=\"font-size: clamp(14px, 1.5vw + 10px, 16px); color: #90caf9; margin: 0 0 24px 0; max-width: 600px; display: inline-block; line-height: 1.7;\">\u0130ngiltere'deki tesisiniz i\u00e7in \u00fccretsiz teknik de\u011ferlendirme ve \u00f6zel fiyat teklifi almak \u00fczere bug\u00fcn Ever Power ile ileti\u015fime ge\u00e7in. M\u00fchendislerimiz Pazartesi-Cuma, \u0130ngiltere i\u015f saatleri i\u00e7inde hizmetinizdedir.<\/p>\n<p><a style=\"display: inline-block; background: linear-gradient(135deg, #f57f17, #ff8f00); color: #fff; font-size: clamp(15px, 1.8vw + 10px, 18px); font-weight: bold; padding: 16px 52px; border-radius: 50px; text-decoration: none; box-shadow: 0 6px 28px rgba(245,127,23,0.45); letter-spacing: 1px; transition: box-shadow 0.3s, transform 0.3s;\" href=\"mailto:sales@air-compressor-for-laser-cutter.com\">\ud83d\udce7 \u00dccretsiz fiyat teklifi i\u00e7in bize e-posta g\u00f6nderin.<\/a><\/p>\n<p style=\"font-size: clamp(11px, 1.1vw + 8px, 13px); color: #64b5f6; margin: 16px 0 0 0;\">sales@air-compressor-for-laser-cutter.com | Ever Power End\u00fcstriyel Ekipman<\/p>\n<\/div>\n<p style=\"font-size: 11px; color: #bbb; text-align: right; margin: 14px 0 0 0;\">gzl taraf\u0131ndan d\u00fczenlendi<\/p>\n<\/div>\n<\/div>","protected":false},"excerpt":{"rendered":"<p>Industrial Compressed Air Technology \u2014 UK Market Technical Guide Variable Frequency Screw Air Compressors: Engineering Principles, Industrial Applications &amp; Performance Standards for UK Manufacturing A comprehensive technical reference for procurement engineers, plant managers and maintenance teams across British industry \u2014 covering design, selection, operation and cost optimisation. The Industrial Case for Variable Frequency Screw Air [&hellip;]<\/p>","protected":false},"author":1,"featured_media":0,"comment_status":"closed","ping_status":"closed","sticky":false,"template":"","format":"standard","meta":{"_et_pb_use_builder":"","_et_pb_old_content":"","_et_gb_content_width":"","footnotes":""},"categories":[18],"tags":[],"class_list":["post-657","post","type-post","status-publish","format-standard","hentry","category-application"],"_links":{"self":[{"href":"https:\/\/air-compressor-for-laser-cutter.com\/tr\/wp-json\/wp\/v2\/posts\/657","targetHints":{"allow":["GET"]}}],"collection":[{"href":"https:\/\/air-compressor-for-laser-cutter.com\/tr\/wp-json\/wp\/v2\/posts"}],"about":[{"href":"https:\/\/air-compressor-for-laser-cutter.com\/tr\/wp-json\/wp\/v2\/types\/post"}],"author":[{"embeddable":true,"href":"https:\/\/air-compressor-for-laser-cutter.com\/tr\/wp-json\/wp\/v2\/users\/1"}],"replies":[{"embeddable":true,"href":"https:\/\/air-compressor-for-laser-cutter.com\/tr\/wp-json\/wp\/v2\/comments?post=657"}],"version-history":[{"count":3,"href":"https:\/\/air-compressor-for-laser-cutter.com\/tr\/wp-json\/wp\/v2\/posts\/657\/revisions"}],"predecessor-version":[{"id":706,"href":"https:\/\/air-compressor-for-laser-cutter.com\/tr\/wp-json\/wp\/v2\/posts\/657\/revisions\/706"}],"wp:attachment":[{"href":"https:\/\/air-compressor-for-laser-cutter.com\/tr\/wp-json\/wp\/v2\/media?parent=657"}],"wp:term":[{"taxonomy":"category","embeddable":true,"href":"https:\/\/air-compressor-for-laser-cutter.com\/tr\/wp-json\/wp\/v2\/categories?post=657"},{"taxonomy":"post_tag","embeddable":true,"href":"https:\/\/air-compressor-for-laser-cutter.com\/tr\/wp-json\/wp\/v2\/tags?post=657"}],"curies":[{"name":"wp","href":"https:\/\/api.w.org\/{rel}","templated":true}]}}