{"id":655,"date":"2026-07-24T05:23:01","date_gmt":"2026-07-24T05:23:01","guid":{"rendered":"https:\/\/air-compressor-for-laser-cutter.com\/?p=655"},"modified":"2026-07-24T08:35:12","modified_gmt":"2026-07-24T08:35:12","slug":"degisken-frekansli-vidali-hava-kompresoru-ingiltere-endustriyel-operasyonlari-icin-eksiksiz-teknik-kilavuz","status":"publish","type":"post","link":"https:\/\/air-compressor-for-laser-cutter.com\/tr\/basvuru\/degisken-frekansli-vidali-hava-kompresoru-ingiltere-endustriyel-operasyonlari-icin-eksiksiz-teknik-kilavuz\/","title":{"rendered":"De\u011fi\u015fken Frekansl\u0131 Vidal\u0131 Hava Kompres\u00f6r\u00fc: \u0130ngiltere End\u00fcstriyel Operasyonlar\u0131 \u0130\u00e7in Eksiksiz Teknik K\u0131lavuz"},"content":{"rendered":"<div style=\"font-family: 'Segoe UI', Arial, sans-serif; font-size: clamp(14px, 2vw + 10px, 18px); color: #2c3e50; line-height: 1.8; max-width: 100%; min-width: 100%; width: 100%; box-sizing: border-box; word-break: break-word; overflow-wrap: break-word;\">\n<div style=\"width: 100%; max-width: 100%; min-width: 100%; background: linear-gradient(135deg, #0d1f3c 0%, #1a3a6b 50%, #0a4a7a 100%); padding: clamp(20px, 4%, 48px) clamp(16px, 4%, 48px); box-sizing: border-box; border-radius: 10px; margin-bottom: 32px; position: relative; overflow: hidden;\">\n<p style=\"color: #7ecfff; font-size: clamp(11px,1.5vw,14px); letter-spacing: 3px; text-transform: uppercase; margin: 0 0 10px 0; font-weight: 600;\">End\u00fcstriyel Bas\u0131n\u00e7l\u0131 Hava Sistemleri \u00b7 \u0130ngiltere Pazar\u0131 S\u00fcr\u00fcm\u00fc<\/p>\n<h2 style=\"color: #ffffff; font-size: clamp(22px, 4vw, 42px); font-weight: 800; margin: 0 0 16px 0; line-height: 1.25; word-break: break-word;\">De\u011fi\u015fken Frekansl\u0131 Vidal\u0131 Hava Kompres\u00f6r\u00fc: \u0130ngiltere End\u00fcstriyel Operasyonlar\u0131 \u0130\u00e7in Eksiksiz Teknik K\u0131lavuz<\/h2>\n<p style=\"color: #a8c8e8; font-size: clamp(13px, 1.8vw, 17px); margin: 0; max-width: 720px;\">Sheffield'in \u00e7elik end\u00fcstrisinden Birmingham'\u0131n hassas m\u00fchendislik merkezlerine kadar \u0130ngiliz imalat sekt\u00f6rlerindeki \u00e7al\u0131\u015fma prensipleri, malzeme bilimi, performans parametreleri ve ger\u00e7ek d\u00fcnya uygulamalar\u0131na derinlemesine bir bak\u0131\u015f.<\/p>\n<\/div>\n<div style=\"width: 100%; max-width: 100%; min-width: 100%; box-sizing: border-box; margin-bottom: 32px; overflow: hidden;\">\n<p style=\"margin: 0 0 16px 0; color: #2c3e50; font-size: clamp(14px,2vw,17px); line-height: 1.85;\"><img decoding=\"async\" class=\"\" style=\"float: left; width: 161px; max-width: 100%; margin: 0px 24px 16px 0px; border-radius: 10px; box-shadow: rgba(0, 0, 0, 0.18) 0px 6px 24px; display: block;\" src=\"https:\/\/air-compressor-for-laser-cutter.com\/wp-content\/uploads\/2026\/03\/ep-air-compressor-for-laser-cutter-1.webp\" alt=\"End\u00fcstriyel kullan\u0131m i\u00e7in de\u011fi\u015fken frekansl\u0131 vidal\u0131 hava kompres\u00f6r\u00fc\" height=\"161\" \/>Birle\u015fik Krall\u0131k'\u0131n ileri imalat sekt\u00f6r\u00fcnde, bas\u0131n\u00e7l\u0131 hava, elektrik, gaz ve suyun yan\u0131 s\u0131ra vazge\u00e7ilmez bir enerji kayna\u011f\u0131 olarak d\u00f6rd\u00fcnc\u00fc s\u0131rada yer almaktad\u0131r. Birmingham'\u0131n hassas i\u015fleme at\u00f6lyelerinde, Sheffield'\u0131n \u00f6zel \u00e7elik fabrikalar\u0131nda ve Do\u011fu Midlands'\u0131n havac\u0131l\u0131k tedarik zincirlerinde, g\u00fcvenilir ve enerji verimli bas\u0131n\u00e7l\u0131 hava sistemlerine olan talep hi\u00e7 bu kadar y\u00fcksek olmam\u0131\u015ft\u0131. De\u011fi\u015fken frekansl\u0131 vidal\u0131 hava kompres\u00f6r\u00fc, artan enerji maliyetleri ve giderek daha kat\u0131la\u015fan \u00e7evre uyumluluk gereksinimlerine kar\u015f\u0131 verimlilik taleplerini dengelemek zorunda olan tesisler i\u00e7in kesin \u00e7\u00f6z\u00fcm olarak ortaya \u00e7\u0131km\u0131\u015ft\u0131r.<\/p>\n<p style=\"margin: 0 0 20px 0; color: #2c3e50; font-size: clamp(14px,2vw,17px); line-height: 1.85;\">Tam y\u00fck ve y\u00fcks\u00fcz durumlar aras\u0131nda d\u00f6ng\u00fcsel olarak \u00e7al\u0131\u015fan ve ge\u00e7i\u015fler s\u0131ras\u0131nda \u00f6nemli miktarda enerji israf eden sabit h\u0131zl\u0131 kompres\u00f6rlerin aksine, de\u011fi\u015fken frekansl\u0131 s\u00fcr\u00fcc\u00fc teknolojisine sahip modern bir vidal\u0131 hava kompres\u00f6r\u00fc, ger\u00e7ek zamanl\u0131 olarak ger\u00e7ek hava talebine uyacak \u015fekilde motor h\u0131z\u0131n\u0131 s\u00fcrekli olarak ayarlar. Bu \u00f6zellik, eski nesil ekipmanlara k\u0131yasla do\u011frudan 30-50% enerji tasarrufuna d\u00f6n\u00fc\u015f\u00fcr; bu rakam, pandemi sonras\u0131 enerji fiyatlar\u0131ndaki dalgalanmalarla m\u00fccadele eden \u0130ngiltere'deki tesis y\u00f6neticileri i\u00e7in b\u00fcy\u00fck \u00f6nem ta\u015f\u0131maktad\u0131r. Bu k\u0131lavuz, rotor geometrisi, yatak malzemeleri, so\u011futma devresi tasar\u0131m\u0131 ve belirli konfig\u00fcrasyonlar\u0131 \u0130ngiliz end\u00fcstriyel ortamlar\u0131na daha uygun hale getiren \u00f6zel hususlar da dahil olmak \u00fczere, bu makinelerin arkas\u0131ndaki m\u00fchendisli\u011fi ayr\u0131nt\u0131l\u0131 olarak inceler.<\/p>\n<div style=\"clear: both;\"><\/div>\n<div style=\"text-align: center; margin: 24px 0 8px 0;\"><a style=\"display: inline-block; background: linear-gradient(135deg,#e84315,#ff7043); color: #fff; font-size: clamp(15px,2vw,18px); font-weight: bold; padding: 16px 40px; border-radius: 50px; text-decoration: none; letter-spacing: 1px; box-shadow: 0 6px 20px rgba(232,67,21,0.38); transition: transform 0.2s, box-shadow 0.2s;\" href=\"mailto:sales@air-compressor-for-laser-cutter.com\">\ud83d\udce7 \u015eimdi \u00dccretsiz Fiyat Teklifi Al\u0131n<br \/>\n<\/a><\/div>\n<\/div>\n<p><!-- SECTION: Working Principle --><\/p>\n<div style=\"width: 100%; max-width: 100%; min-width: 100%; box-sizing: border-box; margin-bottom: 36px;\">\n<h2 style=\"font-size: clamp(18px,3vw,28px); color: #0d1f3c; font-weight: bold; border-left: 5px solid #1a7ac4; padding-left: 16px; margin: 0 0 20px 0; line-height: 1.3;\">De\u011fi\u015fken Frekansl\u0131 Vidal\u0131 Hava Kompres\u00f6r\u00fc Ger\u00e7ekte Nas\u0131l \u00c7al\u0131\u015f\u0131r?<\/h2>\n<div style=\"display: flex; flex-wrap: wrap; gap: 20px; margin-bottom: 24px;\">\n<div style=\"flex: 1 1 280px; background: #f0f7ff; border-radius: 10px; padding: 3%; box-sizing: border-box; border: 1px solid #b8d9f5; transition: transform 0.25s, box-shadow 0.25s, border-color 0.25s;\">\n<div style=\"font-size: 28px; margin-bottom: 10px;\">\u2699<\/div>\n<p style=\"font-weight: bold; color: #0d1f3c; margin: 0 0 8px 0; font-size: clamp(14px,1.8vw,16px);\">D\u00f6ner Vidal\u0131 S\u0131k\u0131\u015ft\u0131rma<\/p>\n<p style=\"margin: 0; color: #3a5068; font-size: clamp(13px,1.6vw,15px); line-height: 1.7;\">Hassas i\u015flenmi\u015f bir muhafaza i\u00e7inde, biri erkek (d\u00f6rt loblu), di\u011feri di\u015fi (alt\u0131 oluklu) olmak \u00fczere iki helisel rotor birbirine kenetlenir. D\u00f6nd\u00fck\u00e7e, hava giri\u015fe \u00e7ekilir, rotor profilleri aras\u0131nda hapsolur ve vida geometrisi hapsolan hacmi azaltt\u0131k\u00e7a kademeli olarak s\u0131k\u0131\u015ft\u0131r\u0131l\u0131r. Santrif\u00fcj makinelerde oldu\u011fu gibi, kar\u015f\u0131l\u0131kl\u0131 hareket eden par\u00e7a, a\u015f\u0131nacak valf veya ani bas\u0131n\u00e7 s\u0131n\u0131rlamas\u0131 yoktur.<\/p>\n<\/div>\n<div style=\"flex: 1 1 280px; background: #f0fff6; border-radius: 10px; padding: 3%; box-sizing: border-box; border: 1px solid #a0dcc0; transition: transform 0.25s, box-shadow 0.25s, border-color 0.25s;\">\n<div style=\"font-size: 28px; margin-bottom: 10px;\">\u26a1<\/div>\n<p style=\"font-weight: bold; color: #0d1f3c; margin: 0 0 8px 0; font-size: clamp(14px,1.8vw,16px);\">De\u011fi\u015fken Frekansl\u0131 S\u00fcr\u00fcc\u00fc Entegrasyonu<\/p>\n<p style=\"margin: 0; color: #3a5068; font-size: clamp(13px,1.6vw,15px); line-height: 1.7;\">Bir VFD (invert\u00f6r olarak da adland\u0131r\u0131l\u0131r), \u015febeke beslemesi ile tahrik motoru aras\u0131na yerle\u015ftirilir. AC g\u00fcc\u00fc DC'ye d\u00f6n\u00fc\u015ft\u00fcr\u00fcr ve ard\u0131ndan motoru gerekli h\u0131zda d\u00f6nd\u00fcrmek i\u00e7in gereken frekansta yeni bir AC dalga formu sentezler. Kontrol sistemi s\u00fcrekli olarak \u00e7\u0131k\u0131\u015f bas\u0131nc\u0131n\u0131 \u00f6l\u00e7er ve bunu ayar noktas\u0131yla kar\u015f\u0131la\u015ft\u0131r\u0131r; talep d\u00fc\u015ft\u00fc\u011f\u00fcnde, invert\u00f6r milisaniyeler i\u00e7inde frekans\u0131 ve dolay\u0131s\u0131yla motor h\u0131z\u0131n\u0131 d\u00fc\u015f\u00fcrerek enerji israf\u0131na neden olan bo\u015faltma d\u00f6ng\u00fcs\u00fcn\u00fc tamamen \u00f6nler.<\/p>\n<\/div>\n<div style=\"flex: 1 1 280px; background: #fff8f0; border-radius: 10px; padding: 3%; box-sizing: border-box; border: 1px solid #f5cfaa; transition: transform 0.25s, box-shadow 0.25s, border-color 0.25s;\">\n<div style=\"font-size: 28px; margin-bottom: 10px;\">\u2744<\/div>\n<p style=\"font-weight: bold; color: #0d1f3c; margin: 0 0 8px 0; font-size: clamp(14px,1.8vw,16px);\">Ya\u011f Enjeksiyonlu So\u011futma Devresi<\/p>\n<p style=\"margin: 0; color: #3a5068; font-size: clamp(13px,1.6vw,15px); line-height: 1.7;\">S\u0131k\u0131\u015ft\u0131rma i\u015flemi \u00f6nemli miktarda \u0131s\u0131 \u00fcretir; kontrol edilmezse bu durum rotor y\u00fczeylerine ve ya\u011flay\u0131c\u0131ya zarar verir. S\u00fcrekli ya\u011f enjeksiyon sistemi, s\u0131k\u0131\u015ft\u0131rma odas\u0131n\u0131 ya\u011fla doldurarak ayn\u0131 anda rotorlar\u0131 ya\u011flar, erkek ve di\u015fi profiller aras\u0131ndaki bo\u015flu\u011fu kapat\u0131r ve \u0131s\u0131y\u0131 emer. S\u0131cak ya\u011f-hava kar\u0131\u015f\u0131m\u0131, enjeksiyon noktas\u0131na d\u00f6nmeden \u00f6nce hassas bir ay\u0131r\u0131c\u0131dan ve ard\u0131ndan bir ya\u011f so\u011futucudan ge\u00e7er. So\u011fuk \u00e7al\u0131\u015ft\u0131rmalar s\u0131ras\u0131nda nem yo\u011funla\u015fmas\u0131n\u0131 \u00f6nlemek i\u00e7in bir termostat valfi so\u011futucuyu devre d\u0131\u015f\u0131 b\u0131rak\u0131r.<\/p>\n<\/div>\n<\/div>\n<p style=\"color: #2c3e50; line-height: 1.85; margin: 0 0 16px 0;\">Vida eleman\u0131 boyunca bas\u0131n\u00e7 oran\u0131n\u0131 anlamak, \u0130ngiltere'deki tesis m\u00fchendisleri i\u00e7in ekipman belirlemede kritik \u00f6neme sahiptir. \u0130ngiltere'deki \u00e7o\u011fu end\u00fcstriyel uygulama, 7-13 bar aral\u0131\u011f\u0131nda \u00e7al\u0131\u015fma bas\u0131n\u00e7lar\u0131 gerektirir; bu da eleman boyunca tipik 7:1 ila 13:1 bas\u0131n\u00e7 oranlar\u0131na kar\u015f\u0131l\u0131k gelir. Rotor profili -\u00f6zellikle sarma a\u00e7\u0131s\u0131 ve asimetrik 4+6 loblu konfig\u00fcrasyon- havay\u0131 a\u015f\u0131r\u0131 s\u0131k\u0131\u015ft\u0131rmadan bu oranlarda i\u00e7 s\u0131z\u0131nt\u0131y\u0131 (kaymay\u0131) en aza indirecek \u015fekilde tasarlanm\u0131\u015ft\u0131r; bu da gereksiz \u0131s\u0131nma yoluyla enerji israf\u0131na yol a\u00e7ar. \u00d6nde gelen \u00fcreticiler, belirli \u00e7al\u0131\u015fma d\u00f6ng\u00fcleri i\u00e7in rotor profilini optimize etmek amac\u0131yla hesaplamal\u0131 ak\u0131\u015fkanlar dinami\u011fi modellemesi kullan\u0131r; bu disiplin, alt kademe alternatiflerden, altta yatan termodinamik m\u00fchendisli\u011fi olmadan d\u0131\u015f geometrileri kopyalayanlardan \u00fcst\u00fcn vidal\u0131 hava kompres\u00f6rlerini ay\u0131r\u0131r.<\/p>\n<p style=\"color: #2c3e50; line-height: 1.85; margin: 0 0 16px 0;\">Bas\u0131n\u00e7 kontrol aral\u0131\u011f\u0131 \u2013 sabit h\u0131zl\u0131 bir makinede y\u00fckleme ve bo\u015faltma ayar noktalar\u0131 aras\u0131ndaki fark veya VFD (De\u011fi\u015fken Frekans S\u00fcr\u00fcc\u00fcs\u00fc) bir makinede kontrol \u00f6l\u00fc band\u0131 \u2013 enerji verimlili\u011fini do\u011frudan etkiler. Ayar noktas\u0131 etraf\u0131nda 0,2 bar'l\u0131k dar bir aral\u0131kta \u00e7al\u0131\u015fan bir vidal\u0131 hava kompres\u00f6r\u00fc, 1 bar'l\u0131k bir aral\u0131kta \u00e7al\u0131\u015fan bir kompres\u00f6re g\u00f6re \u00f6l\u00e7\u00fclebilir derecede daha az enerji t\u00fcketir, \u00e7\u00fcnk\u00fc ortalama sistem bas\u0131nc\u0131 (ve dolay\u0131s\u0131yla \u00f6zg\u00fcl g\u00fc\u00e7) daha d\u00fc\u015f\u00fckt\u00fcr. \u00dcst d\u00fczey de\u011fi\u015fken frekansl\u0131 vidal\u0131 kompres\u00f6rlerdeki modern PLC tabanl\u0131 kontrol\u00f6rler, bu aral\u0131\u011f\u0131 otomatik olarak korur ve rak\u0131m, ortam s\u0131cakl\u0131\u011f\u0131 ve filtre bas\u0131n\u00e7 d\u00fc\u015f\u00fc\u015f\u00fcn\u00fc ger\u00e7ek zamanl\u0131 olarak ayarlar.<\/p>\n<p><img loading=\"lazy\" decoding=\"async\" class=\"alignnone size-full wp-image-371\" src=\"https:\/\/air-compressor-for-laser-cutter.com\/wp-content\/uploads\/2026\/03\/ep-Stainless-Steel-Gas-Tank-for-Air-Compressor-Post-processing-Equipment-2-1.webp\" alt=\"hava kompres\u00f6r\u00fc\" width=\"1680\" height=\"608\" srcset=\"https:\/\/air-compressor-for-laser-cutter.com\/wp-content\/uploads\/2026\/03\/ep-Stainless-Steel-Gas-Tank-for-Air-Compressor-Post-processing-Equipment-2-1.webp 1680w, https:\/\/air-compressor-for-laser-cutter.com\/wp-content\/uploads\/2026\/03\/ep-Stainless-Steel-Gas-Tank-for-Air-Compressor-Post-processing-Equipment-2-1-1280x463.webp 1280w, https:\/\/air-compressor-for-laser-cutter.com\/wp-content\/uploads\/2026\/03\/ep-Stainless-Steel-Gas-Tank-for-Air-Compressor-Post-processing-Equipment-2-1-980x355.webp 980w, https:\/\/air-compressor-for-laser-cutter.com\/wp-content\/uploads\/2026\/03\/ep-Stainless-Steel-Gas-Tank-for-Air-Compressor-Post-processing-Equipment-2-1-480x174.webp 480w\" sizes=\"(min-width: 0px) and (max-width: 480px) 480px, (min-width: 481px) and (max-width: 980px) 980px, (min-width: 981px) and (max-width: 1280px) 1280px, (min-width: 1281px) 1680px, 100vw\" \/><\/p>\n<\/div>\n<p><!-- SECTION: Materials --><\/p>\n<div style=\"width: 100%; max-width: 100%; min-width: 100%; box-sizing: border-box; margin-bottom: 36px;\">\n<h2 style=\"font-size: clamp(18px,3vw,28px); color: #0d1f3c; font-weight: bold; border-left: 5px solid #1a7ac4; padding-left: 16px; margin: 0 0 20px 0; line-height: 1.3;\">Temel Malzemeler: \u00dcst\u00fcn Kalitede Vidal\u0131 Kompres\u00f6r\u00fc Di\u011ferlerinden Ay\u0131ran \u00d6zellikler<\/h2>\n<div style=\"overflow: hidden; margin-bottom: 24px;\">\n<p><img decoding=\"async\" class=\"\" style=\"float: left; width: 195px; max-width: 100%; margin: 0px 22px 14px 0px; border-radius: 10px; box-shadow: rgba(0, 0, 0, 0.16) 0px 6px 24px; display: block;\" src=\"https:\/\/air-compressor-for-laser-cutter.com\/wp-content\/uploads\/2026\/03\/ep-Stainless-Steel-Precision-Filter-for-Air-Compressor-Post-processing-Equipment-1-1.webp\" alt=\"Hava Kompres\u00f6r\u00fc i\u00e7in Paslanmaz \u00c7elik Hassas Filtre\" height=\"195\" \/><\/p>\n<p style=\"color: #2c3e50; line-height: 1.85; margin: 0 0 14px 0;\">Rotor \u00e7ifti, herhangi bir vidal\u0131 hava kompres\u00f6r\u00fcn\u00fcn kalbidir ve 8 bar'\u0131n \u00fczerindeki \u00fcretim bas\u0131n\u00e7lar\u0131nda malzeme se\u00e7imi tart\u0131\u015f\u0131lmazd\u0131r. Y\u00fcksek kaliteli \u00fcreticiler, genellikle 42CrMo4 (SAE 4140'a benzer) olmak \u00fczere EN10083 uyumlu ala\u015f\u0131ml\u0131 \u00e7elikten rotorlar \u00fcretir; bu da rotor k\u00f6klerinde (\u00e7al\u0131\u015fma s\u0131ras\u0131nda en y\u00fcksek gerilim b\u00f6lgesi) 1.000 MPa'y\u0131 a\u015fan bir \u00e7ekme dayan\u0131m\u0131 sa\u011flar. Kaba i\u015fleme sonras\u0131nda, rotorlar 58-62 HRC aral\u0131\u011f\u0131nda y\u00fczey sertli\u011fi elde etmek i\u00e7in karb\u00fcrleme veya nitr\u00fcrleme \u0131s\u0131l i\u015flemine tabi tutulur; bu da 110\u00b0C'ye kadar s\u0131cakl\u0131klarda sentetik polialfaolefin ya\u011flay\u0131c\u0131larla \u00e7al\u0131\u015f\u0131rken hizmet \u00f6mr\u00fcn\u00fc \u00f6nemli \u00f6l\u00e7\u00fcde uzat\u0131r.<\/p>\n<p style=\"color: #2c3e50; line-height: 1.85; margin: 0 0 14px 0;\">Rotorlar\u0131 bar\u0131nd\u0131ran g\u00f6vde, standart hizmet modelleri i\u00e7in genellikle gri d\u00f6kme demir (EN-GJL-250) veya sfero d\u00f6k\u00fcm demirden (EN-GJS-500) yap\u0131l\u0131r; y\u00fcksek bas\u0131n\u00e7l\u0131 uygulamalar i\u00e7in ise \u00fcst\u00fcn darbe dayan\u0131m\u0131 nedeniyle sfero d\u00f6k\u00fcm demir tercih edilir. Premium segmentteki baz\u0131 \u00fcreticiler, a\u011f\u0131rl\u0131\u011f\u0131n \u00f6nemli oldu\u011fu ta\u015f\u0131nabilir vidal\u0131 hava kompres\u00f6rleri i\u00e7in al\u00fcminyum ala\u015f\u0131ml\u0131 g\u00f6vdeler sunmaktad\u0131r; bunlar, yakla\u015f\u0131k 280 MPa'l\u0131k tepe \u00e7ekme dayan\u0131m\u0131na sahip A356-T6 d\u00f6k\u00fcm al\u00fcminyum kullan\u0131r ve s\u0131zd\u0131rmazl\u0131k i\u00e7in demirin do\u011fal sertli\u011finden ziyade rotor ile g\u00f6vde aras\u0131ndaki yak\u0131n bo\u015fluklara g\u00fcvenir.<\/p>\n<div style=\"clear: both;\"><\/div>\n<\/div>\n<div style=\"display: flex; flex-wrap: wrap; gap: 16px;\">\n<div style=\"flex: 1 1 220px; background: #1a3a6b; color: #fff; border-radius: 10px; padding: 3%; box-sizing: border-box; transition: transform 0.25s, box-shadow 0.25s;\">\n<p style=\"margin: 0 0 6px 0; font-size: clamp(11px,1.4vw,13px); color: #7ecfff; letter-spacing: 2px; text-transform: uppercase;\">Rulmanlar<\/p>\n<p style=\"margin: 0; font-size: clamp(13px,1.6vw,15px); line-height: 1.7;\">Rotoru eksenel olarak konumland\u0131rmak i\u00e7in ABEC-7 tolerans s\u0131n\u0131f\u0131nda a\u00e7\u0131l\u0131 temasl\u0131 bilyal\u0131 rulmanlar kullan\u0131l\u0131r; radyal y\u00fckleri ise silindirik makaral\u0131 rulmanlar kar\u015f\u0131lar. \u00dcst d\u00fczey kompres\u00f6rler, nominal y\u00fckte 100.000 saati a\u015fan L10 \u00f6mr\u00fcne sahip SKF veya FAG rulmanlar\u0131 kullan\u0131r.<\/p>\n<\/div>\n<div style=\"flex: 1 1 220px; background: #0a4a7a; color: #fff; border-radius: 10px; padding: 3%; box-sizing: border-box; transition: transform 0.25s, box-shadow 0.25s;\">\n<p style=\"margin: 0 0 6px 0; font-size: clamp(11px,1.4vw,13px); color: #a8d8ff; letter-spacing: 2px; text-transform: uppercase;\">Mil Ke\u00e7eleri<\/p>\n<p style=\"margin: 0; font-size: clamp(13px,1.6vw,15px); line-height: 1.7;\">PTFE dudak contalar\u0131 veya labirent contalar, ya\u011f\u0131n tahrik ucu yatak bo\u015flu\u011funa ge\u00e7mesini \u00f6nler. Y\u00fcksek bas\u0131n\u00e7l\u0131 modellerde (13 bar \u00fczeri) genellikle karbon-grafit d\u00f6nen y\u00fczeylerin silisyum karb\u00fcr yuvalara temas etti\u011fi mekanik y\u00fczey contalar\u0131 kullan\u0131l\u0131r.<\/p>\n<\/div>\n<div style=\"flex: 1 1 220px; background: #0d2d1a; color: #fff; border-radius: 10px; padding: 3%; box-sizing: border-box; transition: transform 0.25s, box-shadow 0.25s;\">\n<p style=\"margin: 0 0 6px 0; font-size: clamp(11px,1.4vw,13px); color: #80e0a0; letter-spacing: 2px; text-transform: uppercase;\">Ya\u011f Ay\u0131r\u0131c\u0131 Eleman<\/p>\n<p style=\"margin: 0; font-size: clamp(13px,1.6vw,15px); line-height: 1.7;\">5 mikrondan alt mikrona kadar derecelendirilmi\u015f borosilikat cam elyaf\u0131 birle\u015ftirme ortam\u0131, ya\u011f aerosollerini yakalar. Kaliteli makinelerde kalan ya\u011f miktar\u0131 3 mg\/m\u00b3'\u00fcn alt\u0131ndad\u0131r; bu da lazer kesim, g\u0131da i\u015fleme ve ila\u00e7 uygulamalar\u0131 i\u00e7in \u00e7ok \u00f6nemlidir.<\/p>\n<\/div>\n<div style=\"flex: 1 1 220px; background: #2a1a0a; color: #fff; border-radius: 10px; padding: 3%; box-sizing: border-box; transition: transform 0.25s, box-shadow 0.25s;\">\n<p style=\"margin: 0 0 6px 0; font-size: clamp(11px,1.4vw,13px); color: #ffd080; letter-spacing: 2px; text-transform: uppercase;\">So\u011futucu \u00c7ekirdekler<\/p>\n<p style=\"margin: 0; font-size: clamp(13px,1.6vw,15px); line-height: 1.7;\">Al\u00fcminyum lehimli \u00e7ubuk ve plaka tipi son so\u011futucular standartt\u0131r; paslanmaz \u00e7elik g\u00f6vde ve boru konfig\u00fcrasyonlar\u0131 ise a\u00e7\u0131k deniz, g\u0131da s\u0131n\u0131f\u0131 ve a\u015f\u0131nd\u0131r\u0131c\u0131 gaz ortamlar\u0131 i\u00e7in belirtilmi\u015ftir. Etkin son so\u011futma, tahliye havas\u0131n\u0131n s\u0131cakl\u0131\u011f\u0131n\u0131 ortam s\u0131cakl\u0131\u011f\u0131n\u0131n 5\u00b0C alt\u0131na d\u00fc\u015f\u00fcr\u00fcr.<\/p>\n<\/div>\n<\/div>\n<\/div>\n<p><!-- SECTION: PERFORMANCE TABLE --><\/p>\n<div style=\"width: 100%; max-width: 100%; min-width: 100%; box-sizing: border-box; margin-bottom: 36px;\">\n<h2 style=\"font-size: clamp(18px,3vw,28px); color: #0d1f3c; font-weight: bold; border-left: 5px solid #1a7ac4; padding-left: 16px; margin: 0 0 20px 0; line-height: 1.3;\">\u00dcr\u00fcn Teknik Performans Parametreleri<\/h2>\n<p style=\"color: #2c3e50; line-height: 1.85; margin: 0 0 18px 0;\">A\u015fa\u011f\u0131daki tablo, Ever Power taraf\u0131ndan sunulan de\u011fi\u015fken frekansl\u0131 vidal\u0131 hava kompres\u00f6r\u00fc serisinin temsili \u00f6zelliklerini kapsamaktad\u0131r. T\u00fcm ak\u0131\u015f h\u0131zlar\u0131, ISO 1217:2009 Ek C ko\u015fullar\u0131na (giri\u015f 1 bar mutlak bas\u0131n\u00e7, 20\u00b0C, %0,15 ba\u011f\u0131l nem) g\u00f6re \u00f6l\u00e7\u00fclen Serbest Hava Debisi (FAD) olarak verilmi\u015ftir. \u00d6zg\u00fcl g\u00fc\u00e7 (kW\/m\u00b3\/dak FAD) temel verimlilik \u00f6l\u00e7\u00fct\u00fcd\u00fcr; daha d\u00fc\u015f\u00fck de\u011fer daha iyidir. G\u00f6sterilen de\u011ferler nominal ayar bas\u0131nc\u0131ndad\u0131r; ger\u00e7ek t\u00fcketim VFD h\u0131z\u0131na g\u00f6re de\u011fi\u015fir.<\/p>\n<div style=\"overflow-x: auto; -webkit-overflow-scrolling: touch; border-radius: 10px; box-shadow: 0 4px 20px rgba(0,0,0,0.10);\">\n<table style=\"width: 100%; min-width: 600px; border-collapse: collapse; font-size: clamp(12px,1.6vw,15px); background: #fff;\">\n<thead>\n<tr style=\"background: linear-gradient(90deg,#0d1f3c,#1a7ac4); color: #fff;\">\n<th style=\"padding: 14px 12px; text-align: left; font-weight: bold; white-space: nowrap;\">Model<\/th>\n<th style=\"padding: 14px 12px; text-align: center; font-weight: bold; white-space: nowrap;\">Motor G\u00fcc\u00fc (kW)<\/th>\n<th style=\"padding: 14px 12px; text-align: center; font-weight: bold; white-space: nowrap;\">FAD @ 8 bar (m\u00b3\/dak)<\/th>\n<th style=\"padding: 14px 12px; text-align: center; font-weight: bold; white-space: nowrap;\">FAD @ 10 bar (m\u00b3\/min)<\/th>\n<th style=\"padding: 14px 12px; text-align: center; font-weight: bold; white-space: nowrap;\">Bas\u0131n\u00e7 Aral\u0131\u011f\u0131 (bar)<\/th>\n<th style=\"padding: 14px 12px; text-align: center; font-weight: bold; white-space: nowrap;\">\u00d6zg\u00fcl G\u00fc\u00e7 (kW\/m\u00b3\/dak)<\/th>\n<th style=\"padding: 14px 12px; text-align: center; font-weight: bold; white-space: nowrap;\">G\u00fcr\u00fclt\u00fc Seviyesi dB(A)<\/th>\n<th style=\"padding: 14px 12px; text-align: center; font-weight: bold; white-space: nowrap;\">VFD H\u0131z Aral\u0131\u011f\u0131 (Hz)<\/th>\n<th style=\"padding: 14px 12px; text-align: center; font-weight: bold; white-space: nowrap;\">De\u015farj S\u0131cakl\u0131\u011f\u0131 (ortam s\u0131cakl\u0131\u011f\u0131n\u0131n \u00fczerinde \u00b0C)<\/th>\n<th style=\"padding: 14px 12px; text-align: center; font-weight: bold; white-space: nowrap;\">Ya\u011f Ta\u015f\u0131n\u0131m\u0131 (mg\/m\u00b3)<\/th>\n<\/tr>\n<\/thead>\n<tbody>\n<tr style=\"background: #f7faff; transition: background 0.2s;\">\n<td style=\"padding: 12px; font-weight: 600; color: #0d1f3c;\">EP-VF22<\/td>\n<td style=\"padding: 12px; text-align: center;\">22<\/td>\n<td style=\"padding: 12px; text-align: center;\">3.6<\/td>\n<td style=\"padding: 12px; text-align: center;\">3.0<\/td>\n<td style=\"padding: 12px; text-align: center;\">5 \u2013 13<\/td>\n<td style=\"padding: 12px; text-align: center;\">6.11<\/td>\n<td style=\"padding: 12px; text-align: center;\">65 \u00b12<\/td>\n<td style=\"padding: 12px; text-align: center;\">25 \u2013 60<\/td>\n<td style=\"padding: 12px; text-align: center;\">\u22648<\/td>\n<td style=\"padding: 12px; text-align: center;\">\u22643<\/td>\n<\/tr>\n<tr style=\"background: #fff; transition: background 0.2s;\">\n<td style=\"padding: 12px; font-weight: 600; color: #0d1f3c;\">EP-VF37<\/td>\n<td style=\"padding: 12px; text-align: center;\">37<\/td>\n<td style=\"padding: 12px; text-align: center;\">6.3<\/td>\n<td style=\"padding: 12px; text-align: center;\">5.2<\/td>\n<td style=\"padding: 12px; text-align: center;\">5 \u2013 13<\/td>\n<td style=\"padding: 12px; text-align: center;\">5.87<\/td>\n<td style=\"padding: 12px; text-align: center;\">66 \u00b12<\/td>\n<td style=\"padding: 12px; text-align: center;\">25 \u2013 60<\/td>\n<td style=\"padding: 12px; text-align: center;\">\u22648<\/td>\n<td style=\"padding: 12px; text-align: center;\">\u22643<\/td>\n<\/tr>\n<tr style=\"background: #f7faff; transition: background 0.2s;\">\n<td style=\"padding: 12px; font-weight: 600; color: #0d1f3c;\">EP-VF55<\/td>\n<td style=\"padding: 12px; text-align: center;\">55<\/td>\n<td style=\"padding: 12px; text-align: center;\">9.8<\/td>\n<td style=\"padding: 12px; text-align: center;\">8.1<\/td>\n<td style=\"padding: 12px; text-align: center;\">5 \u2013 13<\/td>\n<td style=\"padding: 12px; text-align: center;\">5.61<\/td>\n<td style=\"padding: 12px; text-align: center;\">68 \u00b12<\/td>\n<td style=\"padding: 12px; text-align: center;\">25 \u2013 60<\/td>\n<td style=\"padding: 12px; text-align: center;\">\u22648<\/td>\n<td style=\"padding: 12px; text-align: center;\">\u22643<\/td>\n<\/tr>\n<tr style=\"background: #fff; transition: background 0.2s;\">\n<td style=\"padding: 12px; font-weight: 600; color: #0d1f3c;\">EP-VF75<\/td>\n<td style=\"padding: 12px; text-align: center;\">75<\/td>\n<td style=\"padding: 12px; text-align: center;\">13.5<\/td>\n<td style=\"padding: 12px; text-align: center;\">11.2<\/td>\n<td style=\"padding: 12px; text-align: center;\">5 \u2013 13<\/td>\n<td style=\"padding: 12px; text-align: center;\">5.56<\/td>\n<td style=\"padding: 12px; text-align: center;\">69 \u00b12<\/td>\n<td style=\"padding: 12px; text-align: center;\">25 \u2013 60<\/td>\n<td style=\"padding: 12px; text-align: center;\">\u22648<\/td>\n<td style=\"padding: 12px; text-align: center;\">\u22643<\/td>\n<\/tr>\n<tr style=\"background: #f7faff; transition: background 0.2s;\">\n<td style=\"padding: 12px; font-weight: 600; color: #0d1f3c;\">EP-VF110<\/td>\n<td style=\"padding: 12px; text-align: center;\">110<\/td>\n<td style=\"padding: 12px; text-align: center;\">20.2<\/td>\n<td style=\"padding: 12px; text-align: center;\">16.8<\/td>\n<td style=\"padding: 12px; text-align: center;\">5 \u2013 13<\/td>\n<td style=\"padding: 12px; text-align: center;\">5.45<\/td>\n<td style=\"padding: 12px; text-align: center;\">70 \u00b12<\/td>\n<td style=\"padding: 12px; text-align: center;\">25 \u2013 60<\/td>\n<td style=\"padding: 12px; text-align: center;\">\u22648<\/td>\n<td style=\"padding: 12px; text-align: center;\">\u22643<\/td>\n<\/tr>\n<tr style=\"background: #fff; transition: background 0.2s;\">\n<td style=\"padding: 12px; font-weight: 600; color: #0d1f3c; white-space: nowrap;\">CM160PVF<\/td>\n<td style=\"padding: 12px; text-align: center;\">160<\/td>\n<td style=\"padding: 12px; text-align: center;\">28.0<\/td>\n<td style=\"padding: 12px; text-align: center;\">23.5<\/td>\n<td style=\"padding: 12px; text-align: center;\">5 \u2013 13<\/td>\n<td style=\"padding: 12px; text-align: center;\">5.71<\/td>\n<td style=\"padding: 12px; text-align: center;\">72 \u00b12<\/td>\n<td style=\"padding: 12px; text-align: center;\">25 \u2013 60<\/td>\n<td style=\"padding: 12px; text-align: center;\">\u22648<\/td>\n<td style=\"padding: 12px; text-align: center;\">\u22643<\/td>\n<\/tr>\n<\/tbody>\n<\/table>\n<\/div>\n<p style=\"color: #6a8099; font-size: clamp(11px,1.4vw,13px); margin: 10px 0 0 0;\">T\u00fcm \u00f6zellikler ISO 1217:2009 Ek C'ye g\u00f6re \u00f6l\u00e7\u00fclm\u00fc\u015ft\u00fcr. Veriler m\u00fchendislik revizyonuna tabidir. Sertifikal\u0131 test raporlar\u0131 i\u00e7in Ever Power ile ileti\u015fime ge\u00e7in.<\/p>\n<\/div>\n<p><!-- SECTION: Product Advantages --><\/p>\n<div style=\"width: 100%; max-width: 100%; min-width: 100%; box-sizing: border-box; margin-bottom: 36px;\">\n<h2 style=\"font-size: clamp(18px,3vw,28px); color: #0d1f3c; font-weight: bold; border-left: 5px solid #1a7ac4; padding-left: 16px; margin: 0 0 20px 0; line-height: 1.3;\">Yat\u0131r\u0131m\u0131 Hakl\u0131 \u00c7\u0131karan Alt\u0131 Teknik Avantaj<\/h2>\n<div style=\"display: flex; flex-wrap: wrap; gap: 18px;\">\n<div style=\"flex: 1 1 280px; border-radius: 12px; border: 1.5px solid #c5ddf7; padding: 3%; box-sizing: border-box; background: #f8fbff; transition: transform 0.25s, box-shadow 0.25s, border-color 0.25s;\">\n<div style=\"display: inline-block; background: #1a7ac4; color: #fff; border-radius: 50%; width: 40px; height: 40px; line-height: 40px; text-align: center; font-weight: 800; font-size: 18px; margin-bottom: 12px;\">1<\/div>\n<p style=\"font-weight: bold; color: #0d1f3c; margin: 0 0 8px 0; font-size: clamp(14px,1.8vw,16px);\">30\u201350% Sabit H\u0131zl\u0131 \u00dcnitelere G\u00f6re Enerji Tasarrufu<\/p>\n<p style=\"margin: 0; color: #3a5068; font-size: clamp(13px,1.6vw,15px); line-height: 1.75;\">VFD (De\u011fi\u015fken Frekans S\u00fcr\u00fcc\u00fcs\u00fc), sabit h\u0131zl\u0131 makinelerde 15-251 TP5T nominal g\u00fcc\u00fcn bo\u015fa harcanmas\u0131na neden olan y\u00fcks\u00fcz \u00e7al\u0131\u015fma s\u00fcresini ortadan kald\u0131r\u0131r. K\u0131smi y\u00fckte (\u00fcretim ortamlar\u0131nda tipik olarak 60-801 TP5T tepe kapasite), invert\u00f6r tahrikli vidal\u0131 hava kompres\u00f6r\u00fc orant\u0131l\u0131 olarak daha d\u00fc\u015f\u00fck h\u0131zda ve g\u00fc\u00e7 t\u00fcketiminde \u00e7al\u0131\u015f\u0131r. Ortalama elektrik maliyeti 0,28 \u00a3\/kWh olan ve y\u0131lda 6.000 saat \u00e7al\u0131\u015fan 75 kW'l\u0131k bir kompres\u00f6re sahip bir \u0130ngiltere tesisi i\u00e7in, sabit h\u0131zl\u0131 bir e\u015fde\u011ferine k\u0131yasla y\u0131ll\u0131k tasarruf 18.000 \u00a3'u a\u015fabilir; bu da \u00e7o\u011fu durumda \u00fc\u00e7 y\u0131ldan \u00e7ok daha k\u0131sa bir geri \u00f6deme s\u00fcresi anlam\u0131na gelir.<\/p>\n<\/div>\n<div style=\"flex: 1 1 280px; border-radius: 12px; border: 1.5px solid #c5ddf7; padding: 3%; box-sizing: border-box; background: #f8fbff; transition: transform 0.25s, box-shadow 0.25s, border-color 0.25s;\">\n<div style=\"display: inline-block; background: #1a7ac4; color: #fff; border-radius: 50%; width: 40px; height: 40px; line-height: 40px; text-align: center; font-weight: 800; font-size: 18px; margin-bottom: 12px;\">2<\/div>\n<p style=\"font-weight: bold; color: #0d1f3c; margin: 0 0 8px 0; font-size: clamp(14px,1.8vw,16px);\">Hassas Bas\u0131n\u00e7 Kararl\u0131l\u0131\u011f\u0131 (\u00b10,1 bar)<\/p>\n<p style=\"margin: 0; color: #3a5068; font-size: clamp(13px,1.6vw,15px); line-height: 1.75;\">VFD, a\u00e7ma ve kapama durumlar\u0131 aras\u0131nda ge\u00e7i\u015f yapmak yerine s\u00fcrekli olarak mod\u00fclasyon yapt\u0131\u011f\u0131 i\u00e7in, \u00e7\u0131k\u0131\u015f bas\u0131nc\u0131 son derece dar bir aral\u0131kta kal\u0131r - tipik olarak ayar noktas\u0131n\u0131n \u00b10,1 bar'\u0131. Bu, \u00b10,3 bar'\u0131n \u00fczerindeki bas\u0131n\u00e7 dalgalanmalar\u0131n\u0131n kesim kenarlar\u0131nda g\u00f6zle g\u00f6r\u00fcl\u00fcr kalite farkl\u0131l\u0131klar\u0131na neden oldu\u011fu lazer kesim gibi son kullan\u0131m alanlar\u0131 ve hava bas\u0131nc\u0131 tutarl\u0131l\u0131\u011f\u0131n\u0131n tablet sertli\u011fi homojenli\u011fini ve yasal uyumlulu\u011fu do\u011frudan etkiledi\u011fi farmas\u00f6tik tablet s\u0131k\u0131\u015ft\u0131rma gibi uygulamalar i\u00e7in son derece \u00f6nemlidir.<\/p>\n<\/div>\n<div style=\"flex: 1 1 280px; border-radius: 12px; border: 1.5px solid #c5ddf7; padding: 3%; box-sizing: border-box; background: #f8fbff; transition: transform 0.25s, box-shadow 0.25s, border-color 0.25s;\">\n<div style=\"display: inline-block; background: #1a7ac4; color: #fff; border-radius: 50%; width: 40px; height: 40px; line-height: 40px; text-align: center; font-weight: 800; font-size: 18px; margin-bottom: 12px;\">3<\/div>\n<p style=\"font-weight: bold; color: #0d1f3c; margin: 0 0 8px 0; font-size: clamp(14px,1.8vw,16px);\">Uzun Mekanik Servis \u00d6mr\u00fc<\/p>\n<p style=\"margin: 0; color: #3a5068; font-size: clamp(13px,1.6vw,15px); line-height: 1.75;\">Sabit h\u0131zl\u0131 kompres\u00f6rlerde motor \u00e7al\u0131\u015ft\u0131rma say\u0131s\u0131 artar; her \u00e7al\u0131\u015ft\u0131rma olay\u0131, sarg\u0131lar\u0131 birka\u00e7 saniye boyunca nominal ak\u0131m\u0131n 6-8 kat\u0131na maruz b\u0131rakarak yal\u0131t\u0131m\u0131 kademeli olarak bozar. De\u011fi\u015fken frekansl\u0131 vidal\u0131 hava kompres\u00f6r\u00fc, VFD kontrol\u00fc alt\u0131nda s\u0131f\u0131ra yak\u0131n h\u0131zda \u00e7al\u0131\u015fmaya ba\u015flar, ani ak\u0131m\u0131 nominal de\u011fere s\u0131n\u0131rlar ve mekanik \u015foku tamamen ortadan kald\u0131r\u0131r. Sonu\u00e7 olarak, motor sarg\u0131 \u00f6mr\u00fc \u00f6nemli \u00f6l\u00e7\u00fcde uzar, kaplin yorgunlu\u011fu azal\u0131r ve yatak a\u015f\u0131nma oranlar\u0131 d\u00fc\u015fer; bu da planl\u0131 bak\u0131m ziyaretleri aras\u0131ndaki aral\u0131klar\u0131n uzamas\u0131na do\u011frudan yans\u0131r.<\/p>\n<\/div>\n<div style=\"flex: 1 1 280px; border-radius: 12px; border: 1.5px solid #c5ddf7; padding: 3%; box-sizing: border-box; background: #f8fbff; transition: transform 0.25s, box-shadow 0.25s, border-color 0.25s;\">\n<div style=\"display: inline-block; background: #1a7ac4; color: #fff; border-radius: 50%; width: 40px; height: 40px; line-height: 40px; text-align: center; font-weight: 800; font-size: 18px; margin-bottom: 12px;\">4<\/div>\n<p style=\"font-weight: bold; color: #0d1f3c; margin: 0 0 8px 0; font-size: clamp(14px,1.8vw,16px);\">Yumu\u015fak Ba\u015flatma \u015eebeke Talep \u00dccretlerini Ortadan Kald\u0131r\u0131r<\/p>\n<p style=\"margin: 0; color: #3a5068; font-size: clamp(13px,1.6vw,15px); line-height: 1.75;\">Birle\u015fik Krall\u0131k'ta, ticari elektrik tarifelerindeki Maksimum Talep (MD) \u00fccretleri, en y\u00fcksek 30 dakikal\u0131k aral\u0131ktaki t\u00fcketim \u00fczerinden hesaplan\u0131r. Do\u011frudan \u015eebeke Ba\u011flant\u0131l\u0131 (DOL) ba\u015flat\u0131lan sabit h\u0131zl\u0131 bir kompres\u00f6r, ba\u015flatma s\u0131ras\u0131nda birka\u00e7 saniye boyunca nominal ak\u0131m\u0131n 6-8 kat\u0131na kadar talep art\u0131\u015f\u0131na neden olabilir; bu da MD de\u011ferini y\u00fckseltir ve t\u00fcm faturalama d\u00f6nemi i\u00e7in MD \u00fccretini art\u0131r\u0131r. VFD yumu\u015fak ba\u015flatma, bu ani art\u0131\u015f\u0131 tamamen ortadan kald\u0131r\u0131r ve genellikle birden fazla kompres\u00f6r \u00e7al\u0131\u015ft\u0131ran tesislerde MD de\u011ferini 15-25% azalt\u0131r; bu da ilk sat\u0131n alma kararlar\u0131nda nadiren dikkate al\u0131nan \u00f6nemli bir ikincil tasarruftur.<\/p>\n<\/div>\n<div style=\"flex: 1 1 280px; border-radius: 12px; border: 1.5px solid #c5ddf7; padding: 3%; box-sizing: border-box; background: #f8fbff; transition: transform 0.25s, box-shadow 0.25s, border-color 0.25s;\">\n<div style=\"display: inline-block; background: #1a7ac4; color: #fff; border-radius: 50%; width: 40px; height: 40px; line-height: 40px; text-align: center; font-weight: 800; font-size: 18px; margin-bottom: 12px;\">5<\/div>\n<p style=\"font-weight: bold; color: #0d1f3c; margin: 0 0 8px 0; font-size: clamp(14px,1.8vw,16px);\">Entegre IoT \u0130zleme ve Uzaktan Te\u015fhis<\/p>\n<p style=\"margin: 0; color: #3a5068; font-size: clamp(13px,1.6vw,15px); line-height: 1.75;\">Modern de\u011fi\u015fken frekansl\u0131 vidal\u0131 hava kompres\u00f6rleri, \u00e7\u0131k\u0131\u015f s\u0131cakl\u0131\u011f\u0131, ya\u011f bas\u0131nc\u0131, filtre fark\u0131, yatak titre\u015fimi ve motor ak\u0131m\u0131 gibi 30'dan fazla \u00e7al\u0131\u015fma parametresini bir dakikal\u0131k aral\u0131klarla kaydeden g\u00f6m\u00fcl\u00fc PLC kontrol \u00fcniteleriyle birlikte gelir. Ethernet ba\u011flant\u0131l\u0131 \u00fcniteler, bu verileri masa\u00fcst\u00fc veya mobil cihazlardan eri\u015filebilen bulut tabanl\u0131 g\u00f6sterge panellerine aktararak, \u0130ngiltere'deki bak\u0131m ekiplerinin fiziksel saha ziyaretleri yapmadan kompres\u00f6r sa\u011fl\u0131\u011f\u0131n\u0131 izlemelerini sa\u011flar. Tahminleyici bak\u0131m algoritmalar\u0131, ar\u0131zalara d\u00f6n\u00fc\u015fmeden haftalar \u00f6nce anormallikleri i\u015faretler; bu \u00f6zellik, ISO 55001 varl\u0131k y\u00f6netimi \u00e7er\u00e7eveleri taraf\u0131ndan giderek daha fazla talep edilmektedir.<\/p>\n<\/div>\n<div style=\"flex: 1 1 280px; border-radius: 12px; border: 1.5px solid #c5ddf7; padding: 3%; box-sizing: border-box; background: #f8fbff; transition: transform 0.25s, box-shadow 0.25s, border-color 0.25s;\">\n<div style=\"display: inline-block; background: #1a7ac4; color: #fff; border-radius: 50%; width: 40px; height: 40px; line-height: 40px; text-align: center; font-weight: 800; font-size: 18px; margin-bottom: 12px;\">6<\/div>\n<p style=\"font-weight: bold; color: #0d1f3c; margin: 0 0 8px 0; font-size: clamp(14px,1.8vw,16px);\">\u00c7al\u0131\u015fma Alan\u0131na Entegrasyon i\u00e7in D\u00fc\u015f\u00fck Akustik Profil<\/p>\n<p style=\"margin: 0; color: #3a5068; font-size: clamp(13px,1.6vw,15px); line-height: 1.75;\">Giri\u015f valfi g\u00fcr\u00fclt\u00fcs\u00fcn\u00fcn olmamas\u0131 ve VFD kontroll\u00fc motorlar\u0131n d\u00fczg\u00fcn tork karakteristi\u011fi, ayn\u0131 kapasitedeki sabit h\u0131zl\u0131 e\u015fde\u011ferlerine k\u0131yasla akustik emisyonu 4-8 dB(A) azalt\u0131r. 1 metrede 65-72 dB(A) (ISO 2151'e g\u00f6re) olan bu vidal\u0131 hava kompres\u00f6rleri, Birle\u015fik Krall\u0131k \u0130\u015fyerinde G\u00fcr\u00fclt\u00fc Kontrol\u00fc Y\u00f6netmeli\u011fi 2005'in \u00fcst maruz kalma s\u0131n\u0131rlar\u0131n\u0131 ihlal etmeden, ofislerin biti\u015fi\u011findeki \u00e7al\u0131\u015fma alanlar\u0131na kurulabilir ve bir\u00e7ok k\u00fc\u00e7\u00fck tesiste \u00f6zel kompres\u00f6r odalar\u0131na olan ihtiyac\u0131 ortadan kald\u0131r\u0131r.<\/p>\n<\/div>\n<\/div>\n<\/div>\n<p><!-- SECTION: Industrial Application Scenarios --><\/p>\n<div style=\"width: 100%; max-width: 100%; min-width: 100%; box-sizing: border-box; margin-bottom: 36px;\">\n<h2 style=\"font-size: clamp(18px,3vw,28px); color: #0d1f3c; font-weight: bold; border-left: 5px solid #1a7ac4; padding-left: 16px; margin: 0 0 20px 0; line-height: 1.3;\">Birle\u015fik Krall\u0131k \u0130malat Sekt\u00f6rlerinde End\u00fcstriyel Uygulama Senaryolar\u0131<\/h2>\n<p><!-- App 1: Laser Cutting --><\/p>\n<div style=\"overflow: hidden; background: linear-gradient(135deg,#f0f7ff,#e8f3ff); border-radius: 12px; padding: 3%; box-sizing: border-box; margin-bottom: 20px; border-left: 4px solid #1a7ac4;\">\n<p><img decoding=\"async\" class=\"\" style=\"float: right; width: 214px; max-width: 100%; margin: 0px 0px 14px 22px; border-radius: 8px; box-shadow: rgba(0, 0, 0, 0.14) 0px 4px 16px; display: block;\" src=\"https:\/\/air-compressor-for-laser-cutter.com\/wp-content\/uploads\/2026\/03\/ep-Stainless-Steel-Precision-Filter-for-Air-Compressor-Post-processing-Equipment-3-1-1.webp\" alt=\"Hava kompres\u00f6r\u00fc son i\u015flem i\u00e7in hassas filtre\" height=\"217\" \/><\/p>\n<p style=\"font-weight: bold; color: #0d1f3c; font-size: clamp(15px,2vw,18px); margin: 0 0 10px 0;\">Uygulama Senaryosu 1: Bat\u0131 Midlands Sac Metal \u0130malat\u0131nda Lazer Kesim<\/p>\n<p style=\"color: #2c3e50; line-height: 1.85; margin: 0;\">Bat\u0131 Midlands'deki sac metal i\u015fleme at\u00f6lyeleri - Wolverhampton'daki k\u00fc\u00e7\u00fck at\u00f6lyelerden Coventry'deki b\u00fcy\u00fck \u00f6l\u00e7ekli fason \u00fcreticilere kadar - birincil profil olu\u015fturma i\u015flemi olarak b\u00fcy\u00fck \u00f6l\u00e7\u00fcde fiber lazer kesime g\u00fcvenmektedir. Bir fiber lazer kesim sistemi, erimi\u015f metali kesim aral\u0131\u011f\u0131ndan d\u0131\u015far\u0131 atmak ve odaklama opti\u011fini kirlenmeden korumak i\u00e7in s\u00fcrekli, kuru, ya\u011fs\u0131z bir yard\u0131mc\u0131 gaz beslemesine ihtiya\u00e7 duyar. Lazer kesiciyi besleyen vidal\u0131 hava kompres\u00f6r\u00fc, hassas bir bas\u0131n\u00e7ta (malzeme kal\u0131nl\u0131\u011f\u0131na ve t\u00fcr\u00fcne ba\u011fl\u0131 olarak tipik olarak 6-10 bar) hava sa\u011flamal\u0131, a\u015fa\u011f\u0131 ak\u0131\u015f filtrelemesinden sonra ya\u011f ta\u015f\u0131n\u0131m\u0131 0,01 mg\/m\u00b3'\u00fcn alt\u0131nda olmal\u0131 ve adsorpsiyon kurutucusundan sonra \u00e7i\u011flenme noktas\u0131 -40\u00b0C veya alt\u0131nda olmal\u0131d\u0131r. De\u011fi\u015fken frekansl\u0131 s\u00fcr\u00fcc\u00fc, t\u00fcm \u00fcretim s\u00fcrecinde tutarl\u0131 kesim kenar\u0131 kalitesi \u00fcretmek i\u00e7in gereken s\u0131k\u0131 toleransla bu bas\u0131nc\u0131 korur; bu, do\u011fal bas\u0131n\u00e7 d\u00f6ng\u00fcs\u00fcne sahip sabit h\u0131zl\u0131 makinelerin g\u00fcvenilir bir \u015fekilde kar\u015f\u0131layamayaca\u011f\u0131 bir standartt\u0131r.<\/p>\n<div style=\"clear: both;\"><\/div>\n<\/div>\n<p><!-- App 2: Pharmaceutical --><\/p>\n<div style=\"background: linear-gradient(135deg,#f0fff6,#e8fff2); border-radius: 12px; padding: 3%; box-sizing: border-box; margin-bottom: 20px; border-left: 4px solid #16a067;\">\n<p style=\"font-weight: bold; color: #0d1f3c; font-size: clamp(15px,2vw,18px); margin: 0 0 10px 0;\">Uygulama Senaryosu 2: Cambridge ve Oxford-Cambridge B\u00f6lgesinde \u0130la\u00e7 \u00dcretimi<\/p>\n<p style=\"color: #2c3e50; line-height: 1.85; margin: 0;\">Cambridge ve Oxford aras\u0131nda uzanan ila\u00e7 end\u00fcstrisi koridoru, Birle\u015fik Krall\u0131k'\u0131n en talepkar bas\u0131n\u00e7l\u0131 hava t\u00fcketicilerinden baz\u0131lar\u0131na ev sahipli\u011fi yap\u0131yor. Tablet pres makineleri, blister ambalaj hatlar\u0131 ve liyofilizat\u00f6r y\u00fckleme sistemlerinin t\u00fcm\u00fc, ISO 8573-1 S\u0131n\u0131f 1 veya S\u0131n\u0131f 2 standartlar\u0131na g\u00f6re s\u0131n\u0131fland\u0131r\u0131lm\u0131\u015f, yani partik\u00fcl i\u00e7eri\u011fi 0,1 mikronun alt\u0131nda, bas\u0131n\u00e7 \u00e7i\u011f noktas\u0131 -40\u00b0C veya alt\u0131nda ve toplam ya\u011f i\u00e7eri\u011fi 0,01 mg\/m\u00b3'\u00fcn alt\u0131nda olan, cihaz kalitesinde hava gerektirir. Bu gereksinimler, ya\u011fs\u0131z veya filtreli ya\u011fl\u0131 vidal\u0131 hava kompres\u00f6rlerinin se\u00e7imini yaln\u0131zca ticari bir karar olmaktan ziyade kritik bir uyumluluk karar\u0131 haline getiriyor. De\u011fi\u015fken frekansl\u0131 vidal\u0131 hava kompres\u00f6r\u00fc, SCADA kontroll\u00fc temiz oda ortamlar\u0131na do\u011fal olarak entegre olur; PLC \u00e7\u0131k\u0131\u015f\u0131, merkezi izleme i\u00e7in do\u011frudan Bina Y\u00f6netim Sistemlerine ba\u011flan\u0131r ve d\u00fczg\u00fcn bas\u0131n\u00e7 da\u011f\u0131t\u0131m\u0131, hassas dolum ve dozaj ekipman\u0131 kalibrasyonunu etkileyebilecek k\u00fc\u00e7\u00fck titre\u015fimleri ortadan kald\u0131r\u0131r.<\/p>\n<\/div>\n<p><!-- App 3: Automotive --><\/p>\n<div style=\"background: linear-gradient(135deg,#fff8f0,#fff3e8); border-radius: 12px; padding: 3%; box-sizing: border-box; margin-bottom: 20px; border-left: 4px solid #e07a20;\">\n<p style=\"font-weight: bold; color: #0d1f3c; font-size: clamp(15px,2vw,18px); margin: 0 0 10px 0;\">Uygulama Senaryosu 3: Sunderland ve Derby'deki Otomotiv Montaj Fabrikalar\u0131<\/p>\n<p style=\"color: #2c3e50; line-height: 1.85; margin: 0;\">Nissan'\u0131n Sunderland'daki tesisi ve Rolls-Royce'un Derby'deki operasyonlar\u0131 da dahil olmak \u00fczere b\u00fcy\u00fck otomotiv montaj fabrikalar\u0131, montaj hatlar\u0131ndaki pn\u00f6matik aletler, robotik sprey boyama kabinleri, lastik \u015fi\u015firme istasyonlar\u0131 ve hava tahrikli ta\u015f\u0131ma sistemleri gibi d\u00fczinelerce e\u015f zamanl\u0131 kullan\u0131m alan\u0131nda y\u00fcksek ve de\u011fi\u015fken ak\u0131\u015flar\u0131 s\u00fcrd\u00fcrebilen bas\u0131n\u00e7l\u0131 hava sistemlerine ihtiya\u00e7 duyar. Kaskad halinde \u00e7al\u0131\u015fan birden fazla de\u011fi\u015fken frekansl\u0131 vidal\u0131 hava kompres\u00f6r\u00fcyle beslenen merkezi bir halka ana hat, bu t\u00fcr tesislerin gerektirdi\u011fi yedeklili\u011fi ve kapasite mod\u00fclasyonunu sa\u011flar. Kaskad kontrol algoritmas\u0131, toplam talep de\u011fi\u015ftik\u00e7e \u00fcniteleri \u00e7evrimi\u00e7i veya \u00e7evrimd\u0131\u015f\u0131 hale getirerek kompres\u00f6rleri s\u00fcrekli olarak s\u0131ralar; her makine, israf yaratan bo\u015fta kalma d\u00f6nemlerinden ge\u00e7mek yerine en verimli k\u0131smi y\u00fck noktas\u0131nda \u00e7al\u0131\u015f\u0131r.<\/p>\n<\/div>\n<p><!-- App 4: Food & Beverage --><\/p>\n<div style=\"overflow: hidden; background: linear-gradient(135deg,#f8f0ff,#f2e8ff); border-radius: 12px; padding: 3%; box-sizing: border-box; margin-bottom: 20px; border-left: 4px solid #7b3fa0;\">\n<p style=\"font-weight: bold; color: #0d1f3c; font-size: clamp(15px,2vw,18px); margin: 0 0 10px 0;\">Uygulama Senaryosu 4: Yorkshire ve Lancashire'da G\u0131da ve \u0130\u00e7ecek \u00dcretimi<\/p>\n<p style=\"color: #2c3e50; line-height: 1.85; margin: 0;\"><img decoding=\"async\" class=\"\" style=\"float: left; width: 169px; max-width: 100%; margin: 0px 20px 14px 0px; border-radius: 8px; box-shadow: rgba(0, 0, 0, 0.14) 0px 4px 16px; display: block;\" src=\"https:\/\/air-compressor-for-laser-cutter.com\/wp-content\/uploads\/2026\/03\/ep-Stainless-Steel-Gas-Tank-for-Air-Compressor-Post-processing-Equipment-1-1.webp\" alt=\"Hava Kompres\u00f6r\u00fc i\u00e7in Paslanmaz \u00c7elik Gaz Tank\u0131\" height=\"169\" \/>Yorkshire ve Lancashire'\u0131 kapsayan g\u0131da ve i\u00e7ecek \u00fcretim ku\u015fa\u011f\u0131 \u2013 Yorkshire Dales'deki s\u00fct i\u015fleme tesislerinden Manchester yak\u0131nlar\u0131ndaki b\u00fcy\u00fck bisk\u00fcvi ve \u015fekerleme i\u015fletmelerine kadar her \u015feyi i\u00e7erir \u2013 \u0130ngiltere end\u00fcstrisindeki en b\u00fcy\u00fck bas\u0131n\u00e7l\u0131 hava t\u00fcketici segmentlerinden birini temsil etmektedir. G\u0131da s\u0131n\u0131f\u0131 bas\u0131n\u00e7l\u0131 hava, \u0130ngiliz Bas\u0131n\u00e7l\u0131 Gazlar Birli\u011fi (BCGA) k\u0131lavuzu CP4 ve ISO 8573-1 safl\u0131k s\u0131n\u0131flar\u0131na uygun olmal\u0131d\u0131r; bu s\u0131n\u0131flar temasl\u0131 ve temass\u0131z ayr\u0131m\u0131yla ilgilidir. Bu sekt\u00f6rdeki de\u011fi\u015fken frekansl\u0131 vidal\u0131 hava kompres\u00f6rleri tipik olarak gran\u00fcl malzemeler i\u00e7in pn\u00f6matik ta\u015f\u0131ma hatlar\u0131n\u0131, ambalaj makinelerini, PET kaplar i\u00e7in \u015fi\u015firme kal\u0131plama sistemlerini ve y\u00fcksek h\u0131zl\u0131 dolum nozullar\u0131n\u0131 besler. VFD'nin, \u00fcretim kesintisinin ard\u0131ndan birden fazla dolum hatt\u0131n\u0131n ayn\u0131 anda \u00e7al\u0131\u015fmaya ba\u015flamas\u0131 gibi talep art\u0131\u015flar\u0131 s\u0131ras\u0131nda sabit bas\u0131nc\u0131 koruyabilme yetene\u011fi, ambalaj s\u0131zd\u0131rmazl\u0131k ar\u0131zalar\u0131na ve \u00fcr\u00fcn israf\u0131na neden olan bas\u0131n\u00e7 d\u00fc\u015f\u00fc\u015flerini \u00f6nler.<\/p>\n<div style=\"clear: both;\"><\/div>\n<\/div>\n<p><!-- App 5: Steel & Metals --><\/p>\n<div style=\"background: linear-gradient(135deg,#f0f4f8,#e8eef5); border-radius: 12px; padding: 3%; box-sizing: border-box; margin-bottom: 20px; border-left: 4px solid #607080;\">\n<p style=\"font-weight: bold; color: #0d1f3c; font-size: clamp(15px,2vw,18px); margin: 0 0 10px 0;\">Uygulama Senaryosu 5: Sheffield'de \u00d6zel \u00c7elik ve Metal \u0130\u015fleme<\/p>\n<p style=\"color: #2c3e50; line-height: 1.85; margin: 0;\">Sheffield'in \u00f6zel \u00e7elik ve geli\u015fmi\u015f ala\u015f\u0131mlar \u00fcretiminin k\u00fcresel merkezi olmas\u0131, bu sekt\u00f6re hizmet veren bas\u0131n\u00e7l\u0131 hava sistemlerinin benzersiz derecede zorlu ortamlara maruz kalmas\u0131 anlam\u0131na gelir: f\u0131r\u0131nlar\u0131n yak\u0131n\u0131ndaki y\u00fcksek ortam s\u0131cakl\u0131klar\u0131, havada bulunan metalik par\u00e7ac\u0131klar ve f\u0131r\u0131n y\u00fckleme, haddeleme ve \u0131s\u0131l i\u015flem operasyonlar\u0131 d\u00f6ng\u00fcs\u00fc s\u0131ras\u0131nda geni\u015f \u00f6l\u00e7\u00fcde de\u011fi\u015fen talep profilleri. 110-160 kW aral\u0131\u011f\u0131ndaki y\u00fcksek kapasiteli de\u011fi\u015fken frekansl\u0131 vidal\u0131 hava kompres\u00f6rleri, ayn\u0131 anda birden fazla g\u00f6revi yerine getirir: proses gaz ak\u0131\u015f\u0131n\u0131 kontrol eden akt\u00fcat\u00f6rler i\u00e7in enstr\u00fcman havas\u0131 sa\u011flamak, personeli metalik tozdan koruyan pozitif bas\u0131n\u00e7 kontrol odalar\u0131na temiz hava sa\u011flamak ve pn\u00f6matik s\u00f6nd\u00fcrme suyu p\u00fcsk\u00fcrtme sistemlerini beslemek. VFD'nin y\u00fck takip \u00f6zelli\u011fi, bu sistemlerin, parti de\u011fi\u015fimleri s\u0131ras\u0131nda b\u00fcy\u00fck pn\u00f6matik akt\u00fcat\u00f6rler ayn\u0131 anda \u00e7al\u0131\u015ft\u0131\u011f\u0131nda meydana gelen ani talep art\u0131\u015flar\u0131na milisaniyeler i\u00e7inde yan\u0131t vermesini sa\u011flar.<\/p>\n<\/div>\n<\/div>\n<p><!-- SECTION: Ever Power Factory --><\/p>\n<div style=\"width: 100%; max-width: 100%; min-width: 100%; box-sizing: border-box; margin-bottom: 36px; background: linear-gradient(135deg,#0d1f3c,#0a3a6a); border-radius: 14px; padding: 3%; color: #fff; overflow: hidden; position: relative;\">\n<div style=\"position: absolute; right: -30px; top: -30px; width: 200px; height: 200px; border-radius: 50%; background: rgba(255,255,255,0.04);\"><\/div>\n<h2 style=\"font-size: clamp(18px,3vw,28px); color: #7ecfff; font-weight: bold; margin: 0 0 18px 0; line-height: 1.3;\">Ever Power: \u00d6zel M\u00fchendislik ve Hassas \u00dcretim<\/h2>\n<div style=\"display: flex; flex-wrap: wrap; gap: 20px; margin-bottom: 24px;\">\n<div style=\"flex: 1 1 250px; background: rgba(255,255,255,0.07); border-radius: 10px; padding: 3%; box-sizing: border-box; border: 1px solid rgba(126,207,255,0.2); transition: transform 0.25s, border-color 0.25s;\">\n<p style=\"color: #7ecfff; font-size: clamp(12px,1.5vw,14px); letter-spacing: 2px; text-transform: uppercase; margin: 0 0 8px 0;\">\u00d6zel Konfig\u00fcrasyonlar<\/p>\n<p style=\"color: #c8e4f8; font-size: clamp(13px,1.6vw,15px); line-height: 1.75; margin: 0;\">Ever Power'\u0131n m\u00fchendislik ekibi, \u0130ngiltere'deki tedarik ve m\u00fchendislik departmanlar\u0131yla do\u011frudan \u00e7al\u0131\u015farak, tam \u00e7al\u0131\u015fma d\u00f6ng\u00fclerine, bas\u0131n\u00e7 gereksinimlerine, \u015febeke k\u0131s\u0131tlamalar\u0131na ve fiziksel alan s\u0131n\u0131rlamalar\u0131na g\u00f6re uyarlanm\u0131\u015f de\u011fi\u015fken frekansl\u0131 vidal\u0131 hava kompres\u00f6rleri belirler. Se\u00e7enekler aras\u0131nda 40 bar'a kadar bas\u0131n\u00e7lar i\u00e7in \u00e7ift kademeli s\u0131k\u0131\u015ft\u0131rma, alan \u0131s\u0131tmas\u0131 i\u00e7in entegre \u0131s\u0131 geri kazan\u0131m\u0131 ve yan\u0131c\u0131 ortamlara yak\u0131n kurulumlar i\u00e7in ATEX B\u00f6lge 2 sertifikas\u0131 yer almaktad\u0131r.<\/p>\n<\/div>\n<div style=\"flex: 1 1 250px; background: rgba(255,255,255,0.07); border-radius: 10px; padding: 3%; box-sizing: border-box; border: 1px solid rgba(126,207,255,0.2); transition: transform 0.25s, border-color 0.25s;\">\n<p style=\"color: #7ecfff; font-size: clamp(12px,1.5vw,14px); letter-spacing: 2px; text-transform: uppercase; margin: 0 0 8px 0;\">Hassas \u00dcretim<\/p>\n<p style=\"color: #c8e4f8; font-size: clamp(13px,1.6vw,15px); line-height: 1.75; margin: 0;\">Rotor \u00e7iftleri, \u00b10,002 mm hassasiyetle konumland\u0131rma yapabilen 5 eksenli CNC ta\u015flama merkezlerinde \u00fcretilir ve bu sayede sekt\u00f6r\u00fcn \u00f6nc\u00fcs\u00fc olan belirli g\u00fc\u00e7 de\u011ferlerine ula\u015fan dar bo\u015fluklar elde edilir. T\u00fcm monte edilmi\u015f hava u\u00e7lar\u0131, sevkiyattan \u00f6nce nominal h\u0131z ve bas\u0131n\u00e7ta 8 saatlik fabrika kabul testlerinden ge\u00e7er ve ak\u0131\u015f, \u00f6zg\u00fcl g\u00fc\u00e7, g\u00fcr\u00fclt\u00fc, titre\u015fim ve ya\u011f ta\u015f\u0131n\u0131m\u0131 konular\u0131n\u0131 kapsayan sertifikal\u0131 test raporlar\u0131 sunulur.<\/p>\n<\/div>\n<div style=\"flex: 1 1 250px; background: rgba(255,255,255,0.07); border-radius: 10px; padding: 3%; box-sizing: border-box; border: 1px solid rgba(126,207,255,0.2); transition: transform 0.25s, border-color 0.25s;\">\n<p style=\"color: #7ecfff; font-size: clamp(12px,1.5vw,14px); letter-spacing: 2px; text-transform: uppercase; margin: 0 0 8px 0;\">Tedarik Zinciri ve Lojistik<\/p>\n<p style=\"color: #c8e4f8; font-size: clamp(13px,1.6vw,15px); line-height: 1.75; margin: 0;\">Ever Power, \u0130ngiltere'de \u00f6zel bir lojistik ortakl\u0131\u011f\u0131na sahiptir ve bu sayede Felixstowe, Southampton veya Tilbury'ye deniz yoluyla teslimat yap\u0131labilmekte, \u0130ngiltere g\u00fcmr\u00fck i\u015flemleri de tedarik anla\u015fmas\u0131n\u0131n bir par\u00e7as\u0131 olarak ele al\u0131nmaktad\u0131r. Katalog modelleri i\u00e7in standart teslim s\u00fcreleri 4-6 hafta, \u00f6zel konfig\u00fcrasyonlar i\u00e7in ise 8-12 haftad\u0131r ve devreye alma ve garanti hizmeti i\u00e7in \u0130ngiltere merkezli bir teknik destek ekibi taraf\u0131ndan desteklenmektedir.<\/p>\n<\/div>\n<\/div>\n<p style=\"color: #a8d0f0; font-size: clamp(14px,1.8vw,16px); line-height: 1.8; margin: 0 0 20px 0;\">Ever Power'\u0131n kalite y\u00f6netim sistemi ISO 9001:2015 sertifikas\u0131na sahiptir ve Avrupa ve \u0130ngiltere pazarlar\u0131na g\u00f6nderilen t\u00fcm de\u011fi\u015fken frekansl\u0131 vidal\u0131 hava kompres\u00f6r\u00fc modelleri, 2006\/42\/EC Makine Direktifi ve 2014\/35\/EU D\u00fc\u015f\u00fck Voltaj Direktifi'ne uygun olarak CE i\u015faretini ta\u015f\u0131maktad\u0131r. Elektriksel g\u00fcvenlik testleri IEC 60204-1'e g\u00f6re yap\u0131lmakta ve bas\u0131n\u00e7l\u0131 kap bile\u015fenleri PED 2014\/68\/EU Kategori III standartlar\u0131na g\u00f6re sertifikaland\u0131r\u0131lm\u0131\u015ft\u0131r; t\u00fcm bu belgeler, \u0130ngiltere PSSR 2000 gereksinimlerini kar\u015f\u0131lamak \u00fczere standart teslimat paketinin bir par\u00e7as\u0131 olarak sa\u011flanmaktad\u0131r.<\/p>\n<div style=\"text-align: center;\"><a style=\"display: inline-block; background: linear-gradient(135deg,#e84315,#ff7043); color: #fff; font-size: clamp(15px,2vw,18px); font-weight: bold; padding: 16px 44px; border-radius: 50px; text-decoration: none; letter-spacing: 1px; box-shadow: 0 6px 22px rgba(232,67,21,0.42); transition: transform 0.2s, box-shadow 0.2s;\" href=\"mailto:sales@air-compressor-for-laser-cutter.com\">\ud83d\udce7 Ever Power'dan \u00d6zel Fiyat Teklifi \u0130steyin<br \/>\n<\/a><\/div>\n<\/div>\n<p><!-- SECTION: Customer Success Story --><\/p>\n<div style=\"width: 100%; max-width: 100%; min-width: 100%; box-sizing: border-box; margin-bottom: 36px;\">\n<h2 style=\"font-size: clamp(18px,3vw,28px); color: #0d1f3c; font-weight: bold; border-left: 5px solid #1a7ac4; padding-left: 16px; margin: 0 0 20px 0; line-height: 1.3;\">M\u00fc\u015fteri Ba\u015far\u0131 \u00d6yk\u00fcs\u00fc: Sheffield Precision Components Ltd.<\/h2>\n<div style=\"overflow: hidden; background: #f8fbff; border-radius: 12px; padding: 3%; box-sizing: border-box; border: 1px solid #c5ddf7; margin-bottom: 24px;\">\n<p style=\"color: #2c3e50; line-height: 1.85; margin: 0 0 14px 0;\">Attercliffe sanayi b\u00f6lgesindeki tesisinden \u0130ngiltere havac\u0131l\u0131k ve savunma tedarik zincirine hizmet veren 68 ki\u015filik bir fason \u00fcretim \u015firketi olan Sheffield Precision Components Ltd, Mart 2024'te d\u00f6rt adet eski pistonlu kompres\u00f6r\u00fc, iki adet Ever Power CM160PVF de\u011fi\u015fken frekansl\u0131 vidal\u0131 hava kompres\u00f6r\u00fcyle de\u011fi\u015ftirdi. Bu karar, Carbon Trust'\u0131n End\u00fcstriyel Karbonsuzla\u015ft\u0131rma program\u0131 kapsam\u0131nda yapt\u0131r\u0131lan bir enerji denetiminin ard\u0131ndan al\u0131nd\u0131. Denetimde, bas\u0131n\u00e7l\u0131 hava \u00fcretiminin, tesisteki en b\u00fcy\u00fck kontrol edilebilir elektrik t\u00fcketicisi oldu\u011fu ve y\u0131ll\u0131k yakla\u015f\u0131k 196.000 \u00a3'luk toplam elektrik harcamas\u0131n\u0131n yakla\u015f\u0131k 341.500 TP\/T'sini olu\u015fturdu\u011fu belirlendi.<\/p>\n<p style=\"color: #2c3e50; line-height: 1.85; margin: 0 0 14px 0;\">Ever Power m\u00fchendislik ekibi, mevcut boru hatlar\u0131 \u00fczerinde veri kaydediciler kullanarak iki haftal\u0131k bir bas\u0131n\u00e7l\u0131 hava talebi izleme \u00e7al\u0131\u015fmas\u0131 y\u00fcr\u00fctt\u00fc ve \u00fc\u00e7 \u00fcretim vardiyas\u0131 boyunca en y\u00fcksek, ortalama ve minimum ak\u0131\u015f gereksinimlerini haritaland\u0131rd\u0131. Analiz, ger\u00e7ek en y\u00fcksek talebin kurulu kapasitenin yaln\u0131zca 68%'sine ula\u015ft\u0131\u011f\u0131n\u0131 (bu, ba\u015flang\u0131\u00e7ta muhafazakar bir \u015fekilde boyutland\u0131r\u0131lm\u0131\u015f ekipmanla tutarl\u0131 bir modeldir) ve t\u00fcm vardiyalardaki ortalama talebin en y\u00fcksek 41% seviyesinde oldu\u011funu ortaya koydu. Bu profil, de\u011fi\u015fken frekansl\u0131 vidal\u0131 kompres\u00f6r\u00fc ideal bir \u00e7\u00f6z\u00fcm haline getirdi; VFD, 40% ile 100% aras\u0131nda nominal kapasiteyi mod\u00fcle edebiliyor ve t\u00fcm talep aral\u0131\u011f\u0131nda enerji tasarrufu sa\u011fl\u0131yordu.<\/p>\n<p style=\"color: #2c3e50; line-height: 1.85; margin: 0;\">Devreye alma i\u015flemi, \u00fcretim aksamalar\u0131n\u0131 en aza indirmek i\u00e7in tek bir hafta sonu kapan\u0131\u015f\u0131yla tamamland\u0131. Bu lojistik sonu\u00e7, Ever Power'\u0131n \u0130ngiltere'deki nakliye orta\u011f\u0131n\u0131n \u00f6nceden monte edilmi\u015f ve fabrikada test edilmi\u015f \u00fcniteleri Cuma \u00f6\u011fleden sonra Attercliffe'e teslim etmesi ve kurulum y\u00fcklenicisinin Pazar ak\u015fam\u0131na kadar boru ba\u011flant\u0131lar\u0131n\u0131 ve elektrik sonland\u0131rmalar\u0131 tamamlamas\u0131yla m\u00fcmk\u00fcn oldu. Bas\u0131n\u00e7l\u0131 hava \u00fcretimi i\u00e7in ilk y\u0131l \u00f6l\u00e7\u00fclen enerji t\u00fcketimi 118.000 \u00a3 oldu; bu da y\u00fckseltme \u00f6ncesi temel seviyeye g\u00f6re y\u0131ll\u0131k 78.000 \u00a3'luk do\u011frulanm\u0131\u015f bir tasarruf anlam\u0131na geliyor ve sermaye yat\u0131r\u0131m\u0131n\u0131n 26 ayda geri \u00f6denmesini sa\u011fl\u0131yor. Tesis ayr\u0131ca, daha \u00f6nce ayda ortalama \u00fc\u00e7 olay olan bas\u0131n\u00e7l\u0131 hava besleme ar\u0131zalar\u0131ndan kaynaklanan planlanmam\u0131\u015f ar\u0131za olaylar\u0131nda \u00f6l\u00e7\u00fclebilir bir azalma bildirdi.<\/p>\n<div style=\"clear: both;\"><\/div>\n<\/div>\n<p><!-- Customer Reviews --><\/p>\n<div style=\"display: flex; flex-wrap: wrap; gap: 18px;\">\n<div style=\"flex: 1 1 260px; background: #fff; border-radius: 12px; padding: 3%; box-sizing: border-box; border: 1.5px solid #e0ebf8; box-shadow: 0 2px 12px rgba(26,122,196,0.08); transition: transform 0.25s, box-shadow 0.25s;\">\n<div style=\"color: #f5a623; font-size: 20px; margin-bottom: 8px;\">\u2605\u2605\u2605\u2605\u2605<\/div>\n<p style=\"color: #2c3e50; font-size: clamp(13px,1.6vw,15px); line-height: 1.75; font-style: italic; margin: 0 0 12px 0;\">\u201cEver Power \u00fcnitelerinden g\u00f6rd\u00fc\u011f\u00fcm\u00fcz bas\u0131n\u00e7 kararl\u0131l\u0131\u011f\u0131 ger\u00e7ekten ola\u011fan\u00fcst\u00fc. 10 kafal\u0131 bir lazer kesim hatt\u0131m\u0131z var ve daha \u00f6nce uzun bir \u00e7al\u0131\u015fma sonunda kalite sorunlar\u0131na neden olan bas\u0131n\u00e7 de\u011fi\u015fimini telafi etmek i\u00e7in kesim s\u00fcremize 8% eklemek zorunda kal\u0131yorduk. VFD kompres\u00f6rler tak\u0131ld\u0131ktan sonra bu tamponu tamamen ortadan kald\u0131rd\u0131k. Makine, sadece verimlilik art\u0131\u015f\u0131yla bile kendini amorti ediyor.\u201d<\/p>\n<p style=\"font-weight: bold; color: #0d1f3c; margin: 0; font-size: clamp(13px,1.6vw,15px);\">\u2014 David Hartley, Operasyon Direkt\u00f6r\u00fc<\/p>\n<p style=\"color: #6a8099; margin: 0; font-size: clamp(11px,1.4vw,13px);\">Hartley Sac Metal Ltd., Coventry<\/p>\n<\/div>\n<div style=\"flex: 1 1 260px; background: #fff; border-radius: 12px; padding: 3%; box-sizing: border-box; border: 1.5px solid #e0ebf8; box-shadow: 0 2px 12px rgba(26,122,196,0.08); transition: transform 0.25s, box-shadow 0.25s;\">\n<div style=\"color: #f5a623; font-size: 20px; margin-bottom: 8px;\">\u2605\u2605\u2605\u2605\u2605<\/div>\n<p style=\"color: #2c3e50; font-size: clamp(13px,1.6vw,15px); line-height: 1.75; font-style: italic; margin: 0 0 12px 0;\">\u201cSolvent bazl\u0131 kaplama alan\u0131m\u0131z i\u00e7in \u00f6zel ATEX B\u00f6lge 2 konfig\u00fcrasyonunu belirttik. Ever Power ekibi, sipari\u015f onay\u0131m\u0131zdan sonraki \u00fc\u00e7 hafta i\u00e7inde ATEX Uygunluk Beyan\u0131 da dahil olmak \u00fczere t\u00fcm sertifikasyon belgelerini sa\u011flad\u0131; bu, daha \u00f6nce denedi\u011fimiz herhangi bir Avrupal\u0131 \u200b\u200btedarik\u00e7iden daha h\u0131zl\u0131yd\u0131. \u00dcnite, sekiz ayd\u0131r tek bir alarm olay\u0131 olmadan 7\/24 \u00e7al\u0131\u015f\u0131yor.\u201d<\/p>\n<p style=\"font-weight: bold; color: #0d1f3c; margin: 0; font-size: clamp(13px,1.6vw,15px);\">\u2014 Sarah Nkosi, M\u00fchendislik M\u00fcd\u00fcr\u00fc<\/p>\n<p style=\"color: #6a8099; margin: 0; font-size: clamp(11px,1.4vw,13px);\">NorthCoat End\u00fcstriyel Y\u00fczey \u0130\u015fleme Firmalar\u0131, Leeds<\/p>\n<\/div>\n<div style=\"flex: 1 1 260px; background: #fff; border-radius: 12px; padding: 3%; box-sizing: border-box; border: 1.5px solid #e0ebf8; box-shadow: 0 2px 12px rgba(26,122,196,0.08); transition: transform 0.25s, box-shadow 0.25s;\">\n<div style=\"color: #f5a623; font-size: 20px; margin-bottom: 8px;\">\u2605\u2605\u2605\u2605\u2605<\/div>\n<p style=\"color: #2c3e50; font-size: clamp(13px,1.6vw,15px); line-height: 1.75; font-style: italic; margin: 0 0 12px 0;\">\u201cEver Power ekibinin \u00f6nceden sa\u011flad\u0131\u011f\u0131 enerji denetimi verileri \u2013 mevcut talep profilimizi kompres\u00f6r performans e\u011frileriyle e\u015fle\u015ftirerek \u2013 sermaye onay\u0131n\u0131 almam\u0131z i\u00e7in gereken ticari gerek\u00e7eyi sa\u011flad\u0131. Birinci y\u0131lda \u00f6l\u00e7\u00fclen ger\u00e7ek tasarruf, onlar\u0131n tahminine 41.500 ton kadar yakla\u015ft\u0131. Sat\u0131\u015f \u00f6ncesi teknik analizde bu d\u00fczeyde bir do\u011fruluk nadirdir ve bu durum, gelecekteki projeler i\u00e7in finans ekibimizle \u00f6nemli bir g\u00fcven ili\u015fkisi kurmam\u0131z\u0131 sa\u011flad\u0131.\u201d<\/p>\n<p style=\"font-weight: bold; color: #0d1f3c; margin: 0; font-size: clamp(13px,1.6vw,15px);\">\u2014 James Whitfield, Bak\u0131m ve G\u00fcvenilirlik M\u00fcd\u00fcr\u00fc<\/p>\n<p style=\"color: #6a8099; margin: 0; font-size: clamp(11px,1.4vw,13px);\">Sheffield Precision Components Ltd, Sheffield<\/p>\n<\/div>\n<\/div>\n<\/div>\n<p><!-- SECTION: Featured Products --><\/p>\n<div style=\"width: 100%; max-width: 100%; min-width: 100%; box-sizing: border-box; margin-bottom: 36px; background: #f4f8ff; border-radius: 14px; padding: 3%;\">\n<h2 style=\"font-size: clamp(18px,3vw,26px); color: #0d1f3c; font-weight: bold; margin: 0 0 18px 0; border-left: 5px solid #1a7ac4; padding-left: 16px; line-height: 1.3;\">\u00d6ne \u00c7\u0131kan De\u011fi\u015fken Frekansl\u0131 Vidal\u0131 Hava Kompres\u00f6r\u00fc Modelleri<\/h2>\n<div style=\"display: flex; flex-wrap: wrap; gap: 20px;\">\n<div style=\"flex: 1 1 280px; background: #fff; border-radius: 12px; padding: 3%; box-sizing: border-box; border: 1.5px solid #b8d9f5; transition: transform 0.25s, box-shadow 0.25s, border-color 0.25s;\">\n<div style=\"background: linear-gradient(90deg,#0d1f3c,#1a7ac4); border-radius: 8px; padding: 10px 16px; margin-bottom: 14px;\">\n<p style=\"color: #fff; font-weight: bold; font-size: clamp(14px,1.8vw,17px); margin: 0;\">CM160PVF De\u011fi\u015fken Frekansl\u0131 Vidal\u0131 Hava Kompres\u00f6r\u00fc<\/p>\n<\/div>\n<p style=\"color: #3a5068; font-size: clamp(13px,1.6vw,15px); line-height: 1.75; margin: 0 0 16px 0;\">CM160PVF, s\u00fcrekli y\u00fcksek talep gerektiren end\u00fcstriyel ortamlar i\u00e7in tasarlanm\u0131\u015f, 160 kW g\u00fcc\u00fcnde, a\u011f\u0131r hizmet tipi, de\u011fi\u015fken frekansl\u0131 vidal\u0131 hava kompres\u00f6r\u00fcd\u00fcr. 8 bar bas\u0131n\u00e7ta 28,0 m\u00b3\/dak FAD (Hava Debisi), entegre IE4 verimlilikli motor ve 25-60 Hz VFD h\u0131z aral\u0131\u011f\u0131 ile bu \u00fcnite, 5,71 kW\/m\u00b3\/dak gibi ola\u011fan\u00fcst\u00fc bir \u00f6zg\u00fcl g\u00fc\u00e7 sunar. \u0130ngiltere genelindeki otomotiv montaj fabrikalar\u0131, b\u00fcy\u00fck imalat at\u00f6lyeleri ve \u00e7ok vardiyal\u0131 \u00fcretim tesisleri i\u00e7in idealdir.<\/p>\n<p><a style=\"display: inline-block; background: #1a7ac4; color: #fff; font-size: clamp(13px,1.6vw,15px); font-weight: bold; padding: 10px 24px; border-radius: 6px; text-decoration: none; transition: background 0.2s;\" href=\"https:\/\/air-compressor-for-laser-cutter.com\/tr\/urun\/cm160pvf-degisken-frekansli-vidali-hava-kompresoru\/\">CM160PVF Detaylar\u0131n\u0131 G\u00f6r\u00fcnt\u00fcle \u2192<\/a><\/p>\n<\/div>\n<div style=\"flex: 1 1 280px; background: #fff; border-radius: 12px; padding: 3%; box-sizing: border-box; border: 1.5px solid #b8d9f5; transition: transform 0.25s, box-shadow 0.25s, border-color 0.25s;\">\n<div style=\"background: linear-gradient(90deg,#0a4a7a,#1a7ac4); border-radius: 8px; padding: 10px 16px; margin-bottom: 14px;\">\n<p style=\"color: #fff; font-weight: bold; font-size: clamp(14px,1.8vw,17px); margin: 0;\">De\u011fi\u015fken H\u0131zl\u0131 Tahrikli Vidal\u0131 Hava Kompres\u00f6r\u00fc<\/p>\n<\/div>\n<p style=\"color: #3a5068; font-size: clamp(13px,1.6vw,15px); line-height: 1.75; margin: 0 0 16px 0;\">Bu orta s\u0131n\u0131f de\u011fi\u015fken h\u0131zl\u0131 s\u00fcr\u00fcc\u00fcl\u00fc vidal\u0131 hava kompres\u00f6r\u00fc, fabrikadan tam VFD entegrasyonuyla 22-75 kW g\u00fc\u00e7 aral\u0131\u011f\u0131n\u0131 kapsar. Enerji verimlili\u011finin ve bas\u0131n\u00e7 tutarl\u0131l\u0131\u011f\u0131n\u0131n \u00e7ok \u00f6nemli oldu\u011fu KOB\u0130 \u00fcreticileri, lazer kesim at\u00f6lyeleri ve ila\u00e7 i\u015fleme tesisleri i\u00e7in tasarlanan bu kompres\u00f6r, uzaktan izleme ve talep taraf\u0131 enerji y\u00f6netimi entegrasyonu i\u00e7in Ethernet ba\u011flant\u0131l\u0131 ak\u0131ll\u0131 bir PLC kontrol \u00fcnitesine sahiptir.<\/p>\n<p><a style=\"display: inline-block; background: #1a7ac4; color: #fff; font-size: clamp(13px,1.6vw,15px); font-weight: bold; padding: 10px 24px; border-radius: 6px; text-decoration: none; transition: background 0.2s;\" href=\"https:\/\/air-compressor-for-laser-cutter.com\/tr\/urun\/degisken-hizli-tahrikli-vidali-hava-kompresoru\/\">VSD Kompres\u00f6r Ayr\u0131nt\u0131lar\u0131n\u0131 G\u00f6r\u00fcnt\u00fcle \u2192<\/a><\/p>\n<\/div>\n<\/div>\n<\/div>\n<p><!-- SECTION: FAQ --><\/p>\n<div style=\"width: 100%; max-width: 100%; min-width: 100%; box-sizing: border-box; margin-bottom: 36px;\">\n<h2 style=\"font-size: clamp(18px,3vw,28px); color: #0d1f3c; font-weight: bold; border-left: 5px solid #1a7ac4; padding-left: 16px; margin: 0 0 20px 0; line-height: 1.3;\">S\u0131k\u00e7a Sorulan Sorular<\/h2>\n<div style=\"display: flex; flex-direction: column; gap: 12px;\">\n<details style=\"background: #f8fbff; border-radius: 10px; border: 1.5px solid #c5ddf7; overflow: hidden; transition: border-color 0.2s;\">\n<summary style=\"padding: 16px 3%; font-weight: bold; color: #0d1f3c; cursor: pointer; font-size: clamp(14px,1.8vw,16px); list-style: none; display: flex; justify-content: space-between; align-items: center;\">Birle\u015fik Krall\u0131k'taki bir \u00fcretim tesisi i\u00e7in de\u011fi\u015fken frekansl\u0131 vidal\u0131 hava kompres\u00f6r\u00fcn\u00fcn maliyeti ne kadar ve nihai fiyat\u0131 hangi fakt\u00f6rler etkiliyor?<br \/>\n<span style=\"color: #1a7ac4; font-size: 20px; flex-shrink: 0; margin-left: 10px;\">+<\/span><\/summary>\n<div style=\"padding: 0 3% 16px 3%; color: #3a5068; font-size: clamp(13px,1.6vw,15px); line-height: 1.8;\">Birle\u015fik Krall\u0131k'taki al\u0131c\u0131lar i\u00e7in, 22-75 kW aral\u0131\u011f\u0131ndaki de\u011fi\u015fken frekansl\u0131 vidal\u0131 hava kompres\u00f6r\u00fcn\u00fcn fabrika \u00e7\u0131k\u0131\u015f fiyat\u0131, g\u00fc\u00e7 derecesine, bas\u0131n\u00e7 kapasitesine ve entegre kurutucular ve filtreleme paketleri gibi opsiyonel ekipmanlara ba\u011fl\u0131 olarak genellikle 8.000 \u00a3 ile 28.000 \u00a3 aras\u0131nda de\u011fi\u015fmektedir. 110-160 kW s\u0131n\u0131f\u0131ndaki daha b\u00fcy\u00fck \u00fcniteler ise nakliye ve kurulum hari\u00e7 yakla\u015f\u0131k 32.000 \u00a3 ile 55.000 \u00a3 aras\u0131nda de\u011fi\u015fmektedir. Ever Power, Birle\u015fik Krall\u0131k anakara adreslerine teslimat ve g\u00fcmr\u00fck vergisi dahil (DDP) fiyatland\u0131rma sunmaktad\u0131r; bu fiyatland\u0131rma Felixstowe'ye deniz yoluyla nakliyeyi ve Birle\u015fik Krall\u0131k ithalat g\u00fcmr\u00fck i\u015flemlerini kapsamaktad\u0131r. Tam ak\u0131\u015f ve bas\u0131n\u00e7 gereksinimlerinize uygun \u00f6zel bir fiyat teklifi i\u00e7in sales@air-compressor-for-laser-cutter.com adresinden bizimle ileti\u015fime ge\u00e7in; teknik sat\u0131\u015f ekibimiz bir i\u015f g\u00fcn\u00fc i\u00e7inde size yan\u0131t verecektir.<\/div>\n<\/details>\n<details style=\"background: #f8fbff; border-radius: 10px; border: 1.5px solid #c5ddf7; overflow: hidden; transition: border-color 0.2s;\">\n<summary style=\"padding: 16px 3%; font-weight: bold; color: #0d1f3c; cursor: pointer; font-size: clamp(14px,1.8vw,16px); list-style: none; display: flex; justify-content: space-between; align-items: center;\">Birmingham veya daha geni\u015f Bat\u0131 Midlands b\u00f6lgesinde lazer kesim i\u015flemleri i\u00e7in en uygun vidal\u0131 hava kompres\u00f6r\u00fc tipi hangisidir?<br \/>\n<span style=\"color: #1a7ac4; font-size: 20px; flex-shrink: 0; margin-left: 10px;\">+<\/span><\/summary>\n<div style=\"padding: 0 3% 16px 3%; color: #3a5068; font-size: clamp(13px,1.6vw,15px); line-height: 1.8;\">Lazer kesim i\u00e7in, ISO 8573-1 S\u0131n\u0131f 1.2.1 standard\u0131na uygun, a\u015fa\u011f\u0131 ak\u0131\u015fl\u0131 adsorpsiyonlu kurutma ve birle\u015ftirici filtrasyonlu de\u011fi\u015fken frekansl\u0131 vidal\u0131 hava kompres\u00f6r\u00fc \u00f6nerilen \u00f6zelliktir. VFD, ayn\u0131 anda ka\u00e7 kesme kafas\u0131 \u00e7al\u0131\u015f\u0131rsa \u00e7al\u0131\u015fs\u0131n, bas\u0131nc\u0131n ayar noktas\u0131n\u0131n \u00b10,1 bar aral\u0131\u011f\u0131nda kalmas\u0131n\u0131 sa\u011flar; bu, 3 mm'nin \u00fczerindeki paslanmaz \u00e7eliklerde kenar kalitesi i\u00e7in kritik bir fakt\u00f6rd\u00fcr. 1-4 kesme makinesine sahip \u00e7o\u011fu Bat\u0131 Midlands lazer at\u00f6lyesi i\u00e7in, 10 bar'da 37-55 kW'l\u0131k bir \u00fcnite, gelecekteki geni\u015fleme i\u00e7in \u00f6nemli bir kapasite sunar. Ever Power, sistemi lazer markan\u0131za ve kesme gaz\u0131 ak\u0131\u015f gereksinimlerinize g\u00f6re hassas bir \u015fekilde boyutland\u0131rabilir.<\/div>\n<\/details>\n<details style=\"background: #f8fbff; border-radius: 10px; border: 1.5px solid #c5ddf7; overflow: hidden; transition: border-color 0.2s;\">\n<summary style=\"padding: 16px 3%; font-weight: bold; color: #0d1f3c; cursor: pointer; font-size: clamp(14px,1.8vw,16px); list-style: none; display: flex; justify-content: space-between; align-items: center;\">CE sertifikal\u0131 ve PSSR 2000 uyumlulu\u011fu i\u00e7in gerekli t\u00fcm dok\u00fcmanlara sahip de\u011fi\u015fken frekansl\u0131 vidal\u0131 hava kompres\u00f6rleri sa\u011flayan g\u00fcvenilir bir \u0130ngiliz tedarik\u00e7isini nerede bulabilirim?<br \/>\n<span style=\"color: #1a7ac4; font-size: 20px; flex-shrink: 0; margin-left: 10px;\">+<\/span><\/summary>\n<div style=\"padding: 0 3% 16px 3%; color: #3a5068; font-size: clamp(13px,1.6vw,15px); line-height: 1.8;\">Ever Power, CE i\u015faretli de\u011fi\u015fken frekansl\u0131 vidal\u0131 hava kompres\u00f6rlerini, Uygunluk Beyan\u0131, PED 2014\/68\/EU Kategori III'e g\u00f6re bas\u0131n\u00e7l\u0131 kap sertifikas\u0131, IEC 60204-1'e g\u00f6re elektrik g\u00fcvenlik sertifikas\u0131 ve g\u00fcr\u00fclt\u00fc ve titre\u015fim test raporlar\u0131 da dahil olmak \u00fczere eksiksiz teknik dok\u00fcmantasyon paketleriyle birlikte tedarik etmektedir. T\u00fcm dok\u00fcmanlar standart olarak \u0130ngilizce olarak sa\u011flanmaktad\u0131r. PSSR 2000 kapsam\u0131nda gerekli olan bas\u0131n\u00e7 sistemi yaz\u0131l\u0131 inceleme plan\u0131 (WSE), \u0130ngiltere'deki ortak denetim kurulu\u015fu a\u011f\u0131m\u0131z arac\u0131l\u0131\u011f\u0131yla d\u00fczenlenebilir. Sat\u0131n alma i\u015flemine ba\u015flamadan \u00f6nce dok\u00fcmantasyon \u00f6rnek paketi talep etmek i\u00e7in sales@air-compressor-for-laser-cutter.com adresinden bizimle ileti\u015fime ge\u00e7in.<\/div>\n<\/details>\n<details style=\"background: #f8fbff; border-radius: 10px; border: 1.5px solid #c5ddf7; overflow: hidden; transition: border-color 0.2s;\">\n<summary style=\"padding: 16px 3%; font-weight: bold; color: #0d1f3c; cursor: pointer; font-size: clamp(14px,1.8vw,16px); list-style: none; display: flex; justify-content: space-between; align-items: center;\">Yurt d\u0131\u015f\u0131ndaki bir \u00fcreticiden, \u00f6zel sipari\u015f \u00fczerine \u00fcretilmi\u015f de\u011fi\u015fken frekansl\u0131 vidal\u0131 hava kompres\u00f6r\u00fcn\u00fcn Sheffield veya Yorkshire'daki bir sanayi tesisine teslim edilmesi ne kadar s\u00fcrer?<br \/>\n<span style=\"color: #1a7ac4; font-size: 20px; flex-shrink: 0; margin-left: 10px;\">+<\/span><\/summary>\n<div style=\"padding: 0 3% 16px 3%; color: #3a5068; font-size: clamp(13px,1.6vw,15px); line-height: 1.8;\">Standart katalog modelleri i\u00e7in Ever Power'\u0131n tipik \u00fcretim ve sevkiyat s\u00fcresi, sipari\u015f onay\u0131 ve depozito al\u0131nd\u0131ktan sonra Yorkshire veya Sheffield'deki \u0130ngiltere anakara tesislerine 4-6 hafta s\u00fcrmektedir. \u00d6zel olarak yap\u0131land\u0131r\u0131lm\u0131\u015f \u00fcniteler (ATEX varyantlar\u0131, standart d\u0131\u015f\u0131 voltajlar (\u00f6rne\u011fin 415V TN-S besleme uyumlulu\u011fu) veya entegre \u0131s\u0131 geri kazan\u0131m sistemleri dahil) 8-12 hafta gerektirir. \u00dcretim tesisinden Felixstowe liman\u0131na deniz yoluyla nakliye yakla\u015f\u0131k 28-32 g\u00fcn s\u00fcrer, ard\u0131ndan g\u00fcmr\u00fck i\u015flemleri ve Yorkshire'daki lokasyonlara karayolu teslimat\u0131 genellikle 3-5 i\u015f g\u00fcn\u00fc daha ekler. Acil de\u011fi\u015ftirme ihtiya\u00e7lar\u0131 i\u00e7in h\u0131zland\u0131r\u0131lm\u0131\u015f hava kargo se\u00e7ene\u011fi mevcuttur.<\/div>\n<\/details>\n<details style=\"background: #f8fbff; border-radius: 10px; border: 1.5px solid #c5ddf7; overflow: hidden; transition: border-color 0.2s;\">\n<summary style=\"padding: 16px 3%; font-weight: bold; color: #0d1f3c; cursor: pointer; font-size: clamp(14px,1.8vw,16px); list-style: none; display: flex; justify-content: space-between; align-items: center;\">Birle\u015fik Krall\u0131k'ta \u00fc\u00e7 vardiya halinde \u00e7al\u0131\u015fan bir g\u0131da i\u015fleme tesisinde eski sabit h\u0131zl\u0131 kompres\u00f6r\u00fcn de\u011fi\u015fken frekansl\u0131 vidal\u0131 hava kompres\u00f6r\u00fcyle de\u011fi\u015ftirilmesi durumunda beklenen y\u0131ll\u0131k enerji tasarrufu ne kadard\u0131r?<br \/>\n<span style=\"color: #1a7ac4; font-size: 20px; flex-shrink: 0; margin-left: 10px;\">+<\/span><\/summary>\n<div style=\"padding: 0 3% 16px 3%; color: #3a5068; font-size: clamp(13px,1.6vw,15px); line-height: 1.8;\">\u00dc\u00e7 vardiya halinde (y\u0131lda yakla\u015f\u0131k 6.000 saat) \u00e7al\u0131\u015fan ve ortalama 55% y\u00fck fakt\u00f6r\u00fcnde \u00e7al\u0131\u015fan 75 kW'l\u0131k bir kompres\u00f6re sahip bir g\u0131da i\u015fleme tesisi i\u00e7in, sabit h\u0131zl\u0131 s\u00fcr\u00fcc\u00fc kontrol\u00fcnden de\u011fi\u015fken frekansl\u0131 s\u00fcr\u00fcc\u00fc kontrol\u00fcne ge\u00e7i\u015f, bas\u0131n\u00e7l\u0131 hava \u00fcretimi i\u00e7in enerji t\u00fcketimini tipik olarak 32-45% azalt\u0131r. Ortalama Birle\u015fik Krall\u0131k end\u00fcstriyel elektrik tarifesi olan 0,28 \u00a3\/kWh \u00fczerinden hesapland\u0131\u011f\u0131nda, bu y\u0131ll\u0131k 15.000-21.000 \u00a3 tasarruf anlam\u0131na gelir. Kesin tasarruf, tesisin \u00f6zel talep profiline ba\u011fl\u0131d\u0131r; Ever Power'\u0131n teknik ekibi, mevcut sisteminize veri kaydediciler kurarak ger\u00e7ek profili \u00f6l\u00e7ebilir ve herhangi bir y\u00fck\u00fcml\u00fcl\u00fck gerektirmeyen sat\u0131\u015f \u00f6ncesi de\u011ferlendirmenin bir par\u00e7as\u0131 olarak tesise \u00f6zel bir tahmin sunabilir.<\/div>\n<\/details>\n<details style=\"background: #f8fbff; border-radius: 10px; border: 1.5px solid #c5ddf7; overflow: hidden; transition: border-color 0.2s;\">\n<summary style=\"padding: 16px 3%; font-weight: bold; color: #0d1f3c; cursor: pointer; font-size: clamp(14px,1.8vw,16px); list-style: none; display: flex; justify-content: space-between; align-items: center;\">Cambridge'deki yeni bir ila\u00e7 \u00fcretim tesisi i\u00e7in Ever Power ve di\u011fer vidal\u0131 hava kompres\u00f6r\u00fc tedarik\u00e7ileri aras\u0131nda rekabet\u00e7i bir fiyat kar\u015f\u0131la\u015ft\u0131rmas\u0131 almak i\u00e7in kiminle ileti\u015fime ge\u00e7meliyim?<br \/>\n<span style=\"color: #1a7ac4; font-size: 20px; flex-shrink: 0; margin-left: 10px;\">+<\/span><\/summary>\n<div style=\"padding: 0 3% 16px 3%; color: #3a5068; font-size: clamp(13px,1.6vw,15px); line-height: 1.8;\">Proses havas\u0131 gereksinimleriniz (ak\u0131\u015f h\u0131z\u0131 m\u00b3\/dak, bas\u0131n\u00e7 bar g, ISO 8573-1'e g\u00f6re safl\u0131k s\u0131n\u0131f\u0131 ve g\u00fcnl\u00fck \u00e7al\u0131\u015fma saatleri) i\u00e7in l\u00fctfen Ever Power'\u0131n teknik sat\u0131\u015f ekibiyle do\u011frudan sales@air-compressor-for-laser-cutter.com adresinden ileti\u015fime ge\u00e7in. 48 saat i\u00e7inde Cambridge'deki tesisinize teslimat i\u00e7in rekabet\u00e7i bir fiyat teklifiyle birlikte ayr\u0131nt\u0131l\u0131 bir teknik \u015fartname sunaca\u011f\u0131z. Tekliflerimiz, FAD sertifikal\u0131 performans verileri, eksiksiz CE dok\u00fcmantasyonu ve be\u015f y\u0131ll\u0131k toplam sahip olma maliyeti analizini i\u00e7erir; bu da size yerli ve Avrupa alternatifleriyle birebir kar\u015f\u0131la\u015ft\u0131rma yapman\u0131z i\u00e7in gereken yap\u0131land\u0131r\u0131lm\u0131\u015f kar\u015f\u0131la\u015ft\u0131rma verilerini sa\u011flar.<\/div>\n<\/details>\n<\/div>\n<\/div>\n<p><!-- FOOTER SIGNATURE --><\/p>\n<div style=\"width: 100%; max-width: 100%; min-width: 100%; box-sizing: border-box; text-align: center; padding: 18px 3% 8px 3%; border-top: 2px solid #e0eaf5; margin-top: 8px;\">\n<p style=\"color: #8a9bb0; font-size: clamp(11px,1.4vw,13px); margin: 0;\">gzl taraf\u0131ndan d\u00fczenlendi<\/p>\n<\/div>\n<\/div>","protected":false},"excerpt":{"rendered":"<p>Industrial Compressed Air Systems \u00b7 UK Market Edition Variable Frequency Screw Air Compressor: The Complete Technical Guide for UK Industrial Operations A deep-dive into working principles, material science, performance parameters, and real-world applications across British manufacturing sectors \u2014 from Sheffield&#8217;s steel industry to Birmingham&#8217;s precision engineering hubs. Within the UK&#8217;s advanced manufacturing landscape, compressed air [&hellip;]<\/p>","protected":false},"author":1,"featured_media":0,"comment_status":"closed","ping_status":"closed","sticky":false,"template":"","format":"standard","meta":{"_et_pb_use_builder":"","_et_pb_old_content":"","_et_gb_content_width":"","footnotes":""},"categories":[18],"tags":[],"class_list":["post-655","post","type-post","status-publish","format-standard","hentry","category-application"],"_links":{"self":[{"href":"https:\/\/air-compressor-for-laser-cutter.com\/tr\/wp-json\/wp\/v2\/posts\/655","targetHints":{"allow":["GET"]}}],"collection":[{"href":"https:\/\/air-compressor-for-laser-cutter.com\/tr\/wp-json\/wp\/v2\/posts"}],"about":[{"href":"https:\/\/air-compressor-for-laser-cutter.com\/tr\/wp-json\/wp\/v2\/types\/post"}],"author":[{"embeddable":true,"href":"https:\/\/air-compressor-for-laser-cutter.com\/tr\/wp-json\/wp\/v2\/users\/1"}],"replies":[{"embeddable":true,"href":"https:\/\/air-compressor-for-laser-cutter.com\/tr\/wp-json\/wp\/v2\/comments?post=655"}],"version-history":[{"count":3,"href":"https:\/\/air-compressor-for-laser-cutter.com\/tr\/wp-json\/wp\/v2\/posts\/655\/revisions"}],"predecessor-version":[{"id":702,"href":"https:\/\/air-compressor-for-laser-cutter.com\/tr\/wp-json\/wp\/v2\/posts\/655\/revisions\/702"}],"wp:attachment":[{"href":"https:\/\/air-compressor-for-laser-cutter.com\/tr\/wp-json\/wp\/v2\/media?parent=655"}],"wp:term":[{"taxonomy":"category","embeddable":true,"href":"https:\/\/air-compressor-for-laser-cutter.com\/tr\/wp-json\/wp\/v2\/categories?post=655"},{"taxonomy":"post_tag","embeddable":true,"href":"https:\/\/air-compressor-for-laser-cutter.com\/tr\/wp-json\/wp\/v2\/tags?post=655"}],"curies":[{"name":"wp","href":"https:\/\/api.w.org\/{rel}","templated":true}]}}