{"id":652,"date":"2026-07-24T05:24:10","date_gmt":"2026-07-24T05:24:10","guid":{"rendered":"https:\/\/air-compressor-for-laser-cutter.com\/?p=652"},"modified":"2026-07-24T09:35:22","modified_gmt":"2026-07-24T09:35:22","slug":"ingilteredeki-uretim-faaliyetleri-icin-endustriyel-hava-kompresorleri","status":"publish","type":"post","link":"https:\/\/air-compressor-for-laser-cutter.com\/tr\/basvuru\/ingilteredeki-uretim-faaliyetleri-icin-endustriyel-hava-kompresorleri\/","title":{"rendered":"\u0130ngiltere \u00dcretim \u0130\u015fletmeleri i\u00e7in End\u00fcstriyel Hava Kompres\u00f6rleri"},"content":{"rendered":"<p><!-- Article: Industrial Air Compressors for UK Manufacturing | Ever Power --><\/p>\n<div style=\"font-family: 'Segoe UI', Arial, sans-serif; color: #222; background: #f4f6f9; max-width: 100%; min-width: 100%; width: 100%; box-sizing: border-box; padding: 0; margin: 0; word-break: break-word; overflow-wrap: break-word;\">\n<p><!-- ===== HERO BANNER ===== --><\/p>\n<div style=\"background: linear-gradient(135deg, #0a2342 0%, #1a4a8a 60%, #2563c0 100%); width: 100%; min-width: 100%; max-width: 100%; box-sizing: border-box; padding: 48px 5% 40px; text-align: center; position: relative; overflow: hidden;\">\n<div style=\"position: absolute; top: 0; left: 0; width: 100%; height: 100%; background: repeating-linear-gradient(45deg, rgba(255,255,255,0.03) 0px, rgba(255,255,255,0.03) 1px, transparent 1px, transparent 20px); pointer-events: none;\"><\/div>\n<p style=\"font-size: clamp(11px, 1.5vw + 8px, 13px); color: #7ec8f7; letter-spacing: 3px; text-transform: uppercase; margin: 0 0 12px; font-weight: 600;\">Ever Power End\u00fcstriyel Ekipmanlar\u0131<\/p>\n<h2 style=\"font-size: clamp(22px, 4vw + 10px, 46px); color: #ffffff; font-weight: 800; margin: 0 0 16px; line-height: 1.2; letter-spacing: -0.5px;\">\u0130ngiltere \u00dcretim \u0130\u015fletmeleri i\u00e7in End\u00fcstriyel Hava Kompres\u00f6rleri<\/h2>\n<p style=\"font-size: clamp(14px, 1.8vw + 8px, 18px); color: #b8d9f7; max-width: 720px; margin: 0 auto 24px; line-height: 1.7;\">Birle\u015fik Krall\u0131k genelinde otomotiv, g\u0131da i\u015fleme, lazer kesim, ila\u00e7 ve a\u011f\u0131r m\u00fchendislik sekt\u00f6rleri i\u00e7in hassas m\u00fchendislikle \u00fcretilmi\u015f bas\u0131n\u00e7l\u0131 hava \u00e7\u00f6z\u00fcmleri.<\/p>\n<div style=\"display: inline-block; background: #f7941d; color: #fff; font-size: clamp(13px, 1.5vw + 8px, 16px); font-weight: bold; padding: 14px 36px; border-radius: 4px; letter-spacing: 1px; text-transform: uppercase; cursor: pointer; box-shadow: 0 4px 18px rgba(247,148,29,0.45); transition: background 0.2s;\">\u2709 Fiyat Teklifi Al\u0131n<\/div>\n<\/div>\n<p><!-- ===== INTRO SECTION with float image ===== --><\/p>\n<div style=\"width: 100%; max-width: 100%; min-width: 100%; box-sizing: border-box; background: #fff; padding: 40px 5% 36px;\">\n<div style=\"overflow: hidden;\">\n<h2 style=\"font-size: clamp(18px, 2.5vw + 10px, 28px); color: #0a2342; font-weight: bold; margin: 0 0 14px;\">Bas\u0131n\u00e7l\u0131 Hava Altyap\u0131s\u0131 Neden \u0130ngiliz Sanayisinin Omurgas\u0131d\u0131r?<\/h2>\n<p style=\"font-size: clamp(14px, 2vw + 8px, 17px); color: #333; line-height: 1.85; margin: 0 0 16px;\"><img decoding=\"async\" class=\"\" style=\"float: left; width: 195px; max-width: 420px; min-width: 220px; margin: 0px 28px 18px 0px; border-radius: 8px; box-shadow: rgba(0, 0, 0, 0.13) 0px 6px 24px; display: block;\" src=\"https:\/\/air-compressor-for-laser-cutter.com\/wp-content\/uploads\/2026\/03\/ep-air-compressor-for-laser-cutter-1.webp\" alt=\"Lazer kesim ve imalat i\u00e7in Ever Power end\u00fcstriyel hava kompres\u00f6r\u00fc\" height=\"195\" \/>Birmingham'\u0131n hassas m\u00fchendislik koridorlar\u0131nda, Sheffield'\u0131n geli\u015fmi\u015f \u00e7elik imalat tesislerinde ve Bat\u0131 Midlands'\u0131 ve \u00f6tesini kapsayan geni\u015f otomotiv tedarik zincirlerinde, neredeyse her \u00fcretim hatt\u0131n\u0131n temelini olu\u015fturan bir teknoloji vard\u0131r: end\u00fcstriyel hava kompres\u00f6r\u00fc. Bas\u0131n\u00e7l\u0131 hava, imalatta d\u00f6rd\u00fcnc\u00fc temel ihtiya\u00e7 olarak kabul edilir; elektrik, gaz ve suyun yan\u0131nda, vazge\u00e7ilmez ve pazarl\u0131k konusu olmayan bir enerji ta\u015f\u0131y\u0131c\u0131s\u0131d\u0131r. \u0130ngiliz \u00fcreticiler, pn\u00f6matik tak\u0131mlar, ta\u015f\u0131ma sistemleri, proses so\u011futma, CNC makine \u00e7al\u0131\u015ft\u0131rma ve giderek artan bir \u015fekilde y\u00fcksek hassasiyetli lazer kesim i\u015flemleri i\u00e7in buna ba\u011f\u0131ml\u0131d\u0131r. Ancak yayg\u0131nl\u0131\u011f\u0131na ra\u011fmen, hava kompres\u00f6rlerinin \u00f6zellikleri, kurulumu ve bak\u0131m\u0131, sat\u0131n alma ekipleri ve tesis m\u00fchendisleri taraf\u0131ndan hala b\u00fcy\u00fck \u00f6l\u00e7\u00fcde yanl\u0131\u015f anla\u015f\u0131lmaktad\u0131r. Yanl\u0131\u015f kompres\u00f6r tipini se\u00e7mek, ak\u0131\u015f h\u0131zlar\u0131n\u0131 uygulama talebiyle e\u015fle\u015ftirmemek veya filtrelemeyi ihmal etmek, orta \u00f6l\u00e7ekli bir \u0130ngiliz tesisine y\u0131ll\u0131k olarak on binlerce sterlinlik enerji israf\u0131na ve planlanmam\u0131\u015f ar\u0131za s\u00fcresine mal olabilir. Bu teknik k\u0131lavuz, modern d\u00f6ner vidal\u0131 ve de\u011fi\u015fken frekansl\u0131 s\u00fcr\u00fcc\u00fcl\u00fc (VFD) hava kompres\u00f6rlerinin nas\u0131l \u00e7al\u0131\u015ft\u0131\u011f\u0131n\u0131, hangi malzemelerden yap\u0131ld\u0131\u011f\u0131n\u0131 ve Ever Power'\u0131n m\u00fchendislik odakl\u0131 \u00f6zelle\u015ftirme yakla\u015f\u0131m\u0131n\u0131n \u0130ngiltere'deki al\u0131c\u0131lar i\u00e7in \u00f6l\u00e7\u00fclebilir rekabet avantaj\u0131 sa\u011flamas\u0131n\u0131n nedenlerini inceliyor.<\/p>\n<p style=\"font-size: clamp(14px, 2vw + 8px, 17px); color: #333; line-height: 1.85; margin: 0 0 16px;\">Birle\u015fik Krall\u0131k'\u0131n end\u00fcstriyel manzaras\u0131 son yirmi y\u0131lda \u00f6nemli bir d\u00f6n\u00fc\u015f\u00fcm ge\u00e7irdi. \u00dcretimin \u00fclke i\u00e7ine geri d\u00f6nmesi e\u011filimleri, Do\u011fu Midlands Serbest B\u00f6lgesi gibi geli\u015fmi\u015f \u00fcretim b\u00f6lgelerinin b\u00fcy\u00fcmesi ve Cambridge ve Edinburgh'da temiz oda ila\u00e7 \u00fcretiminin geni\u015flemesi, daha y\u00fcksek \u00f6zellikli bas\u0131n\u00e7l\u0131 hava sistemlerine olan talebi art\u0131rd\u0131. Manchester ve Leeds'deki eski at\u00f6lyelerde hala bulunan eski tip pistonlu kompres\u00f6rlerin aksine, g\u00fcn\u00fcm\u00fcz\u00fcn \u00fcst\u00fcn d\u00f6ner vidal\u0131 makineleri, sabit h\u0131zl\u0131 \u00f6nc\u00fcllerine k\u0131yasla g\u00fc\u00e7 t\u00fcketimini ila oran\u0131nda azaltabilen enerji verimlili\u011fiyle, tutarl\u0131 bas\u0131n\u00e7ta ya\u011fs\u0131z veya ultra d\u00fc\u015f\u00fck ya\u011fl\u0131 hava sa\u011flar. Bu kazan\u0131mlar\u0131 anlamak, teknolojinin mekanik ve termodinamik d\u00fczeyde nas\u0131l \u00e7al\u0131\u015ft\u0131\u011f\u0131n\u0131 iyice kavramakla ba\u015flar.<\/p>\n<\/div>\n<p><!-- CTA Button --><\/p>\n<div style=\"text-align: center; margin: 24px 0 8px;\"><a style=\"display: inline-block; background: linear-gradient(90deg, #1a4a8a, #2563c0); color: #fff; font-size: clamp(14px, 2vw + 8px, 17px); font-weight: bold; padding: 15px 44px; border-radius: 5px; text-decoration: none; letter-spacing: 1px; box-shadow: 0 4px 18px rgba(37,99,192,0.3);\" href=\"mailto:sales@air-compressor-for-laser-cutter.com\">\ud83d\udce7 Fiyat Teklifi Al\u0131n \u2014 \u0130ngiltere Sat\u0131\u015f Ekibimizle \u0130leti\u015fime Ge\u00e7in<\/a><\/div>\n<\/div>\n<p><!-- ===== WORKING PRINCIPLE ===== --><\/p>\n<div style=\"width: 100%; max-width: 100%; min-width: 100%; box-sizing: border-box; background: #f0f5ff; padding: 40px 5% 36px;\">\n<h2 style=\"font-size: clamp(18px, 2.5vw + 10px, 26px); color: #0a2342; font-weight: bold; margin: 0 0 18px; border-left: 5px solid #2563c0; padding-left: 14px;\">\u00c7al\u0131\u015fma Prensibi: D\u00f6ner Vidal\u0131 Hava Kompres\u00f6rleri Nas\u0131l Bas\u0131n\u00e7l\u0131 Hava \u00dcretir?<\/h2>\n<p style=\"font-size: clamp(14px, 2vw + 8px, 17px); color: #333; line-height: 1.85; margin: 0 0 18px;\"><img decoding=\"async\" class=\"alignleft\" style=\"max-width: 100%; width: 216px; border-radius: 8px; box-shadow: rgba(0, 0, 0, 0.1) 0px 4px 18px; display: block;\" src=\"https:\/\/air-compressor-for-laser-cutter.com\/wp-content\/uploads\/2026\/03\/ep-Stainless-Steel-Precision-Filter-for-Air-Compressor-Post-processing-Equipment-1-1.webp\" alt=\"Hava kompres\u00f6r\u00fc son i\u015flem i\u00e7in paslanmaz \u00e7elik hassas filtre\" height=\"216\" \/>D\u00f6ner vidal\u0131 hava kompres\u00f6r\u00fc, pozitif deplasmanl\u0131 s\u0131k\u0131\u015ft\u0131rma prensibiyle \u00e7al\u0131\u015f\u0131r. Hassas i\u015flenmi\u015f iki helisel rotor \u2013 biri erkek (loblu), di\u011feri di\u015fi (yivli) \u2013 dar toleransl\u0131 bir g\u00f6vde i\u00e7inde z\u0131t y\u00f6nlerde d\u00f6ner. Atmosferik hava, rotor \u00e7iftinin bir ucundaki giri\u015f valfinden i\u00e7eri \u00e7ekilir. Rotorlar d\u00f6nd\u00fck\u00e7e ve birbirine kenetlendik\u00e7e, rotor profilleri ile g\u00f6vde duvar\u0131 aras\u0131nda s\u0131k\u0131\u015fan havan\u0131n hacmi kademeli olarak azal\u0131r ve bas\u0131nc\u0131n\u0131n y\u00fckselmesine neden olur. Bu s\u0131k\u0131\u015ft\u0131rma i\u015flemi s\u00fcrekli ve titre\u015fimsizdir \u2013 bu, a\u015fa\u011f\u0131 ak\u0131\u015f pn\u00f6matik bile\u015fenlerini ve boru hatlar\u0131n\u0131 zorlayabilecek bas\u0131n\u00e7 darbeleri \u00fcreten pistonlu kompres\u00f6rlerden \u00f6nemli bir farkt\u0131r.<\/p>\n<p style=\"font-size: clamp(14px, 2vw + 8px, 17px); color: #333; line-height: 1.85; margin: 0 0 18px;\">Ya\u011f enjeksiyonlu modellerde, kontroll\u00fc bir hacimde ya\u011flama ya\u011f\u0131 s\u0131k\u0131\u015ft\u0131rma odas\u0131na verilir. Ya\u011f, ayn\u0131 anda \u00fc\u00e7 i\u015flevi yerine getirir: rotorlar aras\u0131ndaki mikroskobik bo\u015fluklar\u0131 kapat\u0131r (s\u0131z\u0131nt\u0131y\u0131 \u00f6nler ve s\u0131k\u0131\u015ft\u0131rma verimlili\u011fini korur), rotor yataklar\u0131n\u0131 ya\u011flayarak kullan\u0131m \u00f6mr\u00fcn\u00fc uzat\u0131r ve hava-ya\u011f kar\u0131\u015f\u0131m\u0131 bir ya\u011f ay\u0131r\u0131c\u0131 ve son so\u011futucudan ge\u00e7meden \u00f6nce s\u0131k\u0131\u015ft\u0131rma \u0131s\u0131s\u0131n\u0131 emer. Ayr\u0131lan ya\u011f so\u011futulur, filtrelenir ve kapal\u0131 bir d\u00f6ng\u00fcde yeniden dola\u015ft\u0131r\u0131l\u0131r. Ever Power'\u0131n modern ya\u011f enjeksiyonlu makineleri, 3 ppm'nin alt\u0131nda ta\u015f\u0131ma oranlar\u0131na ula\u015f\u0131r; bu da g\u0131da ve i\u00e7ecek, ila\u00e7 ve elektronik \u00fcretim uygulamalar\u0131 i\u00e7in s\u0131k\u0131\u015ft\u0131r\u0131lm\u0131\u015f hava kalitesini d\u00fczenleyen ISO 8573-1 S\u0131n\u0131f 1 gereksinimlerinin \u00e7ok alt\u0131ndad\u0131r.<\/p>\n<p style=\"font-size: clamp(14px, 2vw + 8px, 17px); color: #333; line-height: 1.85; margin: 0 0 8px;\">De\u011fi\u015fken Frekans S\u00fcr\u00fcc\u00fcs\u00fc (VFD) entegrasyonu, modern kompres\u00f6r tasar\u0131m\u0131nda en \u00f6nemli termodinamik verimlilik s\u0131\u00e7ramas\u0131n\u0131 temsil etmektedir. VFD donan\u0131ml\u0131 bir makine, sistem talep bas\u0131nc\u0131n\u0131 s\u00fcrekli olarak izler ve motor h\u0131z\u0131n\u0131 - dolay\u0131s\u0131yla rotor h\u0131z\u0131n\u0131 ve hava ak\u0131\u015f\u0131n\u0131 - ger\u00e7ek zamanl\u0131 t\u00fcketime uyacak \u015fekilde ayarlar. Sabit h\u0131zda y\u00fckl\u00fc ve y\u00fcks\u00fcz durumlar aras\u0131nda ge\u00e7i\u015f yapmak yerine (bu da y\u00fcks\u00fcz \u00e7al\u0131\u015fma s\u0131ras\u0131nda \u00f6nemli miktarda enerji israf\u0131na neden olur), bir VFD kompres\u00f6r\u00fc, tipik olarak \u00b10,1 bar i\u00e7inde, ayarlanan bas\u0131n\u00e7 aral\u0131\u011f\u0131n\u0131 korumak i\u00e7in gereken h\u0131zda \u00e7al\u0131\u015f\u0131r. De\u011fi\u015fken vardiya d\u00fczenlerine, mevsimsel talep dalgalanmalar\u0131na veya \u00e7ok makineli bas\u0131n\u00e7l\u0131 hava a\u011flar\u0131na sahip \u0130ngiltere \u00fcretim tesisleri i\u00e7in VFD teknolojisi, sabit h\u0131zl\u0131 e\u015fde\u011ferlerine k\u0131yasla ila aras\u0131nda enerji tasarrufu sa\u011flar; bu da \u0130ngiltere end\u00fcstriyel elektrik tarifelerinde genellikle 18 ila 30 ay i\u00e7inde sermaye primini geri \u00f6deyen cazip bir yat\u0131r\u0131m getirisi anlam\u0131na gelir.<\/p>\n<\/div>\n<p><!-- ===== CORE MATERIALS ===== --><\/p>\n<div style=\"width: 100%; max-width: 100%; min-width: 100%; box-sizing: border-box; background: #fff; padding: 40px 5% 36px;\">\n<h2 style=\"font-size: clamp(18px, 2.5vw + 10px, 26px); color: #0a2342; font-weight: bold; margin: 0 0 18px; border-left: 5px solid #f7941d; padding-left: 14px;\">End\u00fcstriyel Hava Kompres\u00f6rlerinin Temel Malzemeleri:<\/h2>\n<p style=\"font-size: clamp(14px, 2vw + 8px, 17px); color: #333; line-height: 1.85; margin: 0 0 18px;\">D\u00f6ner vidal\u0131 hava kompres\u00f6r\u00fcnde malzeme se\u00e7imi tesad\u00fcfi de\u011fildir; hizmet \u00f6mr\u00fcn\u00fcn, s\u00fcrekli \u00e7al\u0131\u015fma ko\u015fullar\u0131nda g\u00fcvenilirli\u011fin ve toplam sahip olma maliyetinin birincil belirleyicisidir. Makinenin mekanik kalbini olu\u015fturan helisel rotor \u00e7ifti, tipik olarak 58 ila 62 HRC aral\u0131\u011f\u0131nda y\u00fczey sertli\u011fine sahip y\u00fcksek kaliteli ala\u015f\u0131ml\u0131 \u00e7elikten i\u015flenir. Ever Power'\u0131n rotor profilleri, \u00b10,003 mm toleranslarla be\u015f eksenli CNC ta\u015flama merkezlerinde \u00fcretilir ve 80.000 \u00e7al\u0131\u015fma saatini a\u015fan tasar\u0131m hizmet \u00f6mr\u00fc boyunca hacimsel verimlili\u011fi koruyan tutarl\u0131, giri\u015fimsiz bir \u00e7al\u0131\u015fma bo\u015flu\u011fu sa\u011flar.<\/p>\n<p style=\"font-size: clamp(14px, 2vw + 8px, 17px); color: #333; line-height: 1.85; margin: 0 0 18px;\">S\u0131k\u0131\u015ft\u0131rma muhafazas\u0131 (bazen stator blo\u011fu olarak da adland\u0131r\u0131l\u0131r), ola\u011fan\u00fcst\u00fc s\u00f6n\u00fcmleme \u00f6zellikleri ve termal d\u00f6ng\u00fc yorgunlu\u011funa kar\u015f\u0131 direnci nedeniyle se\u00e7ilen ince taneli gri d\u00f6kme demir veya k\u00fcresel grafit (SG) demirden \u00fcretilir. SG demir, 370 ila 800 MPa aral\u0131\u011f\u0131nda \u00e7ekme dayan\u0131m\u0131na sahiptir ve ba\u015flatma-durdurma i\u015flemi s\u0131ras\u0131nda meydana gelen tekrarlanan termal genle\u015fme ve b\u00fcz\u00fclme d\u00f6ng\u00fcleri alt\u0131nda boyutsal kararl\u0131l\u0131k sa\u011flar. A\u015f\u0131nd\u0131r\u0131c\u0131 veya nemli \u00e7al\u0131\u015fma ortamlar\u0131 i\u00e7in (Plymouth, Hull veya Humber sanayi kompleksi gibi k\u0131y\u0131 tesislerinde ger\u00e7ek bir endi\u015fe kayna\u011f\u0131d\u0131r), sert eloksall\u0131 i\u00e7 deliklere sahip al\u00fcminyum ala\u015f\u0131ml\u0131 muhafazalar, \u00f6nemli bir a\u011f\u0131rl\u0131k azalmas\u0131yla \u00fcst\u00fcn korozyon direnci sunarak kurulum lojisti\u011fini kolayla\u015ft\u0131r\u0131r.<\/p>\n<div style=\"display: flex; flex-wrap: wrap; gap: 16px; margin: 18px 0;\">\n<div style=\"flex: 1 1 220px; background: #f0f5ff; border-radius: 8px; padding: 20px 18px; border-top: 4px solid #2563c0; box-sizing: border-box; transition: transform 0.2s, box-shadow 0.2s;\">\n<p style=\"font-size: 13px; color: #2563c0; font-weight: bold; text-transform: uppercase; letter-spacing: 1px; margin: 0 0 8px;\">Rotor \u00c7ifti<\/p>\n<p style=\"font-size: clamp(13px, 1.8vw + 8px, 15px); color: #333; line-height: 1.7; margin: 0;\">Y\u00fcksek ala\u015f\u0131ml\u0131 \u00e7elik, 58\u201362 HRC y\u00fczey sertli\u011fi, optimum hacimsel verimlilik ve uzun vadeli rotor b\u00fct\u00fcnl\u00fc\u011f\u00fc i\u00e7in \u00b10,003 mm hassasiyetle CNC ta\u015flama.<\/p>\n<\/div>\n<div style=\"flex: 1 1 220px; background: #fff8ee; border-radius: 8px; padding: 20px 18px; border-top: 4px solid #f7941d; box-sizing: border-box; transition: transform 0.2s, box-shadow 0.2s;\">\n<p style=\"font-size: 13px; color: #f7941d; font-weight: bold; text-transform: uppercase; letter-spacing: 1px; margin: 0 0 8px;\">S\u0131k\u0131\u015ft\u0131rma Muhafazas\u0131<\/p>\n<p style=\"font-size: clamp(13px, 1.8vw + 8px, 15px); color: #333; line-height: 1.7; margin: 0;\">Sert eloksall\u0131 i\u00e7 y\u00fczeye sahip SG demir veya al\u00fcminyum ala\u015f\u0131m\u0131. 370\u2013800 MPa \u00e7ekme dayan\u0131m\u0131na sahip olup, zorlu end\u00fcstriyel ortamlarda termal d\u00f6ng\u00fcye ve korozyona kar\u015f\u0131 diren\u00e7lidir.<\/p>\n<\/div>\n<div style=\"flex: 1 1 220px; background: #f0fff6; border-radius: 8px; padding: 20px 18px; border-top: 4px solid #19a854; box-sizing: border-box; transition: transform 0.2s, box-shadow 0.2s;\">\n<p style=\"font-size: 13px; color: #19a854; font-weight: bold; text-transform: uppercase; letter-spacing: 1px; margin: 0 0 8px;\">Rulmanlar<\/p>\n<p style=\"font-size: clamp(13px, 1.8vw + 8px, 15px); color: #333; line-height: 1.7; margin: 0;\">SKF veya FAG e\u015fde\u011feri hassas a\u00e7\u0131l\u0131 temasl\u0131 rulmanlar, L10 \u00f6mr\u00fc &gt;80.000 saat, ya\u011f enjeksiyonlu modellerde ya\u011flama maddesi kirlenmesine kar\u015f\u0131 s\u0131zd\u0131rmaz.<\/p>\n<\/div>\n<div style=\"flex: 1 1 220px; background: #fdf0f0; border-radius: 8px; padding: 20px 18px; border-top: 4px solid #c0392b; box-sizing: border-box; transition: transform 0.2s, box-shadow 0.2s;\">\n<p style=\"font-size: 13px; color: #c0392b; font-weight: bold; text-transform: uppercase; letter-spacing: 1px; margin: 0 0 8px;\">Hava Ucu Contalar\u0131<\/p>\n<p style=\"font-size: clamp(13px, 1.8vw + 8px, 15px); color: #333; line-height: 1.7; margin: 0;\">PTFE kompozit dudak contalar\u0131 ve labirent \u015faft contalar\u0131, ya\u011flay\u0131c\u0131n\u0131n hava ak\u0131m\u0131na kar\u0131\u015fmas\u0131n\u0131 \u00f6nler; -10\u00b0C ile +55\u00b0C ortam s\u0131cakl\u0131\u011f\u0131 aral\u0131\u011f\u0131nda performans\u0131 korur.<\/p>\n<\/div>\n<div style=\"flex: 1 1 220px; background: #f5f0ff; border-radius: 8px; padding: 20px 18px; border-top: 4px solid #7c3aed; box-sizing: border-box; transition: transform 0.2s, box-shadow 0.2s;\">\n<p style=\"font-size: 13px; color: #7c3aed; font-weight: bold; text-transform: uppercase; letter-spacing: 1px; margin: 0 0 8px;\">Filtrasyon Ortam\u0131<\/p>\n<p style=\"font-size: clamp(13px, 1.8vw + 8px, 15px); color: #333; line-height: 1.7; margin: 0;\">Borosilikat cam elyaf\u0131 birle\u015ftirici elemanlar ve aktif karbon adsorberler; ya\u011f, partik\u00fcl ve su buhar\u0131 i\u00e7in ISO 8573-1 S\u0131n\u0131f 1 safl\u0131k standard\u0131na ula\u015f\u0131r.<\/p>\n<\/div>\n<div style=\"flex: 1 1 220px; background: #f0faff; border-radius: 8px; padding: 20px 18px; border-top: 4px solid #0891b2; box-sizing: border-box; transition: transform 0.2s, box-shadow 0.2s;\">\n<p style=\"font-size: 13px; color: #0891b2; font-weight: bold; text-transform: uppercase; letter-spacing: 1px; margin: 0 0 8px;\">Paslanmaz \u00c7elik Hava Tank\u0131<\/p>\n<p style=\"font-size: clamp(13px, 1.8vw + 8px, 15px); color: #333; line-height: 1.7; margin: 0;\">316L paslanmaz \u00e7elikten \u00fcretilmi\u015f, PED uyumlu, 16 bar \u00e7al\u0131\u015fma bas\u0131nc\u0131na dayan\u0131kl\u0131 ve ultrasonik kaynak muayenesi yap\u0131lm\u0131\u015f al\u0131c\u0131 tanklar; ATEX b\u00f6lgesi kurulumlar\u0131 i\u00e7in zorunludur.<\/p>\n<\/div>\n<\/div>\n<p style=\"font-size: clamp(14px, 2vw + 8px, 17px); color: #333; line-height: 1.85; margin: 18px 0 0;\">Motorun kendisi \u2013 en b\u00fcy\u00fck enerji t\u00fcketen bile\u015fen \u2013 AB Eko tasar\u0131m Y\u00f6netmeli\u011fi 2019\/1781'e uygun olarak IE3 veya IE4 \u00fcst\u00fcn verimlilik s\u0131n\u0131fland\u0131rmalar\u0131na g\u00f6re sar\u0131lm\u0131\u015ft\u0131r; bu y\u00f6netmelik, Brexit sonras\u0131 y\u00fcr\u00fcrl\u00fc\u011fe giren \u0130ngiltere MEPS \u00e7er\u00e7evesi kapsam\u0131nda B\u00fcy\u00fck Britanya i\u00e7in de ge\u00e7erlidir. Ever Power, VFD donan\u0131ml\u0131 \u00fcr\u00fcn yelpazesi i\u00e7in kal\u0131c\u0131 m\u0131knat\u0131sl\u0131 senkron motorlar (PMSM) tedarik ederek, \u00e7al\u0131\u015fma h\u0131z\u0131 aral\u0131\u011f\u0131 boyunca 'n\u0131n \u00fczerinde motor verimlili\u011fi elde etmektedir. Bu malzeme ve bile\u015fen felsefesi, her yard\u0131mc\u0131 alt sisteme de uzanmaktad\u0131r: ya\u011f ay\u0131r\u0131c\u0131 g\u00f6vdesi, epoksi-fenolik i\u00e7 kaplamal\u0131 s\u00fcnek demirden d\u00f6k\u00fclm\u00fc\u015ft\u00fcr, son so\u011futucu \u00e7ekirde\u011fi lehimli al\u00fcminyumdur ve t\u00fcm d\u0131\u015f boru ba\u011flant\u0131lar\u0131, \u0130ngiliz saha kurulumlar\u0131yla uyumluluk i\u00e7in BSP ve NPT standartlar\u0131na g\u00f6re derecelendirilmi\u015f paslanmaz \u00e7elik ge\u00e7meli ba\u011flant\u0131 par\u00e7alar\u0131d\u0131r.<\/p>\n<p><img loading=\"lazy\" decoding=\"async\" class=\"alignnone size-full wp-image-371\" src=\"https:\/\/air-compressor-for-laser-cutter.com\/wp-content\/uploads\/2026\/03\/ep-Stainless-Steel-Gas-Tank-for-Air-Compressor-Post-processing-Equipment-2-1.webp\" alt=\"hava kompres\u00f6r\u00fc\" width=\"1680\" height=\"608\" srcset=\"https:\/\/air-compressor-for-laser-cutter.com\/wp-content\/uploads\/2026\/03\/ep-Stainless-Steel-Gas-Tank-for-Air-Compressor-Post-processing-Equipment-2-1.webp 1680w, https:\/\/air-compressor-for-laser-cutter.com\/wp-content\/uploads\/2026\/03\/ep-Stainless-Steel-Gas-Tank-for-Air-Compressor-Post-processing-Equipment-2-1-1280x463.webp 1280w, https:\/\/air-compressor-for-laser-cutter.com\/wp-content\/uploads\/2026\/03\/ep-Stainless-Steel-Gas-Tank-for-Air-Compressor-Post-processing-Equipment-2-1-980x355.webp 980w, https:\/\/air-compressor-for-laser-cutter.com\/wp-content\/uploads\/2026\/03\/ep-Stainless-Steel-Gas-Tank-for-Air-Compressor-Post-processing-Equipment-2-1-480x174.webp 480w\" sizes=\"(min-width: 0px) and (max-width: 480px) 480px, (min-width: 481px) and (max-width: 980px) 980px, (min-width: 981px) and (max-width: 1280px) 1280px, (min-width: 1281px) 1680px, 100vw\" \/><\/p>\n<\/div>\n<p><!-- ===== PRODUCT ADVANTAGES ===== --><\/p>\n<div style=\"width: 100%; max-width: 100%; min-width: 100%; box-sizing: border-box; background: #0a2342; padding: 44px 5% 40px;\">\n<h2 style=\"font-size: clamp(18px, 2.5vw + 10px, 26px); color: #ffffff; font-weight: bold; margin: 0 0 10px;\">Temel Teknik Avantajlar: Modern VFD Vidal\u0131 Kompres\u00f6rleri Di\u011ferlerinden Ay\u0131ran \u00d6zellikler<\/h2>\n<p style=\"font-size: clamp(13px, 1.8vw + 8px, 16px); color: #b8d9f7; margin: 0 0 28px; line-height: 1.7;\">M\u00fchendislik odakl\u0131 alt\u0131 performans avantaj\u0131, \u0130ngiltere'deki end\u00fcstriyel kullan\u0131c\u0131lar i\u00e7in do\u011frudan daha d\u00fc\u015f\u00fck i\u015fletme maliyetlerine ve daha y\u00fcksek \u00fcretim kesintisizli\u011fine d\u00f6n\u00fc\u015f\u00fcyor.<\/p>\n<div style=\"display: flex; flex-wrap: wrap; gap: 18px;\">\n<div style=\"flex: 1 1 260px; background: rgba(255,255,255,0.07); border: 1px solid rgba(255,255,255,0.13); border-radius: 10px; padding: 24px 20px; box-sizing: border-box; transition: background 0.2s, transform 0.2s, box-shadow 0.2s; cursor: default;\">\n<div style=\"font-size: 28px; margin-bottom: 10px;\">\u26a1<\/div>\n<p style=\"font-size: clamp(14px, 1.8vw + 8px, 16px); color: #7ec8f7; font-weight: bold; margin: 0 0 8px;\">45%'ye kadar Enerji Verimlili\u011fi<\/p>\n<p style=\"font-size: clamp(13px, 1.6vw + 8px, 15px); color: #cde; line-height: 1.7; margin: 0;\">VFD h\u0131z mod\u00fclasyonu, y\u00fcks\u00fcz \u00e7al\u0131\u015fma kay\u0131plar\u0131n\u0131 ortadan kald\u0131r\u0131r. K\u0131smi y\u00fckte \u00f6zg\u00fcl g\u00fc\u00e7 (kW\/m\u00b3\/dak) \u00f6nemli \u00f6l\u00e7\u00fcde d\u00fc\u015fer ve bu da \u0130ngiltere'deki end\u00fcstriyel tarife oranlar\u0131nda (24-30 p\/kWh) y\u0131ll\u0131k elektrik harcamalar\u0131n\u0131 \u00f6nemli \u00f6l\u00e7\u00fcde azalt\u0131r.<\/p>\n<\/div>\n<div style=\"flex: 1 1 260px; background: rgba(255,255,255,0.07); border: 1px solid rgba(255,255,255,0.13); border-radius: 10px; padding: 24px 20px; box-sizing: border-box; transition: background 0.2s, transform 0.2s, box-shadow 0.2s; cursor: default;\">\n<div style=\"font-size: 28px; margin-bottom: 10px;\">\ud83d\udcc8<\/div>\n<p style=\"font-size: clamp(14px, 1.8vw + 8px, 16px); color: #7ec8f7; font-weight: bold; margin: 0 0 8px;\">Sabit Bas\u0131n\u00e7 \u00b10,1 bar<\/p>\n<p style=\"font-size: clamp(13px, 1.6vw + 8px, 15px); color: #cde; line-height: 1.7; margin: 0;\">Sabit bas\u0131n\u00e7 iletimi, lazer kesim kalitesini d\u00fc\u015f\u00fcren, pn\u00f6matik akt\u00fcat\u00f6r ar\u0131zalar\u0131na neden olan veya ila\u00e7 dolum hatlar\u0131n\u0131 kirleten bas\u0131n\u00e7 dalgalanmalar\u0131n\u0131 \u00f6nler. PID kontrol d\u00f6ng\u00fcs\u00fcn\u00fcn tepki s\u00fcresi 200 ms'nin alt\u0131ndad\u0131r.<\/p>\n<\/div>\n<div style=\"flex: 1 1 260px; background: rgba(255,255,255,0.07); border: 1px solid rgba(255,255,255,0.13); border-radius: 10px; padding: 24px 20px; box-sizing: border-box; transition: background 0.2s, transform 0.2s, box-shadow 0.2s; cursor: default;\">\n<div style=\"font-size: 28px; margin-bottom: 10px;\">\ud83d\udd12<\/div>\n<p style=\"font-size: clamp(14px, 1.8vw + 8px, 16px); color: #7ec8f7; font-weight: bold; margin: 0 0 8px;\">D\u00fc\u015f\u00fck G\u00fcr\u00fclt\u00fc: 62\u201368 dB(A)<\/p>\n<p style=\"font-size: clamp(13px, 1.6vw + 8px, 15px); color: #cde; line-height: 1.7; margin: 0;\">Poli\u00fcretan k\u00f6p\u00fckle kapl\u0131 akustik kabinler ve titre\u015fim \u00f6nleyici ba\u011flant\u0131 elemanlar\u0131, g\u00fcr\u00fclt\u00fcy\u00fc \u0130ngiltere'nin 2005 tarihli \u0130\u015fyerinde G\u00fcr\u00fclt\u00fc Kontrol\u00fc Y\u00f6netmeli\u011fi'ne uygun seviyelere d\u00fc\u015f\u00fcrerek, i\u015fitme koruma b\u00f6lgelerine gerek kalmadan at\u00f6lye zeminine kurulum yap\u0131lmas\u0131n\u0131 m\u00fcmk\u00fcn k\u0131lar.<\/p>\n<\/div>\n<div style=\"flex: 1 1 260px; background: rgba(255,255,255,0.07); border: 1px solid rgba(255,255,255,0.13); border-radius: 10px; padding: 24px 20px; box-sizing: border-box; transition: background 0.2s, transform 0.2s, box-shadow 0.2s; cursor: default;\">\n<div style=\"font-size: 28px; margin-bottom: 10px;\">\ud83d\udd27<\/div>\n<p style=\"font-size: clamp(14px, 1.8vw + 8px, 16px); color: #7ec8f7; font-weight: bold; margin: 0 0 8px;\">Uzat\u0131lm\u0131\u015f Servis Aral\u0131\u011f\u0131<\/p>\n<p style=\"font-size: clamp(13px, 1.6vw + 8px, 15px); color: #cde; line-height: 1.7; margin: 0;\">4.000 saatlik ya\u011f de\u011fi\u015fim aral\u0131klar\u0131 (eski tasar\u0131mlarda 2.000 saatti). Ak\u0131ll\u0131 IoT kontrol \u00fcnitesi, rulman s\u0131cakl\u0131\u011f\u0131n\u0131, ya\u011f bas\u0131nc\u0131n\u0131 ve giri\u015f filtresi fark\u0131n\u0131 kaydederek ar\u0131za meydana gelmeden \u00f6nce \u00f6nleyici bak\u0131m uyar\u0131lar\u0131 tetikler.<\/p>\n<\/div>\n<div style=\"flex: 1 1 260px; background: rgba(255,255,255,0.07); border: 1px solid rgba(255,255,255,0.13); border-radius: 10px; padding: 24px 20px; box-sizing: border-box; transition: background 0.2s, transform 0.2s, box-shadow 0.2s; cursor: default;\">\n<div style=\"font-size: 28px; margin-bottom: 10px;\">\ud83c\udf0d<\/div>\n<p style=\"font-size: clamp(14px, 1.8vw + 8px, 16px); color: #7ec8f7; font-weight: bold; margin: 0 0 8px;\">ISO 8573-1 S\u0131n\u0131f 1 Hava Temizli\u011fi<\/p>\n<p style=\"font-size: clamp(13px, 1.6vw + 8px, 15px); color: #cde; line-height: 1.7; margin: 0;\">Entegre birle\u015ftirme filtrasyonu ve aktif karbon a\u015famas\u0131, ya\u011f i\u00e7eri\u011fini 0,003 mg\/m\u00b3'\u00fcn alt\u0131na ve partik\u00fcl boyutunu 0,1 mikronun alt\u0131na d\u00fc\u015f\u00fcrerek, Birle\u015fik Krall\u0131k'\u0131n en kat\u0131 g\u0131da g\u00fcvenli\u011fi ve MHRA ila\u00e7 y\u00f6nergelerini kar\u015f\u0131lamaktad\u0131r.<\/p>\n<\/div>\n<div style=\"flex: 1 1 260px; background: rgba(255,255,255,0.07); border: 1px solid rgba(255,255,255,0.13); border-radius: 10px; padding: 24px 20px; box-sizing: border-box; transition: background 0.2s, transform 0.2s, box-shadow 0.2s; cursor: default;\">\n<div style=\"font-size: 28px; margin-bottom: 10px;\">\ud83d\udd0c<\/div>\n<p style=\"font-size: clamp(14px, 1.8vw + 8px, 16px); color: #7ec8f7; font-weight: bold; margin: 0 0 8px;\">Uzaktan \u0130zleme ve End\u00fcstri 4.0'a Haz\u0131r<\/p>\n<p style=\"font-size: clamp(13px, 1.6vw + 8px, 15px); color: #cde; line-height: 1.7; margin: 0;\">Modbus TCP\/OPC-UA a\u011f ge\u00e7idi, SCADA, ERP ve bulut izleme platformlar\u0131yla entegrasyonu m\u00fcmk\u00fcn k\u0131lar. Bas\u0131n\u00e7l\u0131 hava t\u00fcketim verileri, karbon azaltma hedeflerini takip eden \u0130ngiltere'deki tesisler i\u00e7in ISO 50001 enerji y\u00f6netim raporlamas\u0131na do\u011frudan aktar\u0131l\u0131r.<\/p>\n<\/div>\n<\/div>\n<\/div>\n<p><!-- ===== TECH SPECS TABLE ===== --><\/p>\n<div style=\"width: 100%; max-width: 100%; min-width: 100%; box-sizing: border-box; background: #fff; padding: 44px 5% 36px;\">\n<h2 style=\"font-size: clamp(18px, 2.5vw + 10px, 26px); color: #0a2342; font-weight: bold; margin: 0 0 8px; border-left: 5px solid #2563c0; padding-left: 14px;\">\u00dcr\u00fcn Teknik ve Performans Parametreleri<\/h2>\n<p style=\"font-size: clamp(13px, 1.8vw + 8px, 16px); color: #555; margin: 0 0 22px; line-height: 1.7;\">Ever Power CM ve VSD d\u00f6ner vidal\u0131 hava kompres\u00f6r\u00fc serisi i\u00e7in temsili veriler. T\u00fcm g\u00fc\u00e7 aral\u0131\u011f\u0131nda \u00f6zel konfig\u00fcrasyonlar mevcuttur.<\/p>\n<div style=\"overflow-x: auto; -webkit-overflow-scrolling: touch; width: 100%;\">\n<table style=\"width: 100%; border-collapse: collapse; font-size: clamp(12px, 1.6vw + 8px, 15px); min-width: 640px;\">\n<thead>\n<tr style=\"background: linear-gradient(90deg, #0a2342, #2563c0); color: #fff;\">\n<th style=\"padding: 13px 12px; text-align: left; font-weight: bold; white-space: nowrap; border: 1px solid #1a4a8a;\">Parametre<\/th>\n<th style=\"padding: 13px 12px; text-align: center; font-weight: bold; white-space: nowrap; border: 1px solid #1a4a8a;\">CM55 D\u00fczeltildi<\/th>\n<th style=\"padding: 13px 12px; text-align: center; font-weight: bold; white-space: nowrap; border: 1px solid #1a4a8a;\">CM90 D\u00fczeltildi<\/th>\n<th style=\"padding: 13px 12px; text-align: center; font-weight: bold; white-space: nowrap; border: 1px solid #1a4a8a;\">CM160 VFD<\/th>\n<th style=\"padding: 13px 12px; text-align: center; font-weight: bold; white-space: nowrap; border: 1px solid #1a4a8a;\">CM250 VFD<\/th>\n<\/tr>\n<\/thead>\n<tbody>\n<tr style=\"background: #f7f9ff;\">\n<td style=\"padding: 11px 12px; border: 1px solid #dde3ee; font-weight: 600; color: #0a2342;\">Motor G\u00fcc\u00fc (kW)<\/td>\n<td style=\"padding: 11px 12px; border: 1px solid #dde3ee; text-align: center;\">55<\/td>\n<td style=\"padding: 11px 12px; border: 1px solid #dde3ee; text-align: center;\">90<\/td>\n<td style=\"padding: 11px 12px; border: 1px solid #dde3ee; text-align: center;\">160<\/td>\n<td style=\"padding: 11px 12px; border: 1px solid #dde3ee; text-align: center;\">250<\/td>\n<\/tr>\n<tr style=\"background: #ffffff;\">\n<td style=\"padding: 11px 12px; border: 1px solid #dde3ee; font-weight: 600; color: #0a2342;\">Serbest Hava Teslimat\u0131 (m\u00b3\/dak)<\/td>\n<td style=\"padding: 11px 12px; border: 1px solid #dde3ee; text-align: center;\">6,5 \u2013 9,8<\/td>\n<td style=\"padding: 11px 12px; border: 1px solid #dde3ee; text-align: center;\">11.2 \u2013 15.4<\/td>\n<td style=\"padding: 11px 12px; border: 1px solid #dde3ee; text-align: center;\">18.6 \u2013 27.5<\/td>\n<td style=\"padding: 11px 12px; border: 1px solid #dde3ee; text-align: center;\">30.0 \u2013 44.0<\/td>\n<\/tr>\n<tr style=\"background: #f7f9ff;\">\n<td style=\"padding: 11px 12px; border: 1px solid #dde3ee; font-weight: 600; color: #0a2342;\">\u00c7al\u0131\u015fma Bas\u0131nc\u0131 Aral\u0131\u011f\u0131 (bar)<\/td>\n<td style=\"padding: 11px 12px; border: 1px solid #dde3ee; text-align: center;\">7 \u2013 13<\/td>\n<td style=\"padding: 11px 12px; border: 1px solid #dde3ee; text-align: center;\">7 \u2013 13<\/td>\n<td style=\"padding: 11px 12px; border: 1px solid #dde3ee; text-align: center;\">6 \u2013 16<\/td>\n<td style=\"padding: 11px 12px; border: 1px solid #dde3ee; text-align: center;\">6 \u2013 16<\/td>\n<\/tr>\n<tr style=\"background: #ffffff;\">\n<td style=\"padding: 11px 12px; border: 1px solid #dde3ee; font-weight: 600; color: #0a2342;\">G\u00fcr\u00fclt\u00fc Seviyesi dB(A) @ 1m<\/td>\n<td style=\"padding: 11px 12px; border: 1px solid #dde3ee; text-align: center;\">68<\/td>\n<td style=\"padding: 11px 12px; border: 1px solid #dde3ee; text-align: center;\">70<\/td>\n<td style=\"padding: 11px 12px; border: 1px solid #dde3ee; text-align: center;\">65<\/td>\n<td style=\"padding: 11px 12px; border: 1px solid #dde3ee; text-align: center;\">67<\/td>\n<\/tr>\n<tr style=\"background: #f7f9ff;\">\n<td style=\"padding: 11px 12px; border: 1px solid #dde3ee; font-weight: 600; color: #0a2342;\">Motor Verimlilik S\u0131n\u0131f\u0131<\/td>\n<td style=\"padding: 11px 12px; border: 1px solid #dde3ee; text-align: center;\">IE3<\/td>\n<td style=\"padding: 11px 12px; border: 1px solid #dde3ee; text-align: center;\">IE3<\/td>\n<td style=\"padding: 11px 12px; border: 1px solid #dde3ee; text-align: center;\">IE4 (PMSM)<\/td>\n<td style=\"padding: 11px 12px; border: 1px solid #dde3ee; text-align: center;\">IE4 (PMSM)<\/td>\n<\/tr>\n<tr style=\"background: #ffffff;\">\n<td style=\"padding: 11px 12px; border: 1px solid #dde3ee; font-weight: 600; color: #0a2342;\">Ya\u011f Ta\u015f\u0131n\u0131m\u0131 (mg\/m\u00b3)<\/td>\n<td style=\"padding: 11px 12px; border: 1px solid #dde3ee; text-align: center;\">&lt; 3<\/td>\n<td style=\"padding: 11px 12px; border: 1px solid #dde3ee; text-align: center;\">&lt; 3<\/td>\n<td style=\"padding: 11px 12px; border: 1px solid #dde3ee; text-align: center;\">&lt; 0,5<\/td>\n<td style=\"padding: 11px 12px; border: 1px solid #dde3ee; text-align: center;\">&lt; 0,5<\/td>\n<\/tr>\n<tr style=\"background: #f7f9ff;\">\n<td style=\"padding: 11px 12px; border: 1px solid #dde3ee; font-weight: 600; color: #0a2342;\">Hava U\u00e7lu Rotor Malzemesi<\/td>\n<td style=\"padding: 11px 12px; border: 1px solid #dde3ee; text-align: center;\">Ala\u015f\u0131ml\u0131 \u00c7elik HRC 58\u201362<\/td>\n<td style=\"padding: 11px 12px; border: 1px solid #dde3ee; text-align: center;\">Ala\u015f\u0131ml\u0131 \u00c7elik HRC 58\u201362<\/td>\n<td style=\"padding: 11px 12px; border: 1px solid #dde3ee; text-align: center;\">Ala\u015f\u0131ml\u0131 \u00c7elik HRC 60\u201362<\/td>\n<td style=\"padding: 11px 12px; border: 1px solid #dde3ee; text-align: center;\">Ala\u015f\u0131ml\u0131 \u00c7elik HRC 60\u201362<\/td>\n<\/tr>\n<tr style=\"background: #ffffff;\">\n<td style=\"padding: 11px 12px; border: 1px solid #dde3ee; font-weight: 600; color: #0a2342;\">Hava Tank\u0131 Hacmi (litre)<\/td>\n<td style=\"padding: 11px 12px; border: 1px solid #dde3ee; text-align: center;\">500<\/td>\n<td style=\"padding: 11px 12px; border: 1px solid #dde3ee; text-align: center;\">750<\/td>\n<td style=\"padding: 11px 12px; border: 1px solid #dde3ee; text-align: center;\">1,000<\/td>\n<td style=\"padding: 11px 12px; border: 1px solid #dde3ee; text-align: center;\">2,000<\/td>\n<\/tr>\n<tr style=\"background: #f7f9ff;\">\n<td style=\"padding: 11px 12px; border: 1px solid #dde3ee; font-weight: 600; color: #0a2342;\">So\u011futma Sistemi<\/td>\n<td style=\"padding: 11px 12px; border: 1px solid #dde3ee; text-align: center;\">Hava so\u011futmal\u0131<\/td>\n<td style=\"padding: 11px 12px; border: 1px solid #dde3ee; text-align: center;\">Hava so\u011futmal\u0131<\/td>\n<td style=\"padding: 11px 12px; border: 1px solid #dde3ee; text-align: center;\">Hava veya Su<\/td>\n<td style=\"padding: 11px 12px; border: 1px solid #dde3ee; text-align: center;\">Su so\u011futmal\u0131<\/td>\n<\/tr>\n<tr style=\"background: #ffffff;\">\n<td style=\"padding: 11px 12px; border: 1px solid #dde3ee; font-weight: 600; color: #0a2342;\">Ortam S\u0131cakl\u0131\u011f\u0131 Aral\u0131\u011f\u0131<\/td>\n<td style=\"padding: 11px 12px; border: 1px solid #dde3ee; text-align: center;\">-5\u00b0C ila +45\u00b0C<\/td>\n<td style=\"padding: 11px 12px; border: 1px solid #dde3ee; text-align: center;\">-5\u00b0C ila +45\u00b0C<\/td>\n<td style=\"padding: 11px 12px; border: 1px solid #dde3ee; text-align: center;\">-10\u00b0C ila +55\u00b0C<\/td>\n<td style=\"padding: 11px 12px; border: 1px solid #dde3ee; text-align: center;\">-10\u00b0C ila +55\u00b0C<\/td>\n<\/tr>\n<tr style=\"background: #f7f9ff;\">\n<td style=\"padding: 11px 12px; border: 1px solid #dde3ee; font-weight: 600; color: #0a2342;\">Besleme Gerilimi (Birle\u015fik Krall\u0131k)<\/td>\n<td style=\"padding: 11px 12px; border: 1px solid #dde3ee; text-align: center;\">400V \/ 3 Faz \/ 50Hz<\/td>\n<td style=\"padding: 11px 12px; border: 1px solid #dde3ee; text-align: center;\">400V \/ 3 Faz \/ 50Hz<\/td>\n<td style=\"padding: 11px 12px; border: 1px solid #dde3ee; text-align: center;\">400V \/ 3 Faz \/ 50Hz<\/td>\n<td style=\"padding: 11px 12px; border: 1px solid #dde3ee; text-align: center;\">400V \/ 3 Faz \/ 50Hz<\/td>\n<\/tr>\n<tr style=\"background: #ffffff;\">\n<td style=\"padding: 11px 12px; border: 1px solid #dde3ee; font-weight: 600; color: #0a2342;\">Sertifikasyon<\/td>\n<td style=\"padding: 11px 12px; border: 1px solid #dde3ee; text-align: center;\">CE, UKCA, ISO 8573-1<\/td>\n<td style=\"padding: 11px 12px; border: 1px solid #dde3ee; text-align: center;\">CE, UKCA, ISO 8573-1<\/td>\n<td style=\"padding: 11px 12px; border: 1px solid #dde3ee; text-align: center;\">CE, UKCA, ISO 8573-1, PED<\/td>\n<td style=\"padding: 11px 12px; border: 1px solid #dde3ee; text-align: center;\">CE, UKCA, ISO 8573-1, PED<\/td>\n<\/tr>\n<\/tbody>\n<\/table>\n<\/div>\n<\/div>\n<p><!-- ===== APPLICATION SCENARIOS ===== --><\/p>\n<div style=\"width: 100%; max-width: 100%; min-width: 100%; box-sizing: border-box; background: #f0f5ff; padding: 44px 5% 40px;\">\n<h2 style=\"font-size: clamp(18px, 2.5vw + 10px, 26px); color: #0a2342; font-weight: bold; margin: 0 0 8px; border-left: 5px solid #f7941d; padding-left: 14px;\">Birle\u015fik Krall\u0131k \u0130malat Sekt\u00f6rlerinde End\u00fcstriyel Uygulama Senaryolar\u0131<\/h2>\n<p style=\"font-size: clamp(13px, 1.8vw + 8px, 16px); color: #555; margin: 0 0 26px; line-height: 1.7;\">Black Country'deki lazer kesim at\u00f6lyelerinden Cambridge'deki temiz oda ila\u00e7 dolum hatlar\u0131na kadar, Ever Power hava kompres\u00f6rleri, standart ticari \u00fcnitelerin destekleyemedi\u011fi zorlu uygulamalara hizmet vermektedir.<\/p>\n<p><!-- Filter image floating right --><\/p>\n<div style=\"overflow: hidden; margin-bottom: 28px;\">\n<p><img decoding=\"async\" style=\"float: right; width: 38%; max-width: 380px; min-width: 200px; margin: 0 0 18px 28px; border-radius: 8px; box-shadow: 0 6px 24px rgba(0,0,0,0.12); display: block;\" src=\"https:\/\/air-compressor-for-laser-cutter.com\/wp-content\/uploads\/2026\/03\/ep-Stainless-Steel-Precision-Filter-for-Air-Compressor-Post-processing-Equipment-3-1-1.webp\" alt=\"End\u00fcstriyel son i\u015flem i\u00e7in paslanmaz \u00e7elik hassas hava kompres\u00f6r\u00fc filtresi\" \/><\/p>\n<h2 style=\"font-size: clamp(15px, 2vw + 8px, 19px); color: #1a4a8a; font-weight: bold; margin: 0 0 10px;\">Bat\u0131 Midlands'da Lazer Kesim ve Sac Metal \u0130malat\u0131<\/h2>\n<p style=\"font-size: clamp(14px, 2vw + 8px, 17px); color: #333; line-height: 1.85; margin: 0 0 14px;\">6 kW ve \u00fczeri g\u00fc\u00e7te \u00e7al\u0131\u015fan fiber lazer kesim sistemleri, tipik olarak 10 ila 16 bar aras\u0131nda bas\u0131n\u00e7ta s\u00fcrekli, ultra kuru, ya\u011fs\u0131z hava beslemesi gerektirir. Kesim kafas\u0131, hem yard\u0131mc\u0131 gaz (erimi\u015f malzemeyi kesim \u00e7izgisinden d\u0131\u015far\u0131 atmak i\u00e7in) hem de koruyucu gaz (optikleri kirlenmeden korumak i\u00e7in) olarak s\u0131k\u0131\u015ft\u0131r\u0131lm\u0131\u015f hava veya nitrojen kullan\u0131r. 0,01 mg\/m\u00b3'\u00fcn \u00fczerindeki herhangi bir ya\u011f kirlenmesi, birka\u00e7 bin sterlin de\u011ferindeki yans\u0131ma \u00f6nleyici lens kaplamalar\u0131na kal\u0131c\u0131 hasar verebilir. Nem s\u0131zmas\u0131 (so\u011futucu kurutucular\u0131n yetersiz boyutland\u0131r\u0131lmas\u0131 durumunda risk olu\u015fturur), yeni kesilmi\u015f kenarlarda oksidasyona neden olarak, talepkar otomotiv Tier-1 m\u00fc\u015fterilerine teslimat programlar\u0131n\u0131 aksatan maliyetli yeniden i\u015fleme gerektirir. Coventry yak\u0131nlar\u0131ndaki Jaguar Land Rover tedarik zincirine veya Birmingham Havaalan\u0131 \u00e7evresindeki havac\u0131l\u0131k k\u00fcmesine hizmet veren Bat\u0131 Midlands'deki imalat\u00e7\u0131lar, s\u00fcrekli olarak -40\u00b0C veya daha iyi bir bas\u0131n\u00e7 \u00e7i\u011f noktas\u0131 sa\u011flayan entegre \u0131s\u0131tmas\u0131z kurutucuya sahip Ever Power'\u0131n VFD kompres\u00f6r paketlerini tercih etmektedir.<\/p>\n<h2 style=\"font-size: clamp(15px, 2vw + 8px, 19px); color: #1a4a8a; font-weight: bold; margin: 0 0 10px;\">Sunderland ve Derby'de Otomotiv Montaj ve G\u00f6vde \u0130malat\u0131 Operasyonlar\u0131<\/h2>\n<p style=\"font-size: clamp(14px, 2vw + 8px, 17px); color: #333; line-height: 1.85; margin: 0;\">G\u00f6vde montaj\u0131 \u2013 damgal\u0131 \u00e7elik panellerin robotik nokta kayna\u011f\u0131 ve yap\u0131\u015ft\u0131r\u0131c\u0131 ile birle\u015ftirildi\u011fi a\u015fama \u2013 pn\u00f6matik kaynak tabancalar\u0131, derz dolgu macunu da\u011f\u0131t\u0131c\u0131lar\u0131 ve tork kontrol aletleri i\u00e7in bas\u0131n\u00e7l\u0131 hava gerektirir. Avrupa'n\u0131n en verimli otomobil fabrikalar\u0131ndan biri olan Nissan'\u0131n Sunderland tesisinde, bas\u0131n\u00e7l\u0131 hava \u015febekesi, vardiya de\u011fi\u015fim zirveleri s\u0131ras\u0131nda bas\u0131n\u00e7 d\u00fc\u015f\u00fc\u015f\u00fc i\u00e7in minimum payla, iki ve \u00fc\u00e7 vardiya d\u00fczeninde s\u00fcrekli olarak \u00e7al\u0131\u015f\u0131r. Y\u00fck\u00fc orant\u0131l\u0131 olarak payla\u015fan iki veya daha fazla makineden olu\u015fan \u00f6nc\u00fc-gecikmeli d\u00fczenlemedeki VFD vidal\u0131 kompres\u00f6rler, s\u0131f\u0131r dalgalanma ve sorunsuz talep devri ile \u015febeke bas\u0131nc\u0131n\u0131 korur. Ever Power'\u0131n ana kontrol algoritmas\u0131, alt\u0131 adede kadar kompres\u00f6r \u00fcnitesinin koordineli bir bas\u0131n\u00e7l\u0131 hava sistemi olarak \u00e7al\u0131\u015fmas\u0131n\u0131 sa\u011flar; bu \u00f6zellik, \u00f6zellikle hava talep profillerinin denetim, montaj ve test a\u015famalar\u0131nda karma\u015f\u0131k ve olduk\u00e7a de\u011fi\u015fken oldu\u011fu Derby'deki Rolls-Royce u\u00e7ak motoru montaj\u0131 i\u00e7in \u00e7ok de\u011ferlidir.<\/p>\n<\/div>\n<div style=\"display: flex; flex-wrap: wrap; gap: 16px; margin-top: 10px;\">\n<div style=\"flex: 1 1 240px; background: #fff; border-radius: 8px; padding: 20px 18px; box-shadow: 0 2px 12px rgba(37,99,192,0.09); box-sizing: border-box; border-left: 5px solid #2563c0; transition: transform 0.2s, box-shadow 0.2s;\">\n<h2 style=\"font-size: clamp(14px, 1.8vw + 8px, 16px); color: #0a2342; font-weight: bold; margin: 0 0 8px;\">Cambridge ve Edinburgh'da \u0130la\u00e7 \u00dcretimi<\/h2>\n<p style=\"font-size: clamp(13px, 1.6vw + 8px, 15px); color: #444; line-height: 1.75; margin: 0;\">MHRA taraf\u0131ndan denetlenen dolum hatlar\u0131, aktif farmas\u00f6tik bile\u015fen (API) kontaminasyonunu \u00f6nlemek i\u00e7in ya\u011fs\u0131z S\u0131n\u0131f 0 bas\u0131n\u00e7l\u0131 hava gerektirir. Ever Power ya\u011fs\u0131z \u00e7ift vidal\u0131 modelleri, s\u0131k\u0131\u015ft\u0131rma yolunda ya\u011fla \u0131slanan hi\u00e7bir par\u00e7a bulunmamas\u0131yla USP ve Ph.Eur. standartlar\u0131n\u0131 kar\u015f\u0131lamaktad\u0131r.<\/p>\n<\/div>\n<div style=\"flex: 1 1 240px; background: #fff; border-radius: 8px; padding: 20px 18px; box-shadow: 0 2px 12px rgba(37,99,192,0.09); box-sizing: border-box; border-left: 5px solid #f7941d; transition: transform 0.2s, box-shadow 0.2s;\">\n<h2 style=\"font-size: clamp(14px, 1.8vw + 8px, 16px); color: #0a2342; font-weight: bold; margin: 0 0 8px;\">Manchester ve Leeds'te G\u0131da ve \u0130\u00e7ecek Ambalaj\u0131<\/h2>\n<p style=\"font-size: clamp(13px, 1.6vw + 8px, 15px); color: #444; line-height: 1.75; margin: 0;\">Manchester'daki g\u0131da \u00fcretim koridorunda yer alan PET \u015fi\u015firme kal\u0131plama, toz halindeki malzemelerin pn\u00f6matik ta\u015f\u0131nmas\u0131 ve \u015fekillendirme-doldurma-m\u00fch\u00fcrleme ambalajlama hatlar\u0131n\u0131n t\u00fcm\u00fc, \u015fi\u015firme kal\u0131plama i\u00e7in 35-40 bar ve enstr\u00fcmantasyon i\u00e7in 6-8 bar'l\u0131k s\u00fcrekli y\u00fcksek bas\u0131n\u00e7l\u0131 havaya ihtiya\u00e7 duymaktad\u0131r. ISO 22000 uyumlulu\u011fu, \u00fcr\u00fcn temas\u0131n\u0131n m\u00fcmk\u00fcn oldu\u011fu her yerde ya\u011fs\u0131z hava kullan\u0131lmas\u0131n\u0131 zorunlu k\u0131lmaktad\u0131r.<\/p>\n<\/div>\n<div style=\"flex: 1 1 240px; background: #fff; border-radius: 8px; padding: 20px 18px; box-shadow: 0 2px 12px rgba(37,99,192,0.09); box-sizing: border-box; border-left: 5px solid #19a854; transition: transform 0.2s, box-shadow 0.2s;\">\n<h2 style=\"font-size: clamp(14px, 1.8vw + 8px, 16px); color: #0a2342; font-weight: bold; margin: 0 0 8px;\">Sheffield'de \u00c7elik ve A\u011f\u0131r M\u00fchendislik<\/h2>\n<p style=\"font-size: clamp(13px, 1.6vw + 8px, 15px); color: #444; line-height: 1.75; margin: 0;\">Sheffield'in geli\u015fmi\u015f \u00e7elik ve d\u00f6vme sekt\u00f6r\u00fc - havac\u0131l\u0131k ala\u015f\u0131mlar\u0131 ve b\u00fcy\u00fck \u00e7apl\u0131 m\u00fchendislik bile\u015fenleri konusunda uzmanla\u015fm\u0131\u015f d\u00fcnya standartlar\u0131nda \u015firketlere ev sahipli\u011fi yap\u0131yor - kum p\u00fcsk\u00fcrtme, hidrolik pres \u00e7al\u0131\u015ft\u0131rma, tahribats\u0131z muayene (NDT) ekipmanlar\u0131 ve robotik kaynak tor\u00e7lar\u0131n\u0131n so\u011futulmas\u0131 i\u00e7in bas\u0131n\u00e7l\u0131 hava kullan\u0131yor. Kompres\u00f6rler, genellikle IP54 dereceli muhafazalar ve \u00f6n filtreleme toz tutucular\u0131 gerektiren zorlu tozlu ortamlara dayanmak zorundad\u0131r.<\/p>\n<\/div>\n<div style=\"flex: 1 1 240px; background: #fff; border-radius: 8px; padding: 20px 18px; box-shadow: 0 2px 12px rgba(37,99,192,0.09); box-sizing: border-box; border-left: 5px solid #7c3aed; transition: transform 0.2s, box-shadow 0.2s;\">\n<h2 style=\"font-size: clamp(14px, 1.8vw + 8px, 16px); color: #0a2342; font-weight: bold; margin: 0 0 8px;\">\u0130sko\u00e7ya'da Elektronik ve Yar\u0131 \u0130letken Montaj\u0131<\/h2>\n<p style=\"font-size: clamp(13px, 1.6vw + 8px, 15px); color: #444; line-height: 1.75; margin: 0;\">\u0130sko\u00e7ya'n\u0131n b\u00fcy\u00fcyen yar\u0131 iletken ve elektronik k\u00fcmesi (Livingston yak\u0131nlar\u0131ndaki gofret \u00fcretimi de dahil olmak \u00fczere), ISO 8573-1 standard\u0131na g\u00f6re 0,1 mikronun alt\u0131nda partik\u00fcl say\u0131s\u0131na sahip ISO S\u0131n\u0131f 1 bas\u0131n\u00e7l\u0131 hava gerektiriyor. Hidrokarbonlar\u0131n herhangi bir izi, parti ba\u015f\u0131na alt\u0131 haneli rakamlara ula\u015fan gofret i\u015flemlerini mahvedebilir. Aktif karbon parlatma a\u015famalar\u0131na sahip Ever Power ya\u011fs\u0131z \u00fcniteler standart spesifikasyondur.<\/p>\n<\/div>\n<div style=\"flex: 1 1 240px; background: #fff; border-radius: 8px; padding: 20px 18px; box-shadow: 0 2px 12px rgba(37,99,192,0.09); box-sizing: border-box; border-left: 5px solid #0891b2; transition: transform 0.2s, box-shadow 0.2s;\">\n<h2 style=\"font-size: clamp(14px, 1.8vw + 8px, 16px); color: #0a2342; font-weight: bold; margin: 0 0 8px;\">Humber Halici'nde A\u00e7\u0131k Deniz ve Deniz M\u00fchendisli\u011fi<\/h2>\n<p style=\"font-size: clamp(13px, 1.6vw + 8px, 15px); color: #444; line-height: 1.75; margin: 0;\">Hull'daki a\u00e7\u0131k deniz r\u00fczgar t\u00fcrbini imalat tersaneleri ve Humber sanayi kompleksi, deniz ko\u015fullar\u0131na dayan\u0131kl\u0131, tuzlu ortamlara uygun bas\u0131n\u00e7l\u0131 hava sistemlerine ihtiya\u00e7 duymaktad\u0131r. Sert eloksall\u0131 i\u00e7 y\u00fczeylere sahip al\u00fcminyum g\u00f6vdeler, paslanmaz \u00e7elik d\u0131\u015f ba\u011flant\u0131 par\u00e7alar\u0131 ve ATEX b\u00f6lge 2 elektrik sertifikas\u0131, Ever Power'\u0131n \u00f6zel bir a\u00e7\u0131k deniz ve denizcilik \u00fcr\u00fcn yelpazesiyle destekledi\u011fi standart gereksinimlerdir.<\/p>\n<\/div>\n<div style=\"flex: 1 1 240px; background: #fff; border-radius: 8px; padding: 20px 18px; box-shadow: 0 2px 12px rgba(37,99,192,0.09); box-sizing: border-box; border-left: 5px solid #c0392b; transition: transform 0.2s, box-shadow 0.2s;\">\n<h2 style=\"font-size: clamp(14px, 1.8vw + 8px, 16px); color: #0a2342; font-weight: bold; margin: 0 0 8px;\">Yorkshire'da Tekstil ve Teknik Kuma\u015f \u00dcretimi<\/h2>\n<p style=\"font-size: clamp(13px, 1.6vw + 8px, 15px); color: #444; line-height: 1.75; margin: 0;\">Yorkshire'daki teknik tekstil sekt\u00f6r\u00fcnde kullan\u0131lan hava jetli tezgahlar ve rapier dokuma makineleri, son derece y\u00fcksek ak\u0131\u015f h\u0131zlar\u0131nda b\u00fcy\u00fck miktarlarda d\u00fc\u015f\u00fck bas\u0131n\u00e7l\u0131 s\u0131k\u0131\u015ft\u0131r\u0131lm\u0131\u015f hava (2,5 ila 5 bar) t\u00fcketmektedir. Sabit bas\u0131n\u00e7, atk\u0131 ipli\u011fi yerle\u015ftirme h\u0131z\u0131n\u0131 ve dolay\u0131s\u0131yla kuma\u015f kalitesini ve makine \u00e7al\u0131\u015fma s\u00fcresini do\u011frudan etkiler. Tezgah talep d\u00f6ng\u00fclerine uygun VFD kompres\u00f6rler, sabit h\u0131zda bas\u0131n\u00e7 dalgalanmalar\u0131ndan kaynaklanan maliyetli \u00fcretim kesintilerini ortadan kald\u0131r\u0131r.<\/p>\n<\/div>\n<\/div>\n<\/div>\n<div style=\"width: 100%; max-width: 100%; min-width: 100%; box-sizing: border-box; background: #fff; padding: 44px 5% 40px;\">\n<h2 style=\"font-size: clamp(18px, 2.5vw + 10px, 26px); color: #0a2342; font-weight: bold; margin: 0 0 18px; border-left: 5px solid #2563c0; padding-left: 14px;\">Ever Power: Hassas \u00dcretim ve \u00d6zelle\u015ftirme Yetenekleri<\/h2>\n<p style=\"font-size: clamp(14px, 2vw + 8px, 17px); color: #333; line-height: 1.85; margin: 0 0 16px;\"><img decoding=\"async\" class=\"alignleft\" style=\"width: 173px; max-width: 100%; border-radius: 8px; box-shadow: rgba(0, 0, 0, 0.1) 0px 4px 18px; display: block;\" src=\"https:\/\/air-compressor-for-laser-cutter.com\/wp-content\/uploads\/2026\/03\/ep-Stainless-Steel-Gas-Tank-for-Air-Compressor-Post-processing-Equipment-1-1.webp\" alt=\"Hava kompres\u00f6r\u00fc son i\u015flem ekipman\u0131 i\u00e7in paslanmaz \u00e7elik gaz tank\u0131\" height=\"173\" \/>Ever Power, 18.000 m\u00b2'den fazla iklim kontroll\u00fc \u00fcretim ve montaj alan\u0131na sahip, \u00f6zel bir bas\u0131n\u00e7l\u0131 hava ekipman\u0131 \u00fcretim tesisi i\u015fletmektedir. Tesis, dikey olarak entegre bir tedarik zincirine ev sahipli\u011fi yapmaktad\u0131r: be\u015f eksenli CNC rotor ta\u015flama merkezleri, hava ucu montaj\u0131 i\u00e7in otomatik montaj kal\u0131plar\u0131, ulusal standartlara g\u00f6re izlenebilir kalibre edilmi\u015f ak\u0131\u015f \u00f6l\u00e7\u00fcm cihazlar\u0131na sahip \u00f6zel bir test alan\u0131 ve tam donan\u0131ml\u0131 bir metroloji laboratuvar\u0131. Bu \u00fcretim kontrol\u00fc derinli\u011fi, Birle\u015fik Krall\u0131k'taki bir m\u00fc\u015fteri standart d\u0131\u015f\u0131 bir konfig\u00fcrasyona ihtiya\u00e7 duydu\u011funda - ister +55\u00b0C'ye kadar derecelendirilmi\u015f tropikal ortam versiyonu, ister Coventry'deki bir boya p\u00fcsk\u00fcrtme tesisi i\u00e7in ATEX sertifikal\u0131 bir \u00fcnite, isterse Do\u011fu Midlands Serbest B\u00f6lgesi'ndeki yeni bir tesis i\u00e7in \u00f6zel \u00e7ok makineli bas\u0131n\u00e7l\u0131 hava y\u00f6netim sistemi olsun - Ever Power'\u0131n m\u00fchendislik ekibinin gereksinimi spesifikasyondan fabrika kabul testine kadar alt\u0131 ila sekiz hafta gibi k\u0131sa bir s\u00fcrede g\u00f6t\u00fcrebilece\u011fi anlam\u0131na gelir.<\/p>\n<p style=\"font-size: clamp(14px, 2vw + 8px, 17px); color: #333; line-height: 1.85; margin: 0 0 16px;\">Ever Power'da \u00f6zelle\u015ftirme, kozmetik de\u011fi\u015fikliklerin \u00e7ok \u00f6tesine uzanmaktad\u0131r. M\u00fchendislik ekibi, \u0130ngiltere'deki al\u0131c\u0131larla d\u00fczenli olarak uygulamaya \u00f6zel konfig\u00fcrasyonlar geli\u015ftirmek i\u00e7in \u00e7al\u0131\u015fmaktad\u0131r; bunlar aras\u0131nda \u00f6zel bas\u0131n\u00e7 aral\u0131klar\u0131 (farkl\u0131 model ailelerinde 4 bar'dan 40 bar'a kadar mevcuttur), y\u00fcksek tozlu veya y\u00fcksek nemli ortamlar i\u00e7in giri\u015f \u015fartland\u0131rma paketleri, alan \u0131s\u0131tmas\u0131 veya proses s\u0131cak suyu i\u00e7in s\u0131k\u0131\u015ft\u0131rma \u0131s\u0131s\u0131n\u0131n ila 'ini yakalayan entegre \u0131s\u0131 geri kazan\u0131m sistemleri (Enerji Tasarrufu F\u0131rsat\u0131 Program\u0131 (ESOS) kapsam\u0131nda karbon azalt\u0131m\u0131 hedefleyen \u0130ngiltere \u00fcreticileri i\u00e7in giderek artan bir ilgi \u00f6zelli\u011fi) yer almaktad\u0131r. \u00d6zel etiketli bas\u0131n\u00e7l\u0131 hava \u00fcr\u00fcn yelpazesi pazarlamak isteyen \u0130ngiltere ekipman distrib\u00fct\u00f6rleri i\u00e7in beyaz etiket ve OEM markalama se\u00e7enekleri mevcuttur.<\/p>\n<p style=\"font-size: clamp(14px, 2vw + 8px, 17px); color: #333; line-height: 1.85; margin: 0 0 24px;\">Stratejik envanter konumland\u0131rmas\u0131 sayesinde tedarik zinciri g\u00fcvenilirli\u011fi garanti alt\u0131na al\u0131nm\u0131\u015ft\u0131r: Ever Power, \u0130ngiltere'nin Midlands b\u00f6lgesinde bulunan bir da\u011f\u0131t\u0131m merkezinden faaliyet g\u00f6steren bir lojistik sa\u011flay\u0131c\u0131s\u0131yla ortakl\u0131k kurarak, \u0130ngiltere genelinde eri\u015filebilir bir yedek par\u00e7a merkezi i\u015fletmektedir. Bu sayede, giri\u015f valfi tertibatlar\u0131, ya\u011f ay\u0131r\u0131c\u0131 kartu\u015flar\u0131, rulman kitleri ve VFD kontrol mod\u00fclleri gibi kritik a\u015f\u0131nma par\u00e7alar\u0131, ayn\u0131 g\u00fcn sevk edilerek ertesi sabah \u0130ngiltere anakaras\u0131ndaki herhangi bir adrese teslim edilebilmektedir. Bu destek altyap\u0131s\u0131, t\u00fcm VFD modellerinde be\u015f y\u0131ll\u0131k hava ucu garantisiyle desteklenmektedir; bu taahh\u00fct, Ever Power'\u0131n temel hava ucu \u00fcretiminin kalitesine olan g\u00fcvenini yans\u0131tmaktad\u0131r.<\/p>\n<div style=\"background: linear-gradient(135deg, #0a2342 0%, #1a4a8a 100%); border-radius: 10px; padding: 30px 28px; text-align: center;\">\n<p style=\"font-size: clamp(16px, 2vw + 8px, 22px); color: #fff; font-weight: bold; margin: 0 0 10px;\">Bas\u0131n\u00e7l\u0131 Hava Sisteminizin \u00d6zelliklerini Belirlemeye Haz\u0131r M\u0131s\u0131n\u0131z?<\/p>\n<p style=\"font-size: clamp(13px, 1.8vw + 8px, 16px); color: #b8d9f7; margin: 0 0 20px; line-height: 1.7;\">Ever Power'\u0131n \u0130ngiltere teknik sat\u0131\u015f ekibiyle ileti\u015fime ge\u00e7erek \u00fccretsiz sistem de\u011ferlendirmesi, enerji denetimi kar\u015f\u0131la\u015ft\u0131rma raporu ve uygulaman\u0131za ve saha ko\u015fullar\u0131n\u0131za uygun resmi bir fiyat teklifi alabilirsiniz.<\/p>\n<p><a style=\"display: inline-block; background: #f7941d; color: #fff; font-size: clamp(14px, 2vw + 8px, 17px); font-weight: bold; padding: 15px 40px; border-radius: 5px; text-decoration: none; letter-spacing: 1px; box-shadow: 0 4px 18px rgba(247,148,29,0.4);\" href=\"mailto:sales@air-compressor-for-laser-cutter.com\">\ud83d\udce7 Fiyat Teklifi Al\u0131n \u2014 sales@air-compressor-for-laser-cutter.com<\/a><\/p>\n<\/div>\n<\/div>\n<p><!-- ===== FEATURED PRODUCTS ===== --><\/p>\n<div style=\"width: 100%; max-width: 100%; min-width: 100%; box-sizing: border-box; background: #f0f5ff; padding: 44px 5% 40px;\">\n<h2 style=\"font-size: clamp(18px, 2.5vw + 10px, 26px); color: #0a2342; font-weight: bold; margin: 0 0 8px; border-left: 5px solid #19a854; padding-left: 14px;\">Ever Power'dan \u00d6ne \u00c7\u0131kan Hava Kompres\u00f6r\u00fc \u00dcr\u00fcnleri<\/h2>\n<p style=\"font-size: clamp(13px, 1.8vw + 8px, 16px); color: #555; margin: 0 0 26px; line-height: 1.7;\">\u0130ngiltere'deki \u00fcretim operasyonlar\u0131 i\u00e7in en \u00e7ok tercih edilen modellerimizden ikisi; enerji verimlili\u011fi, d\u00fc\u015f\u00fck bak\u0131m gereksinimi ve kesintisiz \u00e7al\u0131\u015fma g\u00fcvenilirli\u011fi i\u00e7in tasarlanm\u0131\u015ft\u0131r.<\/p>\n<div style=\"display: flex; flex-wrap: wrap; gap: 20px;\">\n<div style=\"flex: 1 1 280px; background: #fff; border-radius: 10px; padding: 28px 24px; box-shadow: 0 4px 18px rgba(0,0,0,0.09); box-sizing: border-box; border-top: 5px solid #2563c0; transition: transform 0.2s, box-shadow 0.2s;\">\n<p style=\"font-size: 12px; color: #2563c0; font-weight: bold; text-transform: uppercase; letter-spacing: 1px; margin: 0 0 10px;\">VFD Vidal\u0131 Kompres\u00f6r<\/p>\n<p><a style=\"font-size: clamp(15px, 2vw + 8px, 20px); color: #0a2342; font-weight: bold; text-decoration: none; display: block; margin-bottom: 12px; line-height: 1.3;\" href=\"https:\/\/air-compressor-for-laser-cutter.com\/tr\/urun\/cm160pvf-degisken-frekansli-vidali-hava-kompresoru\/\">CM160PVF De\u011fi\u015fken Frekansl\u0131 Vidal\u0131 Hava Kompres\u00f6r\u00fc<\/a><\/p>\n<p style=\"font-size: clamp(13px, 1.6vw + 8px, 15px); color: #444; line-height: 1.75; margin: 0 0 16px;\">CM160PVF, Ever Power'\u0131n amiral gemisi 160 kW de\u011fi\u015fken frekansl\u0131 s\u00fcr\u00fcc\u00fcl\u00fc vidal\u0131 kompres\u00f6r\u00fcd\u00fcr ve lazer kesim, otomotiv montaj\u0131 ve ila\u00e7 \u00fcretiminde y\u00fcksek talep gerektiren s\u00fcrekli i\u015flemler i\u00e7in tasarlanm\u0131\u015ft\u0131r. IE4 kal\u0131c\u0131 m\u0131knat\u0131sl\u0131 senkron motora sahip olan \u00fcnite, 8 bar'da 6,2 kW\/m\u00b3\/dak \u00f6zg\u00fcl enerji t\u00fcketimi elde eder; bu da kar\u015f\u0131la\u015ft\u0131r\u0131labilir sabit h\u0131zl\u0131 makinelerden yakla\u015f\u0131k daha d\u00fc\u015f\u00fckt\u00fcr. Entegre PID bas\u0131n\u00e7 kontrol\u00f6r\u00fc, i\u015flem kalitesini d\u00fc\u015f\u00fcren bas\u0131n\u00e7 bantlar\u0131n\u0131 ortadan kald\u0131rarak, \u00e7\u0131k\u0131\u015f bas\u0131nc\u0131n\u0131 \u00b10,1 bar i\u00e7inde tutar. Dahili uzaktan izleme mod\u00fcl\u00fc, tesis SCADA veya bulut y\u00f6netim platformlar\u0131na ger\u00e7ek zamanl\u0131 veri iletimini sa\u011flar ve bu da onu ISO 50001 kapsam\u0131nda enerji y\u00f6netimi sertifikas\u0131 almak isteyen \u0130ngiltere \u00fcreticileri i\u00e7in m\u00fckemmel bir se\u00e7im haline getirir.<\/p>\n<p><a style=\"display: inline-block; background: #2563c0; color: #fff; font-size: clamp(13px, 1.6vw + 8px, 14px); font-weight: bold; padding: 10px 22px; border-radius: 4px; text-decoration: none; margin-top: 4px;\" href=\"https:\/\/air-compressor-for-laser-cutter.com\/tr\/urun\/cm160pvf-degisken-frekansli-vidali-hava-kompresoru\/\">\u00dcr\u00fcn\u00fc G\u00f6r\u00fcnt\u00fcle \u2192<\/a><\/p>\n<\/div>\n<div style=\"flex: 1 1 280px; background: #fff; border-radius: 10px; padding: 28px 24px; box-shadow: 0 4px 18px rgba(0,0,0,0.09); box-sizing: border-box; border-top: 5px solid #f7941d; transition: transform 0.2s, box-shadow 0.2s;\">\n<p style=\"font-size: 12px; color: #f7941d; font-weight: bold; text-transform: uppercase; letter-spacing: 1px; margin: 0 0 10px;\">De\u011fi\u015fken H\u0131zl\u0131 S\u00fcr\u00fcc\u00fc<\/p>\n<p><a style=\"font-size: clamp(15px, 2vw + 8px, 20px); color: #0a2342; font-weight: bold; text-decoration: none; display: block; margin-bottom: 12px; line-height: 1.3;\" href=\"https:\/\/air-compressor-for-laser-cutter.com\/tr\/urun\/degisken-hizli-tahrikli-vidali-hava-kompresoru\/\">De\u011fi\u015fken H\u0131zl\u0131 Tahrikli Vidal\u0131 Hava Kompres\u00f6r\u00fc<\/a><\/p>\n<p style=\"font-size: clamp(13px, 1.6vw + 8px, 15px); color: #444; line-height: 1.75; margin: 0 0 16px;\">De\u011fi\u015fken H\u0131zl\u0131 Tahrikli Vidal\u0131 Hava Kompres\u00f6r\u00fc serisi, 11 kW ile 315 kW g\u00fc\u00e7 aral\u0131\u011f\u0131n\u0131 kapsayarak \u0130ngiltere'deki al\u0131c\u0131lara \u00fcretim kapasitesiyle birlikte b\u00fcy\u00fcyen \u00f6l\u00e7eklenebilir bir bas\u0131n\u00e7l\u0131 hava \u00e7\u00f6z\u00fcm\u00fc sunmaktad\u0131r. Serideki her \u00fcnite, Ever Power'\u0131n tescilli rotor profilini kullan\u0131r; bu alt\u0131 loblu asimetrik tasar\u0131m, 600 ile 3600 rpm aras\u0131ndaki t\u00fcm h\u0131z aral\u0131\u011f\u0131nda \u00fcst\u00fcn hacimsel verimlilik sa\u011flar. Seri, 6 ila 16 bar \u00e7al\u0131\u015fma bas\u0131n\u00e7lar\u0131yla hem hava so\u011futmal\u0131 hem de su so\u011futmal\u0131 varyantlarda mevcuttur. Fabrika \u00e7\u0131k\u0131\u015fl\u0131 ak\u0131ll\u0131 kontrol \u00fcniteleri, a\u011fa ba\u011fl\u0131 bas\u0131n\u00e7l\u0131 hava sistemleri i\u00e7in \u00e7oklu makine kademeli kontrol\u00fcn\u00fc destekler ve t\u00fcm \u00fcr\u00fcn yelpazesi, CE sertifikas\u0131n\u0131n yan\u0131 s\u0131ra UKCA i\u015faretini de ta\u015f\u0131r; bu da ek dok\u00fcmantasyon y\u00fck\u00fc olmadan \u0130ngiltere'deki tesis devreye alma i\u015flemleri i\u00e7in an\u0131nda yasal uyumluluk sa\u011flar.<\/p>\n<p><a style=\"display: inline-block; background: #f7941d; color: #fff; font-size: clamp(13px, 1.6vw + 8px, 14px); font-weight: bold; padding: 10px 22px; border-radius: 4px; text-decoration: none; margin-top: 4px;\" href=\"https:\/\/air-compressor-for-laser-cutter.com\/tr\/urun\/degisken-hizli-tahrikli-vidali-hava-kompresoru\/\">\u00dcr\u00fcn\u00fc G\u00f6r\u00fcnt\u00fcle \u2192<\/a><\/p>\n<\/div>\n<\/div>\n<\/div>\n<p><!-- ===== CUSTOMER SUCCESS STORY ===== --><\/p>\n<div style=\"width: 100%; max-width: 100%; min-width: 100%; box-sizing: border-box; background: #fff; padding: 44px 5% 40px;\">\n<h2 style=\"font-size: clamp(18px, 2.5vw + 10px, 26px); color: #0a2342; font-weight: bold; margin: 0 0 6px; border-left: 5px solid #f7941d; padding-left: 14px;\">M\u00fc\u015fteri Ba\u015far\u0131 \u00d6yk\u00fcs\u00fc: Advanced Precision Fabrication, Sheffield<\/h2>\n<p style=\"font-size: clamp(13px, 1.8vw + 8px, 16px); color: #666; margin: 0 0 20px; font-style: italic;\">Y\u00fcksek hassasiyetli havac\u0131l\u0131k alt bile\u015fen lazer kesimi \u2014 G\u00fcney Yorkshire<\/p>\n<div style=\"background: #f7f9ff; border-radius: 10px; padding: 28px 24px; box-sizing: border-box; margin-bottom: 28px; border-left: 5px solid #2563c0;\">\n<p style=\"font-size: clamp(14px, 2vw + 8px, 17px); color: #333; line-height: 1.85; margin: 0 0 14px;\">Sheffield merkezli Advanced Precision Fabrication (APF), \u0130ngiltere havac\u0131l\u0131k sekt\u00f6r\u00fcne titanyum ve Inconel alt bile\u015fenleri tedarik eden bir fason \u00fcreticidir ve m\u00fc\u015fterileri aras\u0131nda Airbus UK programlar\u0131na hizmet veren Tier-1 u\u00e7ak yap\u0131s\u0131 montajc\u0131lar\u0131 da bulunmaktad\u0131r. APF, g\u00fcnde \u00fc\u00e7 vardiya halinde d\u00f6rt adet Trumpf TruLaser 5040 fiber lazer kesim makinesi i\u015fletmekte ve 12 bar \u00e7al\u0131\u015fma bas\u0131nc\u0131nda \u015febeke genelinde yakla\u015f\u0131k 840 m\u00b3\/dak bas\u0131n\u00e7l\u0131 hava t\u00fcketmektedir. Tesisin mevcut bas\u0131n\u00e7l\u0131 hava sistemi - 2000'li y\u0131llar\u0131n sonlar\u0131nda kurulan eski pistonlu kompres\u00f6rlerden olu\u015fan bir grup - ekonomik hizmet \u00f6mr\u00fcn\u00fcn sonuna ula\u015fm\u0131\u015f olup, 0,8 mm'nin alt\u0131ndaki ince kesitli titanyum levhalarda g\u00f6zle g\u00f6r\u00fcl\u00fcr kenar kalitesi sorunlar\u0131na neden olan \u00b11,8 bar'l\u0131k kabul edilemez bas\u0131n\u00e7 de\u011fi\u015fimine yol a\u00e7maktayd\u0131.<\/p>\n<p style=\"font-size: clamp(14px, 2vw + 8px, 17px); color: #333; line-height: 1.85; margin: 0 0 14px;\">APF'nin m\u00fchendislik direkt\u00f6r\u00fc, 2024 bahar\u0131nda Ever Power'\u0131n \u0130ngiltere teknik sat\u0131\u015f ekibiyle ileti\u015fime ge\u00e7ti. Tesis genelinde 14 noktada canl\u0131 bas\u0131n\u00e7 haritalamas\u0131 ve \u00fc\u00e7 vardiyan\u0131n tamam\u0131nda tam ak\u0131\u015f profillemesi i\u00e7eren iki g\u00fcnl\u00fck bir bas\u0131n\u00e7l\u0131 hava denetiminin ard\u0131ndan Ever Power, \u00fc\u00e7 adet CM160PVF de\u011fi\u015fken frekansl\u0131 s\u00fcr\u00fcc\u00fc kompres\u00f6r\u00fcnden olu\u015fan, ana-ba\u011f\u0131ml\u0131 kademeli bir d\u00fczenlemeye sahip, 2.000 litrelik 316L paslanmaz \u00e7elik al\u0131c\u0131 ve -40\u00b0C'lik bir bas\u0131n\u00e7 \u00e7i\u011f noktas\u0131 sa\u011flayan \u00e7ift kuleli \u0131s\u0131tmas\u0131z kurutucu i\u00e7eren bir sistem \u00f6nerdi. Kurulum, Ever Power'\u0131n tercih etti\u011fi \u0130ngiltere lojistik orta\u011f\u0131 arac\u0131l\u0131\u011f\u0131yla, sipari\u015f verildikten alt\u0131 hafta sonra APF'nin Sheffield tesisine teslim edildi ve \u00fcretimde herhangi bir aksama olmadan proje program\u0131na uyuldu.<\/p>\n<p style=\"font-size: clamp(14px, 2vw + 8px, 17px); color: #333; line-height: 1.85; margin: 0;\">APF, i\u015fletmeye al\u0131nmas\u0131n\u0131n ilk \u00fc\u00e7 ay\u0131nda, \u00f6nceki sisteme k\u0131yasla bas\u0131n\u00e7l\u0131 hava enerji t\u00fcketiminde 'l\u00fck bir azalma bildirdi; bu da mevcut Sheffield end\u00fcstriyel elektrik tarifelerine g\u00f6re y\u0131ll\u0131k yakla\u015f\u0131k 58.000 \u00a3'luk bir tasarrufa e\u015fde\u011ferdir. \u0130nce kesitli titanyumda kenar kalitesi \u00f6nemli \u00f6l\u00e7\u00fcde iyile\u015fti ve m\u00fc\u015fteri kalite reddi oranlar\u0131 %3,2'den %0,4'\u00fcn alt\u0131na d\u00fc\u015ft\u00fc. Ever Power taraf\u0131ndan sa\u011flanan be\u015f y\u0131ll\u0131k hava ucu garantisi de APF'nin bas\u0131n\u00e7l\u0131 hava sistemi i\u00e7in planlanan bak\u0131m b\u00fct\u00e7esini y\u0131lda tahmini 12.000 \u00a3 azaltt\u0131 ve toplam yat\u0131r\u0131m geri \u00f6deme s\u00fcresini 22 aydan daha k\u0131sa bir s\u00fcreye indirdi.<\/p>\n<\/div>\n<p><!-- Customer Reviews --><\/p>\n<h2 style=\"font-size: clamp(16px, 2vw + 8px, 20px); color: #0a2342; font-weight: bold; margin: 0 0 18px;\">\u0130ngiltere'deki M\u00fc\u015fteriler Ever Power Hakk\u0131nda Ne Diyor?<\/h2>\n<div style=\"display: flex; flex-wrap: wrap; gap: 16px;\">\n<div style=\"flex: 1 1 240px; background: #f0f5ff; border-radius: 8px; padding: 22px 20px; box-sizing: border-box; border-top: 4px solid #2563c0; transition: transform 0.2s, box-shadow 0.2s;\">\n<p style=\"font-size: 22px; color: #f7941d; margin: 0 0 8px;\">\u2605\u2605\u2605\u2605\u2605<\/p>\n<p style=\"font-size: clamp(13px, 1.6vw + 8px, 15px); color: #333; line-height: 1.75; margin: 0 0 12px; font-style: italic;\">\u201cCM160PVF'nin bas\u0131n\u00e7 kararl\u0131l\u0131\u011f\u0131 ger\u00e7ekten ola\u011fan\u00fcst\u00fc. Eski ekipman\u0131m\u0131zla \u00b11,8 bar'l\u0131k dalgalanmalardan, \u00fc\u00e7 vardiya boyunca 0,08 bar i\u00e7inde sabit kalmaya ge\u00e7tik. Titanyumun kesim kalitesindeki fark \u00e7\u0131plak g\u00f6zle g\u00f6r\u00fclebiliyor. Ever Power'\u0131n sat\u0131\u015f \u00f6ncesi teknik denetimi, herhangi bir bas\u0131n\u00e7l\u0131 hava tedarik\u00e7isinden ald\u0131\u011f\u0131m\u0131z en kapsaml\u0131 denetimdi.\u201d<\/p>\n<p style=\"font-size: 13px; color: #2563c0; font-weight: bold; margin: 0;\">\u2014 M\u00fchendislik Direkt\u00f6r\u00fc, \u0130leri Hassas \u0130malat, Sheffield<\/p>\n<\/div>\n<div style=\"flex: 1 1 240px; background: #fff8ee; border-radius: 8px; padding: 22px 20px; box-sizing: border-box; border-top: 4px solid #f7941d; transition: transform 0.2s, box-shadow 0.2s;\">\n<p style=\"font-size: 22px; color: #f7941d; margin: 0 0 8px;\">\u2605\u2605\u2605\u2605\u2605<\/p>\n<p style=\"font-size: clamp(13px, 1.6vw + 8px, 15px); color: #333; line-height: 1.75; margin: 0 0 12px; font-style: italic;\">\u201cD\u00f6rt Avrupa tedarik\u00e7isini de\u011ferlendirdikten sonra, Birmingham'daki yeni tesisimiz i\u00e7in Ever Power'\u0131 tercih ettik. ATEX sertifikal\u0131 kontrol paneli, \u0131s\u0131tma devremize entegre \u0131s\u0131 geri kazan\u0131m\u0131 ve UKCA onayl\u0131 bas\u0131n\u00e7l\u0131 kap gibi \u00f6zelle\u015ftirme se\u00e7enekleri, di\u011ferlerinin teslimat program\u0131m\u0131zda kar\u015f\u0131layamad\u0131\u011f\u0131 \u00f6zelliklerdi. Midlands merkezinden s\u00fcrekli yedek par\u00e7a temini sayesinde, par\u00e7a beklemek zorunda kalmad\u0131k.\u201d<\/p>\n<p style=\"font-size: 13px; color: #f7941d; font-weight: bold; margin: 0;\">\u2014 Fabrika M\u00fchendisi, Otomotiv G\u00f6vde Par\u00e7alar\u0131 Kal\u0131plama Makinesi, Birmingham<\/p>\n<\/div>\n<div style=\"flex: 1 1 240px; background: #f0fff6; border-radius: 8px; padding: 22px 20px; box-sizing: border-box; border-top: 4px solid #19a854; transition: transform 0.2s, box-shadow 0.2s;\">\n<p style=\"font-size: 22px; color: #f7941d; margin: 0 0 8px;\">\u2605\u2605\u2605\u2605\u2605<\/p>\n<p style=\"font-size: clamp(13px, 1.6vw + 8px, 15px); color: #333; line-height: 1.75; margin: 0 0 12px; font-style: italic;\">\u201cCambridge'deki MHRA lisansl\u0131 dolum hatt\u0131m\u0131z i\u00e7in ISO 8573-1 S\u0131n\u0131f 1 uyumlulu\u011fu olmazsa olmazd\u0131. Ever Power'\u0131n \u00e7ift kademeli aktif karbon parlat\u0131c\u0131l\u0131 ya\u011fs\u0131z konfig\u00fcrasyonu, d\u00f6rt ard\u0131\u015f\u0131k MHRA denetimi boyunca tek bir uygunsuzluk olmaks\u0131z\u0131n temiz hava kayd\u0131n\u0131 korudu. VFD h\u0131z mod\u00fclasyonu ayr\u0131ca, sistemin ger\u00e7ek talep profilimize g\u00f6re do\u011fru boyutland\u0131r\u0131lmas\u0131n\u0131 sa\u011flad\u0131; bu da orijinal m\u00fchendislik tahminimizden daha d\u00fc\u015f\u00fck \u00e7\u0131kt\u0131 ve kurulumda \u00f6nemli \u00f6l\u00e7\u00fcde sermaye tasarrufu sa\u011flad\u0131.\u201d<\/p>\n<p style=\"font-size: 13px; color: #19a854; font-weight: bold; margin: 0;\">\u2014 Kalite Sistemleri Y\u00f6neticisi, \u0130la\u00e7 S\u00f6zle\u015fmeli Dolum \u015eirketi, Cambridge<\/p>\n<\/div>\n<\/div>\n<\/div>\n<p><!-- ===== FAQ MODULE ===== --><\/p>\n<div style=\"width: 100%; max-width: 100%; min-width: 100%; box-sizing: border-box; background: #f0f5ff; padding: 44px 5% 40px;\">\n<h2 style=\"font-size: clamp(18px, 2.5vw + 10px, 26px); color: #0a2342; font-weight: bold; margin: 0 0 8px; border-left: 5px solid #2563c0; padding-left: 14px;\">S\u0131k\u00e7a Sorulan Sorular<\/h2>\n<p style=\"font-size: clamp(13px, 1.8vw + 8px, 16px); color: #555; margin: 0 0 24px; line-height: 1.7;\">\u0130ngiltere'deki end\u00fcstriyel al\u0131c\u0131lar, tesis m\u00fchendisleri ve sat\u0131n alma ekiplerinin bas\u0131n\u00e7l\u0131 hava sistemlerini de\u011ferlendirirken sordu\u011fu yayg\u0131n sorular.<\/p>\n<div style=\"display: flex; flex-direction: column; gap: 12px;\">\n<details style=\"background: #fff; border-radius: 8px; border: 1px solid #dde3ee; overflow: hidden;\">\n<summary style=\"padding: 18px 20px; font-size: clamp(14px, 2vw + 8px, 16px); font-weight: bold; color: #0a2342; cursor: pointer; list-style: none; display: flex; justify-content: space-between; align-items: center; user-select: none;\">Bir de\u011fi\u015fken frekansl\u0131 s\u00fcr\u00fcc\u00fcl\u00fc vidal\u0131 hava kompres\u00f6r\u00fcn\u00fcn \u0130ngiltere'de sat\u0131n alma ve kurulum maliyeti ne kadard\u0131r ve end\u00fcstriyel bir \u00fcnite i\u00e7in tipik fiyat aral\u0131\u011f\u0131 nedir?<span style=\"font-size: 20px; color: #2563c0; margin-left: 12px;\">+<\/span><\/summary>\n<div style=\"padding: 0 20px 18px; font-size: clamp(13px, 1.8vw + 8px, 16px); color: #444; line-height: 1.8; border-top: 1px solid #eef0f8;\">Birle\u015fik Krall\u0131k pazar\u0131nda, 55 kW ile 160 kW g\u00fc\u00e7 aral\u0131\u011f\u0131ndaki bir VFD d\u00f6ner vidal\u0131 hava kompres\u00f6r\u00fcn\u00fcn yat\u0131r\u0131m fiyat\u0131, \u00f6zelliklerine, aksesuarlar\u0131na (kurutucu, filtreleme, al\u0131c\u0131, \u0131s\u0131 geri kazan\u0131m\u0131) ve ATEX veya di\u011fer sertifikalar\u0131n gerekli olup olmad\u0131\u011f\u0131na ba\u011fl\u0131 olarak genellikle 18.000 \u00a3 ile 65.000 \u00a3 aras\u0131nda de\u011fi\u015fmektedir. Kurulum maliyetleri (elektrik beslemesi, boru tesisat\u0131, akustik muhafaza modifikasyonlar\u0131 ve devreye alma) genellikle ekipman maliyetine ila oran\u0131nda ekleme yapar. Ever Power, rekabet\u00e7i fabrika \u00e7\u0131k\u0131\u015f fiyatlar\u0131 sunar ve Birle\u015fik Krall\u0131k i\u00e7i nakliye ve lojistik i\u015flemleri, \u00f6zel da\u011f\u0131t\u0131m orta\u011f\u0131m\u0131z taraf\u0131ndan ger\u00e7ekle\u015ftirilir. Belirli g\u00fc\u00e7, ak\u0131\u015f ve bas\u0131n\u00e7 gereksinimlerinize g\u00f6re uyarlanm\u0131\u015f resmi bir fiyat teklifi i\u00e7in sat\u0131\u015f ekibimizle ileti\u015fime ge\u00e7in.<\/div>\n<\/details>\n<details style=\"background: #fff; border-radius: 8px; border: 1px solid #dde3ee; overflow: hidden;\">\n<summary style=\"padding: 18px 20px; font-size: clamp(14px, 2vw + 8px, 16px); font-weight: bold; color: #0a2342; cursor: pointer; list-style: none; display: flex; justify-content: space-between; align-items: center; user-select: none;\">Hangi t\u00fcr end\u00fcstriyel <a href=\"https:\/\/hzpt.com\/air-compressor\/#gsc.tab=0\" target=\"_blank\" rel=\"noopener\">hava kompres\u00f6r\u00fc<\/a> Birle\u015fik Krall\u0131k'taki bir sac metal i\u015fleme at\u00f6lyesinde kullan\u0131lan lazer kesim makinesi i\u00e7in en uygun se\u00e7enek hangisidir?<span style=\"font-size: 20px; color: #2563c0; margin-left: 12px;\">+<\/span><\/summary>\n<div style=\"padding: 0 20px 18px; font-size: clamp(13px, 1.8vw + 8px, 16px); color: #444; line-height: 1.8; border-top: 1px solid #eef0f8;\">Birle\u015fik Krall\u0131k'taki sac metal imalat ortam\u0131nda 3 kW'\u0131n \u00fczerinde \u00e7al\u0131\u015fan fiber lazer kesim makineleri i\u00e7in en uygun se\u00e7im, so\u011futucu kurutucu ile e\u015fle\u015ftirilmi\u015f bir VFD d\u00f6ner vidal\u0131 kompres\u00f6r (genel \u00e7elik kesimi i\u00e7in) veya kenar oksidasyonunun endi\u015fe kayna\u011f\u0131 oldu\u011fu paslanmaz \u00e7elik, al\u00fcminyum ve titanyum kesimi i\u00e7in -40\u00b0C bas\u0131n\u00e7 \u00e7i\u011f noktas\u0131 sa\u011flayan \u0131s\u0131tmas\u0131z kurutucu (\u0131s\u0131tmas\u0131z kurutucu) kullanmakt\u0131r. \u00c7al\u0131\u015fma bas\u0131nc\u0131, boru hatt\u0131 bas\u0131n\u00e7 kay\u0131plar\u0131n\u0131 kar\u015f\u0131lamak i\u00e7in gerekli maksimum kesim destek gaz\u0131 bas\u0131nc\u0131n\u0131n 1,5 bar \u00fczerinde boyutland\u0131r\u0131lmal\u0131d\u0131r. Y\u00fcksek verimli birle\u015ftirici filtreli ya\u011f enjeksiyonlu VFD \u00fcniteleri \u00e7o\u011fu \u00e7elik lazer uygulamas\u0131 i\u00e7in uygundur; mercek kirlenmesi riskinin tamamen ortadan kald\u0131r\u0131lmas\u0131 gereken durumlarda ya\u011fs\u0131z konfig\u00fcrasyonlar belirtilir.<\/div>\n<\/details>\n<details style=\"background: #fff; border-radius: 8px; border: 1px solid #dde3ee; overflow: hidden;\">\n<summary style=\"padding: 18px 20px; font-size: clamp(14px, 2vw + 8px, 16px); font-weight: bold; color: #0a2342; cursor: pointer; list-style: none; display: flex; justify-content: space-between; align-items: center; user-select: none;\">Birmingham veya Bat\u0131 Midlands'da yerinde ke\u015fif ve h\u0131zl\u0131 teslimat yapabilen g\u00fcvenilir bir end\u00fcstriyel hava kompres\u00f6r\u00fc tedarik\u00e7isini nerede bulabilirim?<span style=\"font-size: 20px; color: #2563c0; margin-left: 12px;\">+<\/span><\/summary>\n<div style=\"padding: 0 20px 18px; font-size: clamp(13px, 1.8vw + 8px, 16px); color: #444; line-height: 1.8; border-top: 1px solid #eef0f8;\">Ever Power, Birle\u015fik Krall\u0131k da\u011f\u0131t\u0131m ve lojistik ortakl\u0131\u011f\u0131m\u0131z arac\u0131l\u0131\u011f\u0131yla Birmingham, Coventry, Wolverhampton ve daha geni\u015f Bat\u0131 Midlands b\u00f6lgesindeki \u00fcretim tesislerine bas\u0131n\u00e7l\u0131 hava sistemleri tedarik etmektedir. 37 kW'\u0131n \u00fczerinde kapasiteye sahip nitelikli projeler i\u00e7in \u00fccretsiz saha incelemesi ve bas\u0131n\u00e7l\u0131 hava denetimi sunuyoruz. Midlands ba\u011flant\u0131l\u0131 envanter merkezimizden Birmingham ve \u00e7evresindeki posta kodlar\u0131na teslimat, standart konfig\u00fcrasyonlar i\u00e7in genellikle be\u015f ila on i\u015f g\u00fcn\u00fc s\u00fcrer; ekspres kargo se\u00e7ene\u011fi de mevcuttur. Saha ziyareti ve sistem de\u011ferlendirmesi ayarlamak i\u00e7in sales@air-compressor-for-laser-cutter.com adresinden ekibimizle ileti\u015fime ge\u00e7in.<\/div>\n<\/details>\n<details style=\"background: #fff; border-radius: 8px; border: 1px solid #dde3ee; overflow: hidden;\">\n<summary style=\"padding: 18px 20px; font-size: clamp(14px, 2vw + 8px, 16px); font-weight: bold; color: #0a2342; cursor: pointer; list-style: none; display: flex; justify-content: space-between; align-items: center; user-select: none;\">Birle\u015fik Krall\u0131k'taki bir ila\u00e7 \u00fcretim tesisinin bas\u0131n\u00e7l\u0131 hava kayna\u011f\u0131ndan hangi hava safl\u0131k s\u0131n\u0131f\u0131na ihtiyac\u0131 vard\u0131r ve ISO 8573-1 bu duruma nas\u0131l uygulan\u0131r?<span style=\"font-size: 20px; color: #2563c0; margin-left: 12px;\">+<\/span><\/summary>\n<div style=\"padding: 0 20px 18px; font-size: clamp(13px, 1.8vw + 8px, 16px); color: #444; line-height: 1.8; border-top: 1px solid #eef0f8;\">Birle\u015fik Krall\u0131k'ta MHRA lisans\u0131 ve AB GMP (Birle\u015fik Krall\u0131k yasalar\u0131nda korunmu\u015ftur) kapsam\u0131nda faaliyet g\u00f6steren ila\u00e7 \u00fcreticileri, havan\u0131n \u00fcr\u00fcnle veya birincil ambalaj\u0131yla temas etti\u011fi veya temas edebilece\u011fi herhangi bir i\u015flem noktas\u0131na ISO 8573-1 S\u0131n\u0131f 1 veya S\u0131n\u0131f 0 bas\u0131n\u00e7l\u0131 hava sa\u011flamak zorundad\u0131r. S\u0131n\u0131f 0, en hassas uygulamalar i\u00e7in 0,01 mg\/m\u00b3'\u00fcn alt\u0131nda ya\u011f i\u00e7eri\u011fi, S\u0131n\u0131f 1 seviyesinde 0,1 mikronun alt\u0131nda partik\u00fcl ve -70\u00b0C'nin alt\u0131nda bas\u0131n\u00e7 \u00e7i\u011f noktas\u0131 belirtir. S\u0131n\u0131f 1 (0,003 mg\/m\u00b3 ya\u011f, 0,1 mikron partik\u00fcl), \u00e7o\u011fu API dolum ve tablet kaplama i\u015flemi i\u00e7in yeterlidir. Ever Power'\u0131n ya\u011fs\u0131z \u00e7ift vidal\u0131 serisi, aktif karbon son i\u015flemine gerek kalmadan bu de\u011ferlere ula\u015farak, MHRA d\u00fczenlemelerine tabi tesisler i\u00e7in en basit ve denetlenebilir \u015fekilde temiz bas\u0131n\u00e7l\u0131 hava \u00e7\u00f6z\u00fcm\u00fcn\u00fc sunar.<\/div>\n<\/details>\n<details style=\"background: #fff; border-radius: 8px; border: 1px solid #dde3ee; overflow: hidden;\">\n<summary style=\"padding: 18px 20px; font-size: clamp(14px, 2vw + 8px, 16px); font-weight: bold; color: #0a2342; cursor: pointer; list-style: none; display: flex; justify-content: space-between; align-items: center; user-select: none;\">Birle\u015fik Krall\u0131k'taki bir fabrika, sabit h\u0131zl\u0131 pistonlu kompres\u00f6rden de\u011fi\u015fken frekansl\u0131 s\u00fcr\u00fcc\u00fcl\u00fc d\u00f6ner vidal\u0131 kompres\u00f6re ge\u00e7erek ne kadar enerji tasarrufu sa\u011flayabilir?<span style=\"font-size: 20px; color: #2563c0; margin-left: 12px;\">+<\/span><\/summary>\n<div style=\"padding: 0 20px 18px; font-size: clamp(13px, 1.8vw + 8px, 16px); color: #444; line-height: 1.8; border-top: 1px solid #eef0f8;\">Sabit h\u0131zl\u0131 pistonlu kompres\u00f6r\u00fcn modern bir VFD d\u00f6ner vidal\u0131 makineyle de\u011fi\u015ftirilmesi durumunda elde edilen tipik enerji tasarrufu, tesisin y\u00fck profiline ba\u011fl\u0131 olarak ila aras\u0131nda de\u011fi\u015fmektedir. Sabit h\u0131zl\u0131 pistonlu \u00fcniteler, \u00e7al\u0131\u015fma s\u00fcrelerinin b\u00fcy\u00fck bir b\u00f6l\u00fcm\u00fcn\u00fc y\u00fcks\u00fcz durumda ge\u00e7irir ve tam y\u00fck g\u00fcc\u00fcn\u00fcn ila 'sini t\u00fcketirken hi\u00e7bir faydal\u0131 hava \u00fcretmezler. VFD vidal\u0131 kompres\u00f6rler, ger\u00e7ek talebe uyacak \u015fekilde h\u0131z\u0131 ayarlayarak y\u00fcks\u00fcz \u00e7al\u0131\u015fma kay\u0131plar\u0131n\u0131 tamamen ortadan kald\u0131r\u0131r. \u0130ngiltere'deki end\u00fcstriyel elektrik tarifelerinde ortalama 27 p\/kWh fiyatla, g\u00fcnde iki vardiya \u00e7al\u0131\u015fan 90 kW'l\u0131k bir tesis, yaln\u0131zca elektrikten y\u0131lda 15.000 ila 24.000 \u00a3 aras\u0131nda tasarruf sa\u011flayabilir; bu da VFD \u00fcnitesine yap\u0131lan sermaye primini genellikle 18 ila 30 ay i\u00e7inde geri kazand\u0131r\u0131r.<\/div>\n<\/details>\n<details style=\"background: #fff; border-radius: 8px; border: 1px solid #dde3ee; overflow: hidden;\">\n<summary style=\"padding: 18px 20px; font-size: clamp(14px, 2vw + 8px, 16px); font-weight: bold; color: #0a2342; cursor: pointer; list-style: none; display: flex; justify-content: space-between; align-items: center; user-select: none;\">Birle\u015fik Krall\u0131k Kuzey Denizi tedarik zincirinde a\u00e7\u0131k deniz veya ATEX b\u00f6lgesi uygulamas\u0131 i\u00e7in \u00f6zel olarak yap\u0131land\u0131r\u0131lm\u0131\u015f bir hava kompres\u00f6r\u00fc i\u00e7in resmi fiyat teklifini ne zaman istemeliyim?<span style=\"font-size: 20px; color: #2563c0; margin-left: 12px;\">+<\/span><\/summary>\n<div style=\"padding: 0 20px 18px; font-size: clamp(13px, 1.6vw + 8px, 15px); color: #444; line-height: 1.8; border-top: 1px solid #eef0f8;\">ATEX ve a\u00e7\u0131k deniz projeleri, \u00fc\u00e7\u00fcnc\u00fc taraf sertifikasyonu, ATEX b\u00f6lge s\u0131n\u0131fland\u0131rma dok\u00fcmantasyonu ve \u00f6zel malzeme gereksinimleri (\u00f6rne\u011fin, hidrojen varl\u0131\u011f\u0131n\u0131n risk olu\u015fturdu\u011fu bak\u0131r i\u00e7ermeyen al\u00fcminyum ala\u015f\u0131mlar\u0131) nedeniyle daha uzun teslim s\u00fcreleri gerektirir. \u00d6zel bir ATEX B\u00f6lge 1 veya B\u00f6lge 2 spesifikasyonu i\u00e7in, gerekli saha ba\u015flang\u0131\u00e7 \u200b\u200btarihinizden en az 12 ila 16 hafta \u00f6nce bir tedarik\u00e7iyle ileti\u015fime ge\u00e7meniz \u00f6nerilir. Ever Power, b\u00f6lge s\u0131n\u0131fland\u0131rma \u00e7izimleri mevcut oldu\u011funda, HAZOP tamamland\u0131ktan sonra teknik sorgulamay\u0131 ba\u015flatman\u0131z\u0131 \u00f6nerir. Teknik ekibimiz, b\u00f6lge \u00e7izimlerinizi ve hava talebi verilerinizi ald\u0131ktan sonra be\u015f i\u015f g\u00fcn\u00fc i\u00e7inde \u00f6n-FEED spesifikasyonu ve b\u00fct\u00e7e maliyet tahmini haz\u0131rlayabilir.<\/div>\n<\/details>\n<details style=\"background: #fff; border-radius: 8px; border: 1px solid #dde3ee; overflow: hidden;\">\n<summary style=\"padding: 18px 20px; font-size: clamp(14px, 2vw + 8px, 16px); font-weight: bold; color: #0a2342; cursor: pointer; list-style: none; display: flex; justify-content: space-between; align-items: center; user-select: none;\">Birle\u015fik Krall\u0131k sa\u011fl\u0131k ve g\u00fcvenlik yasalar\u0131na g\u00f6re end\u00fcstriyel hava kompres\u00f6rlerinin bak\u0131m ve onar\u0131m\u0131ndan kim sorumludur ve denetim gereklilikleri nelerdir?<span style=\"font-size: 20px; color: #2563c0; margin-left: 12px;\">+<\/span><\/summary>\n<div style=\"padding: 0 20px 18px; font-size: clamp(13px, 1.6vw + 8px, 15px); color: #444; line-height: 1.8; border-top: 1px solid #eef0f8;\">2000 Bas\u0131n\u00e7l\u0131 Sistemler G\u00fcvenlik Y\u00f6netmeli\u011fi (PSSR 2000) uyar\u0131nca, 250 bar-litrenin \u00fczerindeki bas\u0131n\u00e7l\u0131 hava tanklar\u0131n\u0131 da i\u00e7eren her t\u00fcrl\u00fc bas\u0131n\u00e7l\u0131 sistem, genellikle UKAS onayl\u0131 bir denetim kurulu\u015funda g\u00f6revli yetkili bir m\u00fchendis taraf\u0131ndan haz\u0131rlanm\u0131\u015f veya incelenmi\u015f Yaz\u0131l\u0131 Muayene \u015eemas\u0131na sahip olmal\u0131d\u0131r. Y\u00fck\u00fcml\u00fcl\u00fck sahibi (sistemden sorumlu i\u015fveren veya serbest meslek sahibi), \u015feman\u0131n takip edilmesini ve periyodik yasal muayenelerin yap\u0131lmas\u0131n\u0131 ve belgelendirilmesini sa\u011flamaktan yasal olarak sorumludur. Tanklar\u0131n muayenesi genellikle 26 aydan daha uzun olmayan aral\u0131klarla yap\u0131lmal\u0131d\u0131r. Ever Power, t\u00fcm bas\u0131n\u00e7l\u0131 tanklara kaynak muayene kay\u0131tlar\u0131, bas\u0131n\u00e7 testi sertifikalar\u0131 ve PSSR 2000 Yaz\u0131l\u0131 \u015eemas\u0131 haz\u0131rl\u0131\u011f\u0131n\u0131 desteklemek i\u00e7in gerekli veriler de dahil olmak \u00fczere eksiksiz teknik dok\u00fcmantasyon paketleri sa\u011flamaktad\u0131r.<\/div>\n<\/details>\n<\/div>\n<\/div>\n<p><!-- ===== CLOSING CTA ===== --><\/p>\n<div style=\"width: 100%; max-width: 100%; min-width: 100%; box-sizing: border-box; background: linear-gradient(135deg, #0a2342 0%, #1a4a8a 60%, #2563c0 100%); padding: 44px 5% 44px; text-align: center;\">\n<p style=\"font-size: clamp(18px, 2.5vw + 10px, 28px); color: #fff; font-weight: 800; margin: 0 0 12px; letter-spacing: -0.3px;\">\u0130ngiliz Sanayisi \u0130\u00e7in Tasarlanm\u0131\u015f Bas\u0131n\u00e7l\u0131 Hava Sistemleri<\/p>\n<p style=\"font-size: clamp(13px, 1.8vw + 8px, 17px); color: #b8d9f7; margin: 0 0 28px; line-height: 1.7; max-width: 600px; margin-left: auto; margin-right: auto;\">\u00dccretsiz bas\u0131n\u00e7l\u0131 hava sistemi de\u011ferlendirmesi, enerji denetimi ve resmi fiyat teklifi i\u00e7in bug\u00fcn Ever Power'\u0131n teknik ekibiyle ileti\u015fime ge\u00e7in. Birmingham, Sheffield, Manchester, Leeds, Cambridge, Edinburgh ve t\u00fcm Birle\u015fik Krall\u0131k b\u00f6lgelerindeki \u00fcretim tesislerine hizmet vermekteyiz.<\/p>\n<p><a style=\"display: inline-block; background: #f7941d; color: #fff; font-size: clamp(14px, 2vw + 8px, 18px); font-weight: bold; padding: 16px 48px; border-radius: 5px; text-decoration: none; letter-spacing: 1px; box-shadow: 0 4px 22px rgba(247,148,29,0.45);\" href=\"mailto:sales@air-compressor-for-laser-cutter.com\">\ud83d\udce7 \u00dccretsiz Sistem De\u011ferlendirmesi Talebinde Bulunun<\/a><\/p>\n<p style=\"font-size: 13px; color: #7ec8f7; margin: 18px 0 0;\">sales@air-compressor-for-laser-cutter.com | Ever Power End\u00fcstriyel Ekipman<\/p>\n<\/div>\n<p><!-- Edit tag --><\/p>\n<div style=\"width: 100%; max-width: 100%; min-width: 100%; box-sizing: border-box; background: #f4f6f9; padding: 10px 5%; text-align: right;\">\n<p style=\"font-size: 12px; color: #aaa; margin: 0;\">gzl taraf\u0131ndan d\u00fczenlendi<\/p>\n<\/div>\n<\/div>","protected":false},"excerpt":{"rendered":"<p>Ever Power Industrial Equipment Industrial Air Compressors for UK Manufacturing Operations Precision-engineered compressed air solutions for automotive, food processing, laser cutting, pharmaceutical, and heavy engineering sectors across the United Kingdom. \u2709\u00a0 Get a Quote Why Compressed Air Infrastructure Is the Backbone of British Industry Across Birmingham&#8217;s precision engineering corridors, Sheffield&#8217;s advanced steel fabrication plants, and [&hellip;]<\/p>","protected":false},"author":1,"featured_media":0,"comment_status":"closed","ping_status":"closed","sticky":false,"template":"","format":"standard","meta":{"_et_pb_use_builder":"","_et_pb_old_content":"","_et_gb_content_width":"","footnotes":""},"categories":[18],"tags":[],"class_list":["post-652","post","type-post","status-publish","format-standard","hentry","category-application"],"_links":{"self":[{"href":"https:\/\/air-compressor-for-laser-cutter.com\/tr\/wp-json\/wp\/v2\/posts\/652","targetHints":{"allow":["GET"]}}],"collection":[{"href":"https:\/\/air-compressor-for-laser-cutter.com\/tr\/wp-json\/wp\/v2\/posts"}],"about":[{"href":"https:\/\/air-compressor-for-laser-cutter.com\/tr\/wp-json\/wp\/v2\/types\/post"}],"author":[{"embeddable":true,"href":"https:\/\/air-compressor-for-laser-cutter.com\/tr\/wp-json\/wp\/v2\/users\/1"}],"replies":[{"embeddable":true,"href":"https:\/\/air-compressor-for-laser-cutter.com\/tr\/wp-json\/wp\/v2\/comments?post=652"}],"version-history":[{"count":4,"href":"https:\/\/air-compressor-for-laser-cutter.com\/tr\/wp-json\/wp\/v2\/posts\/652\/revisions"}],"predecessor-version":[{"id":727,"href":"https:\/\/air-compressor-for-laser-cutter.com\/tr\/wp-json\/wp\/v2\/posts\/652\/revisions\/727"}],"wp:attachment":[{"href":"https:\/\/air-compressor-for-laser-cutter.com\/tr\/wp-json\/wp\/v2\/media?parent=652"}],"wp:term":[{"taxonomy":"category","embeddable":true,"href":"https:\/\/air-compressor-for-laser-cutter.com\/tr\/wp-json\/wp\/v2\/categories?post=652"},{"taxonomy":"post_tag","embeddable":true,"href":"https:\/\/air-compressor-for-laser-cutter.com\/tr\/wp-json\/wp\/v2\/tags?post=652"}],"curies":[{"name":"wp","href":"https:\/\/api.w.org\/{rel}","templated":true}]}}