{"id":651,"date":"2026-07-24T05:24:25","date_gmt":"2026-07-24T05:24:25","guid":{"rendered":"https:\/\/air-compressor-for-laser-cutter.com\/?p=651"},"modified":"2026-07-24T09:19:27","modified_gmt":"2026-07-24T09:19:27","slug":"lazer-kesim-ve-hassas-imalat-icin-endustriyel-hava-kompresorleri-ingiltere-teknik-kilavuzu","status":"publish","type":"post","link":"https:\/\/air-compressor-for-laser-cutter.com\/tr\/basvuru\/lazer-kesim-ve-hassas-imalat-icin-endustriyel-hava-kompresorleri-ingiltere-teknik-kilavuzu\/","title":{"rendered":"Lazer Kesim ve Hassas \u0130malat i\u00e7in End\u00fcstriyel Hava Kompres\u00f6rleri: \u0130ngiltere Teknik K\u0131lavuzu"},"content":{"rendered":"<div style=\"font-family: 'Segoe UI', Arial, sans-serif; font-size: clamp(14px, 2vw + 10px, 18px); color: #222; line-height: 1.8; max-width: 100%; min-width: 100%; width: 100%; box-sizing: border-box; word-break: break-word; overflow-wrap: break-word;\">\n<div style=\"width: 100%; max-width: 100%; min-width: 100%; background: linear-gradient(135deg, #0a1628 0%, #1a3a5c 50%, #0d2444 100%); padding: 3% 4%; box-sizing: border-box; border-radius: 0 0 12px 12px; position: relative; overflow: hidden;\">\n<div style=\"position: relative; z-index: 1;\">\n<div style=\"display: inline-block; background: rgba(0,180,255,0.15); border: 1px solid rgba(0,180,255,0.4); border-radius: 20px; padding: 4px 16px; margin-bottom: 14px;\"><span style=\"color: #00b4ff; font-size: clamp(11px, 1.5vw, 13px); letter-spacing: 2px; text-transform: uppercase; font-weight: 600;\">End\u00fcstriyel Hava Sistemleri \u2014 \u0130ngiltere Pazar\u0131<\/span><\/div>\n<h2 style=\"color: #ffffff; font-size: clamp(22px, 4vw, 42px); font-weight: 800; margin: 0 0 16px 0; line-height: 1.2; letter-spacing: -0.5px;\">Lazer Kesim ve Hassas \u0130malat i\u00e7in End\u00fcstriyel Hava Kompres\u00f6rleri: \u0130ngiltere Teknik K\u0131lavuzu<\/h2>\n<p style=\"color: rgba(255,255,255,0.75); font-size: clamp(13px, 1.8vw, 16px); margin: 0; max-width: 720px;\">\u00c7al\u0131\u015fma prensipleri, malzeme bilimi, performans parametreleri, \u0130ngiltere'deki end\u00fcstriyel uygulamalar ve Ever Power'\u0131n \u00f6zel \u00e7\u00f6z\u00fcmlerini kapsar.<\/p>\n<\/div>\n<\/div>\n<div style=\"width: 100%; max-width: 100%; min-width: 100%; padding: 2% 0; box-sizing: border-box;\">\n<div style=\"overflow: hidden; margin-bottom: 24px;\">\n<p><img decoding=\"async\" class=\"\" style=\"float: left; width: 222px; max-width: 380px; margin: 0px 24px 16px 0px; border-radius: 10px; box-shadow: rgba(0, 0, 0, 0.18) 0px 6px 24px; display: block;\" src=\"https:\/\/air-compressor-for-laser-cutter.com\/wp-content\/uploads\/2026\/03\/ep-air-compressor-for-laser-cutter-1.webp\" alt=\"Lazer kesim i\u00e7in Ever Power end\u00fcstriyel hava kompres\u00f6r\u00fc\" height=\"222\" \/><\/p>\n<p style=\"color: #333; font-size: clamp(14px, 2vw, 17px); line-height: 1.9; margin: 0 0 16px 0;\">Birmingham'\u0131n hassas m\u00fchendislik koridorlar\u0131ndan Sheffield'in geli\u015fmi\u015f imalat at\u00f6lyelerine ve Do\u011fu Midlands'e uzanan havac\u0131l\u0131k tedarik zincirlerine kadar \u0130ngiliz imalat sekt\u00f6r\u00fcn\u00fcn tamam\u0131nda, g\u00fcvenilir ve y\u00fcksek performansl\u0131 hava kompres\u00f6rlerine olan talep hi\u00e7 bu kadar kritik olmam\u0131\u015ft\u0131. Lazer kesim teknolojisi, modern sac i\u015fleme, otomotiv bile\u015fen \u00fcretimi ve elektronik kasa \u00fcretiminde giderek daha merkezi bir rol oynarken, bu makineleri besleyen bas\u0131n\u00e7l\u0131 hava sistemi, \u00fcretimin sorunsuz bir \u015fekilde devam edip etmeyece\u011fini veya tamamen durma noktas\u0131na gelip gelmeyece\u011fini belirler. Bir hava kompres\u00f6r\u00fc, bir yard\u0131mc\u0131 ara\u00e7tan \u00e7ok daha fazlas\u0131d\u0131r; kesim kalitesini, \u00e7evrim s\u00fcresini, nozul \u00f6mr\u00fcn\u00fc ve lazer \u0131\u015f\u0131n yolunun optik temizli\u011fini do\u011frudan etkileyen, \u00fcretim a\u00e7\u0131s\u0131ndan kritik bir varl\u0131kt\u0131r. Yanl\u0131\u015f \u00fcnite se\u00e7imi, kirlenmi\u015f yard\u0131mc\u0131 gaz, termal lens bozulmas\u0131 ve pahal\u0131 plans\u0131z ar\u0131za s\u00fcreleri anlam\u0131na gelir; bu sonu\u00e7lar, g\u00fcn\u00fcm\u00fcz\u00fcn rekabet\u00e7i ihracat ortam\u0131nda hi\u00e7bir \u0130ngiliz \u00fcreticisinin g\u00f6ze alamayaca\u011f\u0131 sonu\u00e7lard\u0131r.<\/p>\n<p style=\"color: #333; font-size: clamp(14px, 2vw, 17px); line-height: 1.9; margin: 0;\">Bu teknik k\u0131lavuz, \u00f6zellikle Birle\u015fik Krall\u0131k sanayi sekt\u00f6r\u00fcnde faaliyet g\u00f6steren sat\u0131n alma y\u00f6neticileri, tesis m\u00fchendisleri ve operasyon direkt\u00f6rleri i\u00e7in yaz\u0131lm\u0131\u015ft\u0131r. \u0130ster Coventry'de yeni bir lazer kesim h\u00fccresi i\u00e7in bas\u0131n\u00e7l\u0131 hava sistemleri tedarik ediyor olun, ister Leeds'te eski bir pistonlu \u00fcretim tesisini modernize ediyor olun, ister Bat\u0131 Midlands'da \u00e7ok makineli bir tesis i\u00e7in de\u011fi\u015fken frekansl\u0131 s\u00fcr\u00fcc\u00fc teknolojisini de\u011ferlendiriyor olun, buradaki bilgiler size bilin\u00e7li ve ticari a\u00e7\u0131dan sa\u011flam bir karar vermeniz i\u00e7in gerekli m\u00fchendislik temelini sa\u011flayacakt\u0131r.<\/p>\n<\/div>\n<div style=\"clear: both;\"><\/div>\n<p><!-- GET A QUOTE BUTTON --><\/p>\n<div style=\"text-align: center; margin: 28px 0;\"><a style=\"display: inline-block; background: linear-gradient(135deg, #0057b8, #00aaff); color: #fff; font-size: clamp(15px, 2vw, 18px); font-weight: bold; padding: 16px 44px; border-radius: 50px; text-decoration: none; letter-spacing: 0.5px; box-shadow: 0 6px 24px rgba(0,100,220,0.35); transition: transform 0.2s, box-shadow 0.2s;\" href=\"mailto:sales@air-compressor-for-laser-cutter.com\">\u2709 \u00dccretsiz Fiyat Teklifi Al\u0131n \u2014 \u0130ngiltere Sat\u0131\u015f Ekibimizle \u0130leti\u015fime Ge\u00e7in<br \/>\n<\/a><\/div>\n<\/div>\n<p><!-- SECTION 1: WORKING PRINCIPLE --><\/p>\n<div style=\"width: 100%; max-width: 100%; min-width: 100%; margin-bottom: 36px; box-sizing: border-box;\">\n<div style=\"border-left: 5px solid #0057b8; padding-left: 18px; margin-bottom: 20px;\">\n<h2 style=\"color: #0a1628; font-size: clamp(18px, 3vw, 28px); font-weight: bold; margin: 0 0 6px 0;\">Vidal\u0131 Hava Kompres\u00f6r\u00fc Ger\u00e7ekte Nas\u0131l \u00c7al\u0131\u015f\u0131r: M\u00fchendislik Temelleri<\/h2>\n<p style=\"color: #666; font-size: clamp(12px, 1.5vw, 14px); margin: 0;\">\u00c7al\u0131\u015fma Prensibi \u2014 D\u00f6ner \u00c7ift Vidal\u0131 Teknoloji<\/p>\n<\/div>\n<div style=\"display: flex; flex-wrap: wrap; gap: 20px; width: 100%; max-width: 100%; min-width: 100%; box-sizing: border-box;\">\n<div style=\"flex: 1 1 300px; background: #f0f6ff; border-radius: 12px; padding: 3%; box-sizing: border-box; border: 1px solid #d0e4ff; transition: transform 0.25s, box-shadow 0.25s;\">\n<div style=\"font-size: 28px; margin-bottom: 10px;\">\u2699<\/div>\n<p><strong style=\"display: block; color: #0057b8; font-size: clamp(14px, 1.8vw, 16px); margin-bottom: 8px;\">Giri\u015f ve S\u0131zd\u0131rmazl\u0131k A\u015famas\u0131<\/strong><\/p>\n<p style=\"color: #444; margin: 0; font-size: clamp(13px, 1.6vw, 15px); line-height: 1.7;\">Ortam havas\u0131, giri\u015f portunda loblar\u0131 birbirinden ayr\u0131l\u0131rken iki helisel rotor (erkek (tahrik) rotoru ve di\u015fi (ge\u00e7it) rotoru) aras\u0131nda olu\u015fan bo\u015flu\u011fa bir giri\u015f filtresinden \u00e7ekilir. Tipik olarak 5 mikron tolerans dahilinde \u00fcretilen bu kavrama geometrisinin hassasiyeti, hacimsel verimlili\u011fi belirler. Hassas bir \u015fekilde tasarlanm\u0131\u015f ya\u011f enjeksiyon sistemi, rotor bo\u015fluklar\u0131n\u0131 kapatmak, s\u0131k\u0131\u015ft\u0131r\u0131lm\u0131\u015f hava y\u00fck\u00fcn\u00fc so\u011futmak ve yatak y\u00fczeylerini ya\u011flamak i\u00e7in e\u015f zamanl\u0131 olarak kontroll\u00fc bir ya\u011f filmi enjekte ederek t\u00fcm \u00e7al\u0131\u015fma d\u00f6ng\u00fcs\u00fc boyunca termal stresi azalt\u0131r.<\/p>\n<\/div>\n<div style=\"flex: 1 1 300px; background: #f0f6ff; border-radius: 12px; padding: 3%; box-sizing: border-box; border: 1px solid #d0e4ff; transition: transform 0.25s, box-shadow 0.25s;\">\n<div style=\"font-size: 28px; margin-bottom: 10px;\">\ud83d\udcc8<\/div>\n<p><strong style=\"display: block; color: #0057b8; font-size: clamp(14px, 1.8vw, 16px); margin-bottom: 8px;\">S\u0131k\u0131\u015ft\u0131rma A\u015famas\u0131<\/strong><\/p>\n<p style=\"color: #444; margin: 0; font-size: clamp(13px, 1.6vw, 15px); line-height: 1.7;\">Rotorlar d\u00f6nd\u00fck\u00e7e, hava-ya\u011f kar\u0131\u015f\u0131m\u0131 giderek k\u00fc\u00e7\u00fclen loblar aras\u0131 bo\u015fluklarda hapsolur ve eksenel olarak tahliye portuna do\u011fru hareket eder. Bu pozitif deplasman hareketi, eski teknolojinin pistonlu hareketinin aksine, s\u00fcrekli ve darbesizdir. S\u0131k\u0131\u015ft\u0131rma oran\u0131, rotor geometrisi ve port zamanlamas\u0131 ile belirlenir. De\u011fi\u015fken frekansl\u0131 s\u00fcr\u00fcc\u00fc (VFD) \u00fcnitelerinde, motor h\u0131z\u0131, ger\u00e7ek hava talebine uyacak \u015fekilde dinamik olarak ayarlan\u0131r; bu da, \u00fcretim programlar\u0131n\u0131n nadiren sabit oldu\u011fu modern \u0130ngiltere \u00fcretim ortamlar\u0131nda enerji verimlili\u011fi i\u00e7in en \u00f6nemli farkl\u0131la\u015ft\u0131r\u0131c\u0131 unsurdur.<\/p>\n<\/div>\n<div style=\"flex: 1 1 300px; background: #f0f6ff; border-radius: 12px; padding: 3%; box-sizing: border-box; border: 1px solid #d0e4ff; transition: transform 0.25s, box-shadow 0.25s;\">\n<div style=\"font-size: 28px; margin-bottom: 10px;\">\ud83d\udca7<\/div>\n<p><strong style=\"display: block; color: #0057b8; font-size: clamp(14px, 1.8vw, 16px); margin-bottom: 8px;\">Ay\u0131rma ve Bo\u015faltma A\u015famas\u0131<\/strong><\/p>\n<p style=\"color: #444; margin: 0; font-size: clamp(13px, 1.6vw, 15px); line-height: 1.7;\">S\u0131k\u0131\u015ft\u0131r\u0131lm\u0131\u015f hava ve ya\u011f birlikte bir ya\u011f ay\u0131r\u0131c\u0131 tanka akar. \u00c7ok a\u015famal\u0131 bir ay\u0131rma sistemi \u2013 santrif\u00fcj ay\u0131rma ve ard\u0131ndan birle\u015ftirme filtrasyonu \u2013 art\u0131k ya\u011f ta\u015f\u0131n\u0131m\u0131n\u0131 milyonda 3 par\u00e7an\u0131n (ppm) alt\u0131na d\u00fc\u015f\u00fcrerek ISO 8573-1 S\u0131n\u0131f 1 gereksinimlerini kar\u015f\u0131lar. Ayr\u0131lan ya\u011f, yeniden dola\u015f\u0131ma sokulmadan \u00f6nce bir son so\u011futucuda so\u011futulur. S\u0131k\u0131\u015ft\u0131r\u0131lm\u0131\u015f hava ak\u0131m\u0131 daha sonra bir son so\u011futucu, nem ay\u0131r\u0131c\u0131 ve a\u015fa\u011f\u0131 ak\u0131\u015f filtrasyon hatt\u0131ndan ge\u00e7erek lazer kesme makinesinin yard\u0131mc\u0131 gaz giri\u015fine ula\u015f\u0131r; bu da \u0131\u015f\u0131n yolunun, on binlerce sterlin de\u011ferindeki optiklere zarar verebilecek aerosol kirlili\u011finden tamamen ar\u0131nd\u0131r\u0131lmas\u0131n\u0131 sa\u011flar.<\/p>\n<\/div>\n<\/div>\n<\/div>\n<p><!-- SECTION 2: CORE MATERIALS --><\/p>\n<div style=\"width: 100%; max-width: 100%; min-width: 100%; margin-bottom: 36px; box-sizing: border-box; background: linear-gradient(135deg, #0a1628 0%, #1a3a5c 100%); border-radius: 14px; padding: 3% 4%; color: #fff;\">\n<div style=\"border-left: 5px solid #00aaff; padding-left: 18px; margin-bottom: 22px;\">\n<h2 style=\"color: #fff; font-size: clamp(18px, 3vw, 28px); font-weight: bold; margin: 0 0 6px 0;\">End\u00fcstriyel Hava Kompres\u00f6r\u00fc Yap\u0131m\u0131n\u0131n Arkas\u0131ndaki Malzeme Bilimi<\/h2>\n<p style=\"color: rgba(255,255,255,0.6); font-size: clamp(12px, 1.5vw, 14px); margin: 0;\">Temel Malzemeler \u2014 Rotor, G\u00f6vde, Filtrasyon ve S\u0131zd\u0131rmazl\u0131k Bile\u015fenleri<\/p>\n<\/div>\n<div style=\"display: flex; flex-wrap: wrap; gap: 16px;\">\n<div style=\"flex: 1 1 260px; background: rgba(255,255,255,0.07); border: 1px solid rgba(255,255,255,0.15); border-radius: 10px; padding: 3%; box-sizing: border-box; transition: transform 0.25s, background 0.25s;\">\n<div style=\"color: #00aaff; font-weight: bold; font-size: clamp(14px, 1.8vw, 16px); margin-bottom: 8px;\">\u25c6 Rotor Profil Malzemesi<\/div>\n<p style=\"color: rgba(255,255,255,0.8); margin: 0; font-size: clamp(13px, 1.6vw, 15px); line-height: 1.7;\">Y\u00fcksek kaliteli d\u00f6kme demir (GG25 veya e\u015fde\u011feri EN-GJL-250) veya d\u00f6vme \u00e7elik ala\u015f\u0131mlar\u0131, d\u00f6ng\u00fcsel termal y\u00fckleme alt\u0131nda boyutsal kararl\u0131l\u0131k i\u00e7in se\u00e7ilmi\u015f rotor g\u00f6vdesini olu\u015fturur. Krom kapl\u0131 veya DLC (Elmas Benzeri Karbon) kapl\u0131 rotor y\u00fczeyleri s\u00fcrt\u00fcnmeyi \u00f6nemli \u00f6l\u00e7\u00fcde azalt\u0131r, servis aral\u0131klar\u0131n\u0131 40.000 saatin \u00fczerine \u00e7\u0131kar\u0131r ve nemli \u0130ngiltere tesis ortamlar\u0131nda tipik olan mikro korozyona kar\u015f\u0131 diren\u00e7 g\u00f6sterir.<\/p>\n<\/div>\n<div style=\"flex: 1 1 260px; background: rgba(255,255,255,0.07); border: 1px solid rgba(255,255,255,0.15); border-radius: 10px; padding: 3%; box-sizing: border-box; transition: transform 0.25s, background 0.25s;\">\n<div style=\"color: #00aaff; font-weight: bold; font-size: clamp(14px, 1.8vw, 16px); margin-bottom: 8px;\">\u25c6 Kompres\u00f6r Muhafazas\u0131<\/div>\n<p style=\"color: rgba(255,255,255,0.8); margin: 0; font-size: clamp(13px, 1.6vw, 15px); line-height: 1.7;\">Kompres\u00f6r hava u\u00e7lar\u0131, hafif kurulumlar i\u00e7in genellikle hassas d\u00f6k\u00fcm al\u00fcminyum ala\u015f\u0131m\u0131ndan (AlSi10Mg veya A380) veya a\u011f\u0131r hizmet tipi s\u00fcrekli \u00e7al\u0131\u015fma uygulamalar\u0131 i\u00e7in k\u00fcresel d\u00f6kme demirden yap\u0131lm\u0131\u015f g\u00f6vdelere yerle\u015ftirilir. G\u00f6vde geometrisi, 13 bar'a kadar \u00e7al\u0131\u015fma bas\u0131n\u00e7lar\u0131 alt\u0131nda boyutsal do\u011frulu\u011fu korumak, rotor temas\u0131n\u0131 \u00f6nlemek ve makinenin kullan\u0131m \u00f6mr\u00fc boyunca 5 mikronluk bo\u015fluk profilinin korunmas\u0131n\u0131 sa\u011flamak i\u00e7in sonlu eleman analizi kullan\u0131larak bilgisayar ortam\u0131nda optimize edilmi\u015ftir.<\/p>\n<\/div>\n<div style=\"flex: 1 1 260px; background: rgba(255,255,255,0.07); border: 1px solid rgba(255,255,255,0.15); border-radius: 10px; padding: 3%; box-sizing: border-box; transition: transform 0.25s, background 0.25s;\">\n<div style=\"color: #00aaff; font-weight: bold; font-size: clamp(14px, 1.8vw, 16px); margin-bottom: 8px;\">\u25c6 Paslanmaz \u00c7elik Filtrasyon Kaplar\u0131<\/div>\n<p style=\"color: rgba(255,255,255,0.8); margin: 0; font-size: clamp(13px, 1.6vw, 15px); line-height: 1.7;\">A\u015fa\u011f\u0131 ak\u0131\u015f filtre muhafazalar\u0131 ve al\u0131c\u0131 tanklar\u0131, \u0130ngiltere Bas\u0131n\u00e7l\u0131 Sistemler G\u00fcvenlik Y\u00f6netmelikleri (PSSR 2000) kapsam\u0131nda kritik bir uyumluluk gereklili\u011fi olan, ate\u015flemesiz bas\u0131n\u00e7l\u0131 kaplar i\u00e7in BS EN 13445 standard\u0131na uygun olarak 304 veya 316L paslanmaz \u00e7elikten \u00fcretilmi\u015ftir. Paslanmaz \u00e7elik yap\u0131, aksi takdirde lazer kesim destek gaz\u0131 ak\u0131\u015flar\u0131n\u0131 kirletecek ve kesme ba\u015fl\u0131\u011f\u0131n\u0131n i\u00e7indeki hassas optik bile\u015fenlere zarar verecek i\u00e7 pas par\u00e7ac\u0131klar\u0131n\u0131 ortadan kald\u0131r\u0131r.<\/p>\n<\/div>\n<div style=\"flex: 1 1 260px; background: rgba(255,255,255,0.07); border: 1px solid rgba(255,255,255,0.15); border-radius: 10px; padding: 3%; box-sizing: border-box; transition: transform 0.25s, background 0.25s;\">\n<div style=\"color: #00aaff; font-weight: bold; font-size: clamp(14px, 1.8vw, 16px); margin-bottom: 8px;\">\u25c6 Rulman ve S\u0131zd\u0131rmazl\u0131k Elemanlar\u0131<\/div>\n<p style=\"color: rgba(255,255,255,0.8); margin: 0; font-size: clamp(13px, 1.6vw, 15px); line-height: 1.7;\">ABEC-5 hassasiyet s\u0131n\u0131f\u0131na g\u00f6re derecelendirilmi\u015f konik makaral\u0131 rulmanlar, rotor itme kuvvetinden kaynaklanan birle\u015fik radyal ve eksenel y\u00fckleri kar\u015f\u0131lar. Mil ke\u00e7eleri - tipik olarak nitril kau\u00e7uk (NBR) veya floroelastomer (FKM\/Viton) dudak ke\u00e7eleri - sentetik polialfaolefin (PAO) kompres\u00f6r ya\u011flay\u0131c\u0131lar\u0131yla kimyasal olarak uyumlu olmal\u0131d\u0131r. FKM ke\u00e7eleri, \u0131s\u0131 ya\u015flanmas\u0131na ve hidrokarbon \u015fi\u015fmesine kar\u015f\u0131 \u00fcst\u00fcn diren\u00e7leri nedeniyle y\u00fcksek bas\u0131n\u00e7l\u0131 (10+ bar) uygulamalar i\u00e7in \u015fiddetle tavsiye edilir; bu iki fakt\u00f6r de uzun s\u00fcreli \u0130ngiltere \u00e7al\u0131\u015fma programlar\u0131nda s\u0131zd\u0131rmazl\u0131k performans\u0131n\u0131 d\u00fc\u015f\u00fcr\u00fcr.<\/p>\n<\/div>\n<\/div>\n<p>&nbsp;<\/p>\n<p><img loading=\"lazy\" decoding=\"async\" class=\"alignnone size-full wp-image-371\" src=\"https:\/\/air-compressor-for-laser-cutter.com\/wp-content\/uploads\/2026\/03\/ep-Stainless-Steel-Gas-Tank-for-Air-Compressor-Post-processing-Equipment-2-1.webp\" alt=\"hava kompres\u00f6r\u00fc\" width=\"1680\" height=\"608\" srcset=\"https:\/\/air-compressor-for-laser-cutter.com\/wp-content\/uploads\/2026\/03\/ep-Stainless-Steel-Gas-Tank-for-Air-Compressor-Post-processing-Equipment-2-1.webp 1680w, https:\/\/air-compressor-for-laser-cutter.com\/wp-content\/uploads\/2026\/03\/ep-Stainless-Steel-Gas-Tank-for-Air-Compressor-Post-processing-Equipment-2-1-1280x463.webp 1280w, https:\/\/air-compressor-for-laser-cutter.com\/wp-content\/uploads\/2026\/03\/ep-Stainless-Steel-Gas-Tank-for-Air-Compressor-Post-processing-Equipment-2-1-980x355.webp 980w, https:\/\/air-compressor-for-laser-cutter.com\/wp-content\/uploads\/2026\/03\/ep-Stainless-Steel-Gas-Tank-for-Air-Compressor-Post-processing-Equipment-2-1-480x174.webp 480w\" sizes=\"(min-width: 0px) and (max-width: 480px) 480px, (min-width: 481px) and (max-width: 980px) 980px, (min-width: 981px) and (max-width: 1280px) 1280px, (min-width: 1281px) 1680px, 100vw\" \/><\/p>\n<\/div>\n<div style=\"width: 100%; max-width: 100%; min-width: 100%; margin-bottom: 36px; box-sizing: border-box;\">\n<div style=\"border-left: 5px solid #00aa44; padding-left: 18px; margin-bottom: 22px;\">\n<h2 style=\"color: #0a1628; font-size: clamp(18px, 3vw, 28px); font-weight: bold; margin: 0 0 6px 0;\">Modern De\u011fi\u015fken Frekansl\u0131 Vidal\u0131 Hava Kompres\u00f6rlerinin Yedi Temel Teknik Avantaj\u0131<\/h2>\n<p style=\"color: #666; font-size: clamp(12px, 1.5vw, 14px); margin: 0;\">\u00dcr\u00fcn Avantajlar\u0131 \u2014 VFD Vidal\u0131 Sistem Teknolojisinin Sabit H\u0131zl\u0131 ve Pistonlu Alternatiflerden \u00dcst\u00fcn Olmas\u0131n\u0131n Nedenleri<\/p>\n<\/div>\n<div style=\"overflow: hidden; margin-bottom: 24px;\">\n<div style=\"display: flex; flex-wrap: wrap; gap: 14px;\">\n<div style=\"flex: 1 1 280px; background: #fff; border: 1px solid #e0eecc; border-radius: 10px; padding: 3%; box-sizing: border-box; border-top: 4px solid #00aa44; transition: transform 0.25s, box-shadow 0.25s;\">\n<div style=\"font-size: 22px; margin-bottom: 6px;\">\u26a1<\/div>\n<p><strong style=\"display: block; color: #007a2f; font-size: clamp(14px,1.8vw,16px); margin-bottom: 6px;\">VFD Motor Kontrol\u00fc ile 35%'ye kadar Enerji Tasarrufu<\/strong><\/p>\n<p style=\"color: #555; margin: 0; font-size: clamp(13px,1.6vw,15px); line-height: 1.7;\">De\u011fi\u015fken frekansl\u0131 s\u00fcr\u00fcc\u00fcler, ger\u00e7ek zamanl\u0131 hava talebine uyacak \u015fekilde motor devir say\u0131s\u0131n\u0131 s\u00fcrekli olarak ayarlar. Vardiyalar aras\u0131nda talebin dalgaland\u0131\u011f\u0131 tipik bir \u0130ngiliz imalat at\u00f6lyesinde, kompres\u00f6r, sabit h\u0131zl\u0131 \u00fcnitelerin enerji yo\u011fun y\u00fckleme\/bo\u015faltma d\u00f6ng\u00fcs\u00fcnden ka\u00e7\u0131n\u0131r. \u0130ngiltere'deki end\u00fcstriyel elektrik fiyatlar\u0131n\u0131n yakla\u015f\u0131k 25-32p\/kWh oldu\u011fu d\u00fc\u015f\u00fcn\u00fcld\u00fc\u011f\u00fcnde, 75 kW'l\u0131k bir VFD hava kompres\u00f6r\u00fcn\u00fcn enerjiden sadece 251.500 TL tasarruf sa\u011flamas\u0131, makine ba\u015f\u0131na y\u0131ll\u0131k 10.000 \u00a3'dan fazla tasarruf anlam\u0131na gelir; bu rakamlar, sermaye harcamalar\u0131n\u0131 g\u00f6zden ge\u00e7iren herhangi bir finans direkt\u00f6r\u00fc i\u00e7in olduk\u00e7a \u00f6nemlidir.<\/p>\n<\/div>\n<div style=\"flex: 1 1 280px; background: #fff; border: 1px solid #e0eecc; border-radius: 10px; padding: 3%; box-sizing: border-box; border-top: 4px solid #00aa44; transition: transform 0.25s, box-shadow 0.25s;\">\n<div style=\"font-size: 22px; margin-bottom: 6px;\">\ud83d\udcc8<\/div>\n<p><strong style=\"display: block; color: #007a2f; font-size: clamp(14px,1.8vw,16px); margin-bottom: 6px;\">Kararl\u0131 De\u015farj Bas\u0131nc\u0131 \u00b10,1 bar<\/strong><\/p>\n<p style=\"color: #555; margin: 0; font-size: clamp(13px,1.6vw,15px); line-height: 1.7;\">Lazer kesim nozulundaki bas\u0131n\u00e7 dalgalanmalar\u0131, kesim \u00e7evresindeki yard\u0131mc\u0131 gaz kalkan\u0131n\u0131 dengesizle\u015ftirerek tutars\u0131z kesimlere, yumu\u015fak \u00e7elik kenarlar\u0131nda oksidasyona ve paslanmaz malzemede c\u00fcruf yap\u0131\u015fmas\u0131na neden olur. VFD kontrol\u00fc, de\u015farj bas\u0131nc\u0131n\u0131 t\u00fcm ak\u0131\u015f aral\u0131\u011f\u0131 boyunca \u00b10,1 bar tolerans i\u00e7inde tutarak, kesme kafas\u0131ndaki gaz dinamiklerinin CNC kontrol cihaz\u0131nda programland\u0131\u011f\u0131 gibi kalmas\u0131n\u0131 sa\u011flar; bu, y\u00fckleme\/bo\u015faltma sabit h\u0131zl\u0131 kompres\u00f6rlerle elde edilmesi imkans\u0131z bir tutarl\u0131l\u0131k seviyesidir.<\/p>\n<\/div>\n<div style=\"flex: 1 1 280px; background: #fff; border: 1px solid #e0eecc; border-radius: 10px; padding: 3%; box-sizing: border-box; border-top: 4px solid #00aa44; transition: transform 0.25s, box-shadow 0.25s;\">\n<div style=\"font-size: 22px; margin-bottom: 6px;\">\ud83d\udd51<\/div>\n<p><strong style=\"display: block; color: #007a2f; font-size: clamp(14px,1.8vw,16px); margin-bottom: 6px;\">Uzun Servis Aral\u0131\u011f\u0131 \u2014 6.000+ Saat<\/strong><\/p>\n<p style=\"color: #555; margin: 0; font-size: clamp(13px,1.6vw,15px); line-height: 1.7;\">VFD (De\u011fi\u015fken Frekans S\u00fcr\u00fcc\u00fcs\u00fc) ani ba\u015flatma\/durdurma d\u00f6ng\u00fclerini ortadan kald\u0131rd\u0131\u011f\u0131 i\u00e7in, rulman yorgunlu\u011fu \u00f6nemli \u00f6l\u00e7\u00fcde azal\u0131r. Hava-ya\u011f ay\u0131r\u0131c\u0131 elemanlar, ya\u011f filtresi kartu\u015flar\u0131 ve giri\u015f valfi tertibatlar\u0131 tipik olarak 6.000 saatlik servis aral\u0131klar\u0131na ula\u015f\u0131r; bu da yakla\u015f\u0131k 18 ayl\u0131k iki vardiyal\u0131 \u00e7al\u0131\u015fma anlam\u0131na gelir. BS EN ISO 9001 kalite y\u00f6netim hedeflerine ula\u015fmak i\u00e7in \u00e7al\u0131\u015fan \u0130ngiltere'deki \u00fcreticiler i\u00e7in, belgelenmi\u015f uzun servis aral\u0131klar\u0131 hem planl\u0131 bak\u0131m maliyetlerini hem de kritik teslimat d\u00f6nemlerinde beklenmedik \u00fcretim kesintileri olas\u0131l\u0131\u011f\u0131n\u0131 azalt\u0131r.<\/p>\n<\/div>\n<div style=\"flex: 1 1 280px; background: #fff; border: 1px solid #e0eecc; border-radius: 10px; padding: 3%; box-sizing: border-box; border-top: 4px solid #00aa44; transition: transform 0.25s, box-shadow 0.25s;\">\n<div style=\"font-size: 22px; margin-bottom: 6px;\">\ud83d\udd08<\/div>\n<p><strong style=\"display: block; color: #007a2f; font-size: clamp(14px,1.8vw,16px); margin-bottom: 6px;\">D\u00fc\u015f\u00fck G\u00fcr\u00fclt\u00fc Seviyesinde \u00c7al\u0131\u015fma \u2014 65 dB(A)'n\u0131n Alt\u0131nda<\/strong><\/p>\n<p style=\"color: #555; margin: 0; font-size: clamp(13px,1.6vw,15px); line-height: 1.7;\">Birle\u015fik Krall\u0131k'ta 2005 tarihli \u0130\u015fyerinde G\u00fcr\u00fclt\u00fc Kontrol\u00fc Y\u00f6netmeli\u011fi uyar\u0131nca, i\u015fverenler g\u00fcnl\u00fck g\u00fcr\u00fclt\u00fc maruziyeti 80 dB(A)'ya ula\u015ft\u0131\u011f\u0131nda \u00f6nlem almak zorundad\u0131r. Tamamen kapal\u0131 bir kabin i\u00e7inde bulunan, iyi tasarlanm\u0131\u015f bir VFD vidal\u0131 hava kompres\u00f6r\u00fc, bir metre mesafede 65 dB(A)'dan daha az g\u00fcr\u00fclt\u00fc \u00fcretir; bu da alt m\u00fcdahale seviyesinin olduk\u00e7a alt\u0131ndad\u0131r. Bu, ki\u015fisel koruyucu ekipman ba\u011f\u0131ml\u0131l\u0131\u011f\u0131n\u0131 azaltmak, g\u00fcr\u00fclt\u00fc risk de\u011ferlendirmelerini basitle\u015ftirmek ve kompres\u00f6rleri pahal\u0131 boru hatlar\u0131 gerektiren uzak tesis odalar\u0131 yerine \u00fcretim h\u00fccreleri i\u00e7ine yerle\u015ftirmek isteyen Birle\u015fik Krall\u0131k \u00fcreticileri i\u00e7in \u00f6nemli bir operasyonel avantajd\u0131r.<\/p>\n<\/div>\n<\/div>\n<\/div>\n<div style=\"clear: both;\"><\/div>\n<div style=\"display: flex; flex-wrap: wrap; gap: 14px; margin-top: 10px;\">\n<div style=\"flex: 1 1 280px; background: #fff8e6; border: 1px solid #ffe4a0; border-radius: 10px; padding: 3%; box-sizing: border-box; border-top: 4px solid #f5a800; transition: transform 0.25s, box-shadow 0.25s;\">\n<div style=\"font-size: 22px; margin-bottom: 6px;\">\ud83c\udf0a<\/div>\n<p><strong style=\"display: block; color: #a07000; font-size: clamp(14px,1.8vw,16px); margin-bottom: 6px;\">ISO 8573-1 S\u0131n\u0131f 1 Optik Koruma i\u00e7in Hava Temizli\u011fi<\/strong><\/p>\n<p style=\"color: #555; margin: 0; font-size: clamp(13px,1.6vw,15px); line-height: 1.7;\">Uygun bir alt filtreleme sistemiyle (birle\u015ftirici \u00f6n filtre, aktif karbon filtre ve membran veya so\u011futma kurutucu) birlikte kullan\u0131ld\u0131\u011f\u0131nda, bu kompres\u00f6r sistemleri hem partik\u00fcl hem de ya\u011f i\u00e7eri\u011fi a\u00e7\u0131s\u0131ndan 1. S\u0131n\u0131f ya\u011fs\u0131z hava kalitesi sa\u011flar. Bu safl\u0131k seviyesi, y\u00fcksek g\u00fc\u00e7l\u00fc fiber lazer sistemlerinde par\u00e7a ba\u015f\u0131na 800 ila 3.500 \u00a3 aras\u0131nda maliyeti olabilen odaklama lenslerini ve lazer kesim kafalar\u0131n\u0131n i\u00e7indeki koruyucu pencereleri korumak i\u00e7in vazge\u00e7ilmezdir.<\/p>\n<\/div>\n<div style=\"flex: 1 1 280px; background: #fff8e6; border: 1px solid #ffe4a0; border-radius: 10px; padding: 3%; box-sizing: border-box; border-top: 4px solid #f5a800; transition: transform 0.25s, box-shadow 0.25s;\">\n<div style=\"font-size: 22px; margin-bottom: 6px;\">\ud83d\udd27<\/div>\n<p><strong style=\"display: block; color: #a07000; font-size: clamp(14px,1.8vw,16px); margin-bottom: 6px;\">Uzaktan \u0130zleme \u00d6zellikli Ak\u0131ll\u0131 PLC Kontrol\u00fc<\/strong><\/p>\n<p style=\"color: #555; margin: 0; font-size: clamp(13px,1.6vw,15px); line-height: 1.7;\">Modern \u00fcniteler, Siemens veya Schneider PLC kontrol\u00f6rlerini dokunmatik ekranl\u0131 HMI panelleri, Modbus RTU\/TCP ileti\u015fimi ve SCADA entegrasyonunu destekleyen iste\u011fe ba\u011fl\u0131 IoT a\u011f ge\u00e7itleriyle entegre eder. \u00c7ok lokasyonlu \u0130ngiliz \u00fcreticiler i\u00e7in, tesis a\u011f\u0131 genelinde de\u015farj bas\u0131nc\u0131, hava s\u0131cakl\u0131\u011f\u0131, ya\u011f \u00f6mr\u00fc, filtre diferansiyel bas\u0131nc\u0131 ve motor ak\u0131m\u0131n\u0131n merkezi uzaktan izlenmesi, \u00f6ng\u00f6r\u00fcc\u00fc bak\u0131m planlamas\u0131na olanak tan\u0131r; bu da 5 y\u0131ll\u0131k varl\u0131k \u00f6mr\u00fc boyunca reaktif ar\u0131za \u00e7a\u011fr\u0131lar\u0131n\u0131 ve fazla mesai bak\u0131m maliyetlerini \u00f6nemli \u00f6l\u00e7\u00fcde azalt\u0131r.<\/p>\n<\/div>\n<div style=\"flex: 1 1 280px; background: #fff8e6; border: 1px solid #ffe4a0; border-radius: 10px; padding: 3%; box-sizing: border-box; border-top: 4px solid #f5a800; transition: transform 0.25s, box-shadow 0.25s;\">\n<div style=\"font-size: 22px; margin-bottom: 6px;\">\ud83d\ude80<\/div>\n<p><strong style=\"display: block; color: #a07000; font-size: clamp(14px,1.8vw,16px); margin-bottom: 6px;\">CE \u0130\u015faretli \u2014 \u0130ngiltere PSSR 2000 ve UKCA Uyumlu<\/strong><\/p>\n<p style=\"color: #555; margin: 0; font-size: clamp(13px,1.6vw,15px); line-height: 1.7;\">Birle\u015fik Krall\u0131k'a tedarik edilen her kompres\u00f6r sistemi, 2000 tarihli Bas\u0131n\u00e7l\u0131 Sistemler G\u00fcvenlik Y\u00f6netmeli\u011fi'ne (PSSR) uymal\u0131 ve uygun uygunluk i\u015faretini ta\u015f\u0131mal\u0131d\u0131r. Brexit sonras\u0131 d\u00fczenleyici uyum, UKCA i\u015faretlemesinin GB pazar\u0131na sunulan bas\u0131n\u00e7l\u0131 kaplar i\u00e7in standart gereklilik haline gelmesi anlam\u0131na gelmektedir. Sistemlerimiz, eksiksiz teknik dok\u00fcmantasyon paketleri, Yaz\u0131l\u0131 Muayene Plan\u0131 \u015fablonlar\u0131 ve yasal bas\u0131n\u00e7 testi sertifikalar\u0131yla birlikte tedarik edilir; bu da PSSR uyumlulu\u011fundan sorumlu Birle\u015fik Krall\u0131k tesis y\u00f6neticilerinin \u00fczerindeki \u00f6nemli idari y\u00fck\u00fc ortadan kald\u0131r\u0131r.<\/p>\n<\/div>\n<\/div>\n<\/div>\n<p><!-- SECTION 4: PERFORMANCE PARAMETERS TABLE --><\/p>\n<div style=\"width: 100%; max-width: 100%; min-width: 100%; margin-bottom: 36px; box-sizing: border-box;\">\n<div style=\"border-left: 5px solid #c00020; padding-left: 18px; margin-bottom: 20px;\">\n<h2 style=\"color: #0a1628; font-size: clamp(18px, 3vw, 28px); font-weight: bold; margin: 0 0 6px 0;\">Teknik Performans Parametreleri \u2014 End\u00fcstriyel Hava Kompres\u00f6r\u00fc Spesifikasyon Tablosu<\/h2>\n<p style=\"color: #666; font-size: clamp(12px, 1.5vw, 14px); margin: 0;\">7,5 kW ile 250 kW Aral\u0131\u011f\u0131ndaki Modeller \u0130\u00e7in Temel \u00d6l\u00e7\u00fcmler<\/p>\n<\/div>\n<div style=\"overflow-x: auto; width: 100%; max-width: 100%; min-width: 100%; box-sizing: border-box; border-radius: 10px; box-shadow: 0 4px 18px rgba(0,0,0,0.10);\">\n<table style=\"width: 100%; min-width: 620px; border-collapse: collapse; font-size: clamp(12px, 1.5vw, 15px); background: #fff;\">\n<thead>\n<tr style=\"background: linear-gradient(135deg, #0a1628, #1a3a5c); color: #fff;\">\n<th style=\"padding: 14px 12px; text-align: left; font-weight: bold; white-space: nowrap;\">Model \/ G\u00fc\u00e7<\/th>\n<th style=\"padding: 14px 12px; text-align: center; font-weight: bold; white-space: nowrap;\">Serbest Hava Teslimat\u0131 (m\u00b3\/dak)<\/th>\n<th style=\"padding: 14px 12px; text-align: center; font-weight: bold; white-space: nowrap;\">\u00c7al\u0131\u015fma Bas\u0131nc\u0131 (bar)<\/th>\n<th style=\"padding: 14px 12px; text-align: center; font-weight: bold; white-space: nowrap;\">Motor G\u00fcc\u00fc (kW)<\/th>\n<th style=\"padding: 14px 12px; text-align: center; font-weight: bold; white-space: nowrap;\">G\u00fcr\u00fclt\u00fc Seviyesi dB(A)<\/th>\n<th style=\"padding: 14px 12px; text-align: center; font-weight: bold; white-space: nowrap;\">Ya\u011f Ta\u015f\u0131n\u0131m\u0131 (ppm)<\/th>\n<th style=\"padding: 14px 12px; text-align: center; font-weight: bold; white-space: nowrap;\">Rotor Malzemesi<\/th>\n<th style=\"padding: 14px 12px; text-align: center; font-weight: bold; white-space: nowrap;\">S\u00fcr\u00fc\u015f Tipi<\/th>\n<th style=\"padding: 14px 12px; text-align: center; font-weight: bold; white-space: nowrap;\">ISO Safl\u0131k S\u0131n\u0131f\u0131<\/th>\n<\/tr>\n<\/thead>\n<tbody>\n<tr style=\"background: #f7faff;\">\n<td style=\"padding: 12px; font-weight: 600; color: #0057b8;\">EP-7.5A<\/td>\n<td style=\"padding: 12px; text-align: center;\">0,85 \u2013 1,1<\/td>\n<td style=\"padding: 12px; text-align: center;\">7 \/ 8 \/ 10<\/td>\n<td style=\"padding: 12px; text-align: center;\">7.5<\/td>\n<td style=\"padding: 12px; text-align: center;\">&lt;62<\/td>\n<td style=\"padding: 12px; text-align: center;\">&lt;3<\/td>\n<td style=\"padding: 12px; text-align: center;\">D\u00f6kme Demir \/ DLC<\/td>\n<td style=\"padding: 12px; text-align: center;\">Kemer \/ Direkt<\/td>\n<td style=\"padding: 12px; text-align: center;\">1-2. S\u0131n\u0131f<\/td>\n<\/tr>\n<tr style=\"background: #fff;\">\n<td style=\"padding: 12px; font-weight: 600; color: #0057b8;\">EP-15VF<\/td>\n<td style=\"padding: 12px; text-align: center;\">1.6 \u2013 2.4<\/td>\n<td style=\"padding: 12px; text-align: center;\">7 \u2013 13<\/td>\n<td style=\"padding: 12px; text-align: center;\">15<\/td>\n<td style=\"padding: 12px; text-align: center;\">&lt;63<\/td>\n<td style=\"padding: 12px; text-align: center;\">&lt;3<\/td>\n<td style=\"padding: 12px; text-align: center;\">D\u00f6kme Demir \/ DLC<\/td>\n<td style=\"padding: 12px; text-align: center;\">VFD Direkt<\/td>\n<td style=\"padding: 12px; text-align: center;\">1. S\u0131n\u0131f<\/td>\n<\/tr>\n<tr style=\"background: #f7faff;\">\n<td style=\"padding: 12px; font-weight: 600; color: #0057b8;\">EP-37VF<\/td>\n<td style=\"padding: 12px; text-align: center;\">4.2 \u2013 6.8<\/td>\n<td style=\"padding: 12px; text-align: center;\">7 \u2013 13<\/td>\n<td style=\"padding: 12px; text-align: center;\">37<\/td>\n<td style=\"padding: 12px; text-align: center;\">&lt;65<\/td>\n<td style=\"padding: 12px; text-align: center;\">&lt;3<\/td>\n<td style=\"padding: 12px; text-align: center;\">Ala\u015f\u0131ml\u0131 \u00c7elik \/ Krom<\/td>\n<td style=\"padding: 12px; text-align: center;\">VFD Direkt<\/td>\n<td style=\"padding: 12px; text-align: center;\">1. S\u0131n\u0131f<\/td>\n<\/tr>\n<tr style=\"background: #fff;\">\n<td style=\"padding: 12px; font-weight: 600; color: #0057b8; white-space: nowrap;\">CM160PVF<\/td>\n<td style=\"padding: 12px; text-align: center;\">18.0 \u2013 28.0<\/td>\n<td style=\"padding: 12px; text-align: center;\">7 \u2013 13<\/td>\n<td style=\"padding: 12px; text-align: center;\">160<\/td>\n<td style=\"padding: 12px; text-align: center;\">&lt;72<\/td>\n<td style=\"padding: 12px; text-align: center;\">&lt;2<\/td>\n<td style=\"padding: 12px; text-align: center;\">Ala\u015f\u0131ml\u0131 \u00c7elik \/ DLC<\/td>\n<td style=\"padding: 12px; text-align: center;\">VFD Direkt<\/td>\n<td style=\"padding: 12px; text-align: center;\">1. S\u0131n\u0131f<\/td>\n<\/tr>\n<tr style=\"background: #f7faff;\">\n<td style=\"padding: 12px; font-weight: 600; color: #0057b8;\">EP-250VF<\/td>\n<td style=\"padding: 12px; text-align: center;\">28.0 \u2013 44.0<\/td>\n<td style=\"padding: 12px; text-align: center;\">7 \u2013 10<\/td>\n<td style=\"padding: 12px; text-align: center;\">250<\/td>\n<td style=\"padding: 12px; text-align: center;\">&lt;75<\/td>\n<td style=\"padding: 12px; text-align: center;\">&lt;2<\/td>\n<td style=\"padding: 12px; text-align: center;\">D\u00f6vme \u00c7elik \/ Krom<\/td>\n<td style=\"padding: 12px; text-align: center;\">VFD Direkt<\/td>\n<td style=\"padding: 12px; text-align: center;\">1. S\u0131n\u0131f<\/td>\n<\/tr>\n<\/tbody>\n<\/table>\n<\/div>\n<p style=\"color: #888; font-size: clamp(11px, 1.4vw, 13px); margin-top: 10px; padding-left: 4px;\">T\u00fcm FAD de\u011ferleri, ISO 1217 Ed.4'e g\u00f6re 20\u00b0C, 1 bar(a), 0% ba\u011f\u0131l nemde \u00f6l\u00e7\u00fclm\u00fc\u015ft\u00fcr. Safl\u0131k s\u0131n\u0131f\u0131, e\u015fle\u015fen filtreleme sistemi ile ISO 8573-1:2010'a g\u00f6re belirlenmi\u015ftir.<\/p>\n<\/div>\n<p><!-- SECTION 5: APPLICATION SCENARIOS --><\/p>\n<div style=\"width: 100%; max-width: 100%; min-width: 100%; margin-bottom: 36px; box-sizing: border-box;\">\n<div style=\"border-left: 5px solid #7c00c8; padding-left: 18px; margin-bottom: 22px;\">\n<h2 style=\"color: #0a1628; font-size: clamp(18px, 3vw, 28px); font-weight: bold; margin: 0 0 6px 0;\">Birle\u015fik Krall\u0131k'ta Y\u00fcksek Performansl\u0131 Hava Kompres\u00f6rleri i\u00e7in End\u00fcstriyel Uygulama Senaryolar\u0131<\/h2>\n<p style=\"color: #666; font-size: clamp(12px, 1.5vw, 14px); margin: 0;\">Uygulama Senaryolar\u0131 \u2014 Lazer Kesim H\u00fccrelerinden Otomotiv Kal\u0131plama Tesislerine<\/p>\n<\/div>\n<div style=\"overflow: hidden; margin-bottom: 24px;\">\n<div style=\"display: flex; flex-wrap: wrap; gap: 14px;\">\n<div style=\"flex: 1 1 260px; background: #faf4ff; border: 1px solid #e0c8ff; border-radius: 10px; padding: 3%; box-sizing: border-box; border-left: 4px solid #7c00c8; transition: transform 0.25s, box-shadow 0.25s;\">\n<p><strong style=\"display: block; color: #7c00c8; font-size: clamp(14px,1.8vw,16px); margin-bottom: 8px;\">Fiber Lazer Kesim \u2014 Birmingham ve Bat\u0131 Midlands'da Sac Metal \u0130malat\u0131<\/strong><\/p>\n<p style=\"color: #555; margin: 0; font-size: clamp(13px,1.6vw,15px); line-height: 1.7;\">Birmingham'\u0131n metal i\u015fleme sekt\u00f6r\u00fc - Avrupa'n\u0131n en yo\u011fun sekt\u00f6rlerinden biri - 3 kW ile 30 kW aras\u0131nda \u00e7al\u0131\u015fan y\u00fcksek g\u00fc\u00e7l\u00fc fiber lazer kesim sistemlerine dayanmaktad\u0131r. Bu makineler, malzeme kal\u0131nl\u0131\u011f\u0131na ve kesim h\u0131z\u0131na ba\u011fl\u0131 olarak 6 ila 16 bar bas\u0131n\u00e7ta ve 1,5 ila 15 m\u00b3\/dak ak\u0131\u015f h\u0131zlar\u0131nda nitrojen veya bas\u0131n\u00e7l\u0131 hava deste\u011fine ihtiya\u00e7 duyar. Do\u011fru \u00f6zelliklere sahip, istikrarl\u0131 ve ya\u011fs\u0131z \u00e7\u0131k\u0131\u015f sa\u011flayan bir vidal\u0131 hava kompres\u00f6r\u00fc, lazer kesim h\u00fccresinin \u00e7al\u0131\u015fma s\u00fcresi rekorunun temelini olu\u015fturur. 3 mm paslanmaz \u00e7elik \u00fczerinde \u00fcretim s\u0131ras\u0131nda \u00b10,5 bar'\u0131 a\u015fan herhangi bir bas\u0131n\u00e7 de\u011fi\u015fimi, an\u0131nda kalite reddine ve nozul ucunda potansiyel hasara neden olur.<\/p>\n<\/div>\n<div style=\"flex: 1 1 260px; background: #faf4ff; border: 1px solid #e0c8ff; border-radius: 10px; padding: 3%; box-sizing: border-box; border-left: 4px solid #7c00c8; transition: transform 0.25s, box-shadow 0.25s;\">\n<p><strong style=\"display: block; color: #7c00c8; font-size: clamp(14px,1.8vw,16px); margin-bottom: 8px;\">Havac\u0131l\u0131k ve Uzay Bile\u015fenleri \u00dcretimi \u2014 Sheffield ve G\u00fcney Yorkshire Hassas M\u00fchendislik<\/strong><\/p>\n<p style=\"color: #555; margin: 0; font-size: clamp(13px,1.6vw,15px); line-height: 1.7;\">Sheffield'in havac\u0131l\u0131k tedarik zinciri, pn\u00f6matik tak\u0131m devrelerini, CMM par\u00e7a temizleme \u00fcfleme sistemlerini, y\u00fczey i\u015fleme kumlama kabinlerini ve robotik kaynak h\u00fccresi temizleme gaz\u0131 beslemesini destekleyen, 7\/24 \u00e7al\u0131\u015fmaya devam edebilen bas\u0131n\u00e7l\u0131 hava sistemlerine ihtiya\u00e7 duymaktad\u0131r. G\u00fcney Yorkshire tesislerindeki \u00f6zel zorluk, y\u00fcksek hava hacmi talebinin (bir tesiste genellikle 30+ m\u00b3\/dakika) hassas bile\u015fenlere en yak\u0131n kullan\u0131m noktalar\u0131nda ISO S\u0131n\u0131f 1 safl\u0131k gereksinimiyle birle\u015fmesidir. Boeing, Airbus ve Rolls-Royce gibi \u015firketlere birinci ve ikinci kademe y\u00fcklenici olarak hizmet veren tesislerde, birden fazla kompres\u00f6r\u00fc kademeli olarak birbirine ba\u011flayan ana kontrol sistemleri standartt\u0131r.<\/p>\n<\/div>\n<\/div>\n<\/div>\n<div style=\"clear: both;\"><\/div>\n<div style=\"display: flex; flex-wrap: wrap; gap: 14px; margin-top: 6px;\">\n<div style=\"flex: 1 1 260px; background: #faf4ff; border: 1px solid #e0c8ff; border-radius: 10px; padding: 3%; box-sizing: border-box; border-left: 4px solid #7c00c8; transition: transform 0.25s, box-shadow 0.25s;\">\n<p><strong style=\"display: block; color: #7c00c8; font-size: clamp(14px,1.8vw,16px); margin-bottom: 8px;\">Otomotiv Presleme ve Kaporta \u00dcretimi \u2014 Coventry ve Do\u011fu Midlands OEM Tedarik\u00e7i Fabrikalar\u0131<\/strong><\/p>\n<p style=\"color: #555; margin: 0; font-size: clamp(13px,1.6vw,15px); line-height: 1.7;\">Midlands otomotiv k\u00fcmesi; Jaguar Land Rover tedarik tesislerini, Geely-Lotus par\u00e7a tedarik\u00e7ilerini ve yo\u011fun bir ikinci kademe presleme at\u00f6lyeleri a\u011f\u0131n\u0131 kapsamakta olup, pres makineleri, robotik nokta kaynak hatlar\u0131 ve boya \u00f6n i\u015flem t\u00fcnelleri i\u015fletmektedir ve bunlar\u0131n t\u00fcm\u00fc 7-10 bar bas\u0131n\u00e7ta b\u00fcy\u00fck hacimli bas\u0131n\u00e7l\u0131 hava gerektirmektedir. 185 kW ila 250 kW'l\u0131k bir VFD vidal\u0131 hava kompres\u00f6r\u00fc sistemi, de\u011fi\u015fken hacimli bir tampon al\u0131c\u0131 ile uygun \u015fekilde boyutland\u0131r\u0131ld\u0131\u011f\u0131nda, y\u00fcksek h\u0131zl\u0131 presleme d\u00f6ng\u00fcleri s\u0131ras\u0131nda birden fazla pn\u00f6matik akt\u00fcat\u00f6r\u00fcn ayn\u0131 anda devreye girmesiyle olu\u015fan bas\u0131n\u00e7 de\u011fi\u015fimlerini \u00f6nler; b\u00f6ylece kal\u0131p yat\u0131r\u0131m\u0131n\u0131 korur ve g\u00f6vde paneli boyut hassasiyetini A S\u0131n\u0131f\u0131 y\u00fczey kalitesi i\u00e7in gerekli olan 0,1 mm tolerans dahilinde tutar.<\/p>\n<\/div>\n<div style=\"flex: 1 1 260px; background: #faf4ff; border: 1px solid #e0c8ff; border-radius: 10px; padding: 3%; box-sizing: border-box; border-left: 4px solid #7c00c8; transition: transform 0.25s, box-shadow 0.25s;\">\n<p><strong style=\"display: block; color: #7c00c8; font-size: clamp(14px,1.8vw,16px); margin-bottom: 8px;\">G\u0131da ve \u0130\u00e7ecek Ambalajlama \u2014 Kuzey Bat\u0131 \u0130ngiltere'deki \u0130\u015fleme Tesislerinde Hijyenik Bas\u0131n\u00e7l\u0131 Hava<\/strong><\/p>\n<p style=\"color: #555; margin: 0; font-size: clamp(13px,1.6vw,15px); line-height: 1.7;\">B\u00fcy\u00fck Manchester ve Cheshire'daki g\u0131da \u00fcretim tesisleri, \u0130ngiliz Bas\u0131n\u00e7l\u0131 Hava Derne\u011fi (BCAS) hijyen y\u00f6nergelerine ve \u0130ngiliz Perakende Konsorsiyumu (BRC) K\u00fcresel Standart gerekliliklerine uygun bas\u0131n\u00e7l\u0131 hava sistemlerine ihtiya\u00e7 duymaktad\u0131r. Uygulamalar aras\u0131nda kuru malzemeler i\u00e7in pn\u00f6matik konvey\u00f6rler, \u015fekillendirme-doldurma-m\u00fch\u00fcrleme paketleme makinesi akt\u00fcat\u00f6rleri, \u015fi\u015feleme hatt\u0131 \u015fi\u015firme kal\u0131plama ve \u00fcr\u00fcnle temas eden CO2 silindiri doldurma yard\u0131mc\u0131 ekipmanlar\u0131 yer almaktad\u0131r. ISO 8573-1'e g\u00f6re S\u0131n\u0131f 0 ya\u011f i\u00e7eri\u011fi \u00fcreten, uygun \u015fekilde tasarlanm\u0131\u015f ve sertifikaland\u0131r\u0131lm\u0131\u015f a\u015fa\u011f\u0131 ak\u0131\u015f filtrelemesine sahip ya\u011f enjeksiyonlu vidal\u0131 kompres\u00f6rler, ger\u00e7ek ya\u011fs\u0131z kompres\u00f6rlerin yat\u0131r\u0131m getirisi a\u00e7\u0131s\u0131ndan hakl\u0131 \u00e7\u0131kar\u0131lamayacak bir maliyet fark\u0131 ta\u015f\u0131d\u0131\u011f\u0131 g\u0131da ile temas eden uygulamalarda kabul edilmektedir.<\/p>\n<\/div>\n<div style=\"flex: 1 1 260px; background: #faf4ff; border: 1px solid #e0c8ff; border-radius: 10px; padding: 3%; box-sizing: border-box; border-left: 4px solid #7c00c8; transition: transform 0.25s, box-shadow 0.25s;\">\n<p><strong style=\"display: block; color: #7c00c8; font-size: clamp(14px,1.8vw,16px); margin-bottom: 8px;\">T\u0131bbi Cihaz ve \u0130la\u00e7 \u00dcretimi \u2014 Cambridge ve Stevenage'de Temiz Oda Hava Temini<\/strong><\/p>\n<p style=\"color: #555; margin: 0; font-size: clamp(13px,1.6vw,15px); line-height: 1.7;\">Cambridge-Stevenage ya\u015fam bilimleri koridoru, Birle\u015fik Krall\u0131k'\u0131n teknik a\u00e7\u0131dan en zorlu bas\u0131n\u00e7l\u0131 hava uygulamalar\u0131ndan baz\u0131lar\u0131na ev sahipli\u011fi yapmaktad\u0131r. \u0130la\u00e7 \u00fcreticileri ve t\u0131bbi cihaz \u00fcreticileri, Avrupa Farmakopesi 2.1.7'ye g\u00f6re D veya E S\u0131n\u0131f\u0131 Farmas\u00f6tik Bas\u0131n\u00e7l\u0131 Hava gerektirmektedir; bu standart, su i\u00e7eri\u011fi (7 bar'da \u00e7i\u011f noktas\u0131 \u2264 -20\u00b0C), ya\u011f i\u00e7eri\u011fi (\u2264 0,1 mg\/m\u00b3) ve partik\u00fcl y\u00fck\u00fc i\u00e7in s\u0131n\u0131rlar belirlemektedir. Bu ortamlarda \u0130la\u00e7 ve Sa\u011fl\u0131k \u00dcr\u00fcnleri D\u00fczenleme Kurumu (MHRA) GMP beklentilerini kar\u015f\u0131lamak i\u00e7in entegre membranl\u0131 veya \u0131s\u0131tmas\u0131z kurutucuya sahip ultra kuru VFD vidal\u0131 sistemler, 0,01 mikronluk son filtreleme ve paslanmaz \u00e7elik boru da\u011f\u0131t\u0131m\u0131 gerektirmektedir.<\/p>\n<\/div>\n<\/div>\n<\/div>\n<p><!-- IMAGE GALLERY ROW --><\/p>\n<div style=\"display: flex; flex-wrap: wrap; gap: 14px; width: 100%; max-width: 100%; min-width: 100%; margin-bottom: 36px; box-sizing: border-box;\">\n<div style=\"flex: 1 1 200px; border-radius: 10px; overflow: hidden; box-shadow: 0 4px 16px rgba(0,0,0,0.13); transition: transform 0.25s, box-shadow 0.25s;\">\n<p><img decoding=\"async\" style=\"width: 100%; height: 200px; object-fit: cover; display: block;\" src=\"https:\/\/air-compressor-for-laser-cutter.com\/wp-content\/uploads\/2026\/03\/ep-Stainless-Steel-Precision-Filter-for-Air-Compressor-Post-processing-Equipment-3-1-1.webp\" alt=\"Hava kompres\u00f6r\u00fc sistemi i\u00e7in paslanmaz \u00e7elik hassas filtre tertibat\u0131\" \/><\/p>\n<div style=\"padding: 12px 14px; background: #fff; font-size: clamp(12px, 1.4vw, 14px); color: #555;\">Hassas Paslanmaz \u00c7elik Filtre Tertibat\u0131 \u2014 Son \u0130\u015flem Mod\u00fcl\u00fc<\/div>\n<\/div>\n<div style=\"flex: 1 1 200px; border-radius: 10px; overflow: hidden; box-shadow: 0 4px 16px rgba(0,0,0,0.13); transition: transform 0.25s, box-shadow 0.25s;\">\n<p><img decoding=\"async\" style=\"width: 100%; height: 200px; object-fit: cover; display: block;\" src=\"https:\/\/air-compressor-for-laser-cutter.com\/wp-content\/uploads\/2026\/03\/ep-Stainless-Steel-Precision-Filter-for-Air-Compressor-Post-processing-Equipment-1-1.webp\" alt=\"Bas\u0131n\u00e7l\u0131 hava ar\u0131t\u0131m\u0131 i\u00e7in y\u00fcksek safl\u0131kta hat i\u00e7i filtre mod\u00fcl\u00fc\" \/><\/p>\n<div style=\"padding: 12px 14px; background: #fff; font-size: clamp(12px, 1.4vw, 14px); color: #555;\">Y\u00fcksek Safl\u0131kta Hat \u0130\u00e7i Filtre \u2014 ISO S\u0131n\u0131f 1 Dereceli Mod\u00fcl<\/div>\n<\/div>\n<\/div>\n<p><!-- SECTION 6: EVER POWER FACTORY + CUSTOMISATION --><\/p>\n<div style=\"width: 100%; max-width: 100%; min-width: 100%; margin-bottom: 36px; box-sizing: border-box; background: linear-gradient(135deg, #003080 0%, #0057b8 100%); border-radius: 14px; padding: 3% 4%; color: #fff; position: relative; overflow: hidden;\">\n<div style=\"position: absolute; top: -40px; right: -40px; width: 200px; height: 200px; border-radius: 50%; background: rgba(255,255,255,0.04); pointer-events: none;\"><\/div>\n<div style=\"position: absolute; bottom: -60px; left: -30px; width: 280px; height: 280px; border-radius: 50%; background: rgba(255,255,255,0.03); pointer-events: none;\"><\/div>\n<div style=\"position: relative; z-index: 1;\">\n<div style=\"display: inline-block; background: rgba(255,220,0,0.18); border: 1px solid rgba(255,220,0,0.5); border-radius: 20px; padding: 4px 16px; margin-bottom: 16px;\"><span style=\"color: #ffd700; font-size: clamp(11px, 1.5vw, 13px); letter-spacing: 2px; text-transform: uppercase; font-weight: 600;\">\u00dcretim Yetene\u011fi<\/span><\/div>\n<h2 style=\"color: #fff; font-size: clamp(18px, 3vw, 28px); font-weight: bold; margin: 0 0 8px 0;\">Ever Power \u2014 \u0130ngiltere'deki End\u00fcstriyel M\u00fc\u015fteriler \u0130\u00e7in Hassas \u00d6zel Hava Kompres\u00f6r\u00fc \u00c7\u00f6z\u00fcmleri<\/h2>\n<p style=\"color: rgba(255,255,255,0.75); font-size: clamp(13px, 1.6vw, 16px); margin: 0 0 24px 0;\">Fabrika Kapasitesi | \u00d6zel M\u00fchendislik | \u0130ngiltere Standartlar\u0131na Uygun Dok\u00fcmantasyon<\/p>\n<div style=\"display: flex; flex-wrap: wrap; gap: 18px; margin-bottom: 24px;\">\n<div style=\"flex: 1 1 240px; background: rgba(255,255,255,0.1); border-radius: 10px; padding: 3%; box-sizing: border-box; border: 1px solid rgba(255,255,255,0.18); transition: background 0.25s, transform 0.25s;\">\n<div style=\"color: #ffd700; font-size: 22px; margin-bottom: 8px;\">\ud83d\udee0<\/div>\n<p><strong style=\"display: block; color: #fff; font-size: clamp(14px,1.8vw,16px); margin-bottom: 8px;\">OEM \u00d6zel Hava Ucu Yap\u0131land\u0131rmas\u0131<\/strong><\/p>\n<p style=\"color: rgba(255,255,255,0.8); margin: 0; font-size: clamp(13px,1.6vw,15px); line-height: 1.7;\">Ever Power m\u00fchendisleri, teorik maksimuma de\u011fil, ger\u00e7ek \u00f6l\u00e7\u00fclen hava talebine uyacak \u015fekilde rotor profilini, s\u0131k\u0131\u015ft\u0131rma oran\u0131n\u0131 ve motor boyutland\u0131rmas\u0131n\u0131 yap\u0131land\u0131rmak i\u00e7in do\u011frudan \u0130ngiltere'deki tesis m\u00fchendisli\u011fi ekipleriyle birlikte \u00e7al\u0131\u015f\u0131r. ISO\/IEC 17025 izlenebilir standartlar\u0131na g\u00f6re kalibre edilmi\u015f hassas be\u015f eksenli i\u015fleme merkezlerimiz, 0,003 mm konumsal do\u011frulukla hava ucu g\u00f6vdeleri \u00fcretir ve verimlili\u011fi ve g\u00fcvenilirli\u011fi tan\u0131mlayan rotor bo\u015flu\u011fu geometrisinin \u00fcretim hatt\u0131m\u0131zdan \u00e7\u0131kan her bir \u00fcnitede tutarl\u0131 bir \u015fekilde elde edilmesini sa\u011flar.<\/p>\n<\/div>\n<div style=\"flex: 1 1 240px; background: rgba(255,255,255,0.1); border-radius: 10px; padding: 3%; box-sizing: border-box; border: 1px solid rgba(255,255,255,0.18); transition: background 0.25s, transform 0.25s;\">\n<div style=\"color: #ffd700; font-size: 22px; margin-bottom: 8px;\">\ud83d\udce6<\/div>\n<p><strong style=\"display: block; color: #fff; font-size: clamp(14px,1.8vw,16px); margin-bottom: 8px;\">Tedarik Zinciri ve Birle\u015fik Krall\u0131k Lojisti\u011fi<\/strong><\/p>\n<p style=\"color: rgba(255,255,255,0.8); margin: 0; font-size: clamp(13px,1.6vw,15px); line-height: 1.7;\">Ever Power'\u0131n 35.000 m\u00b2'lik \u00fcretim tesisinden \u0130ngiltere limanlar\u0131na (Felixstowe, Southampton ve Bristol \u00fczerinden) uzanan yerle\u015fik lojistik rotam\u0131z, standart paketlenmi\u015f kompres\u00f6r \u00fcnitelerini sipari\u015f onay\u0131ndan itibaren 35-42 g\u00fcn i\u00e7inde teslim etmektedir. Zaman a\u00e7\u0131s\u0131ndan kritik projeler i\u00e7in Heathrow hava kargo hizmetleri arac\u0131l\u0131\u011f\u0131yla hava ta\u015f\u0131mac\u0131l\u0131\u011f\u0131 se\u00e7enekleri kullan\u0131lmaktad\u0131r. T\u00fcm \u00fcniteler, eksiksiz UKCA\/CE teknik dosyalar\u0131, PSSR uyumlu gemi sertifikalar\u0131 ve \u0130ngilizce dilinde bir Bak\u0131m Program\u0131 ile birlikte tedarik edilir; bu dok\u00fcmantasyon paketi, \u00fclke i\u00e7i m\u00fchendislik \u00e7eviri hizmetlerine ihtiya\u00e7 duymadan \u0130ngiltere yasal denetim gereksinimlerini kar\u015f\u0131lamak \u00fczere \u00f6zel olarak haz\u0131rlanm\u0131\u015ft\u0131r.<\/p>\n<\/div>\n<div style=\"flex: 1 1 240px; background: rgba(255,255,255,0.1); border-radius: 10px; padding: 3%; box-sizing: border-box; border: 1px solid rgba(255,255,255,0.18); transition: background 0.25s, transform 0.25s;\">\n<div style=\"color: #ffd700; font-size: 22px; margin-bottom: 8px;\">\ud83c\udf93<\/div>\n<p><strong style=\"display: block; color: #fff; font-size: clamp(14px,1.8vw,16px); margin-bottom: 8px;\">Sat\u0131\u015f Sonras\u0131 Destek Program\u0131<\/strong><\/p>\n<p style=\"color: rgba(255,255,255,0.8); margin: 0; font-size: clamp(13px,1.6vw,15px); line-height: 1.7;\">Ever Power sistemlerinin tamam\u0131, t\u00fcm mekanik bile\u015fenleri kapsayan 24 ayl\u0131k ve hava ucu tertibat\u0131n\u0131 kapsayan 36 ayl\u0131k bir garantiyle desteklenmektedir. \u0130ngiltere merkezli teknik destek ekibimiz, entegre IoT a\u011f ge\u00e7idi arac\u0131l\u0131\u011f\u0131yla ar\u0131za kodu uyar\u0131s\u0131ndan sonraki 2 saat i\u00e7inde uzaktan te\u015fhis hizmeti sunmaktad\u0131r. A\u015f\u0131nma par\u00e7alar\u0131n\u0131 (ya\u011f ay\u0131r\u0131c\u0131lar, hava filtreleri, ya\u011f filtre kartu\u015flar\u0131, tahrik kaplinleri, termostatik vanalar) kapsayan, \u0130ngiltere'de g\u00fcmr\u00fck antrepo deposunda bulunan yedek par\u00e7a sto\u011fumuz, B\u00fcy\u00fck Britanya'n\u0131n her yerine ertesi i\u015f g\u00fcn\u00fc par\u00e7a sevkiyat\u0131n\u0131 desteklemektedir; bu hizmet seviyesi, \u00fcretim program\u0131n\u0131z\u0131 uzun s\u00fcreli ar\u0131za s\u00fcrelerinden do\u011frudan korur.<\/p>\n<\/div>\n<\/div>\n<div style=\"text-align: center;\"><a style=\"display: inline-block; background: linear-gradient(135deg, #ffd700, #ffaa00); color: #0a1628; font-size: clamp(14px,2vw,17px); font-weight: 800; padding: 14px 40px; border-radius: 50px; text-decoration: none; letter-spacing: 0.5px; box-shadow: 0 6px 22px rgba(255,180,0,0.35); transition: transform 0.2s, box-shadow 0.2s;\" href=\"mailto:sales@air-compressor-for-laser-cutter.com\">\u2709 Ever Power'dan \u00d6zel \u00d6zellikler ve Fiyat Teklifi Talep Edin<br \/>\n<\/a><\/div>\n<\/div>\n<\/div>\n<p><!-- SECTION 7: FEATURED PRODUCTS --><\/p>\n<div style=\"width: 100%; max-width: 100%; min-width: 100%; margin-bottom: 36px; box-sizing: border-box;\">\n<div style=\"border-left: 5px solid #e87200; padding-left: 18px; margin-bottom: 20px;\">\n<h2 style=\"color: #0a1628; font-size: clamp(18px, 3vw, 28px); font-weight: bold; margin: 0 0 6px 0;\">\u00d6ne \u00c7\u0131kan De\u011fi\u015fken Frekansl\u0131 Vidal\u0131 Hava Kompres\u00f6r\u00fc \u00dcr\u00fcnleri<\/h2>\n<p style=\"color: #666; font-size: clamp(12px, 1.5vw, 14px); margin: 0;\">\u0130ngiltere'deki B2B tedarik s\u00fcre\u00e7leri i\u00e7in y\u00fcksek verimli VFD modelleri mevcuttur.<\/p>\n<\/div>\n<div style=\"display: flex; flex-wrap: wrap; gap: 20px; width: 100%; max-width: 100%; min-width: 100%; box-sizing: border-box;\">\n<div style=\"flex: 1 1 300px; background: #fff; border: 2px solid #e87200; border-radius: 14px; padding: 3%; box-sizing: border-box; transition: transform 0.25s, box-shadow 0.25s;\">\n<div style=\"background: linear-gradient(135deg, #e87200, #ffaa00); color: #fff; font-size: clamp(11px,1.4vw,13px); font-weight: bold; padding: 4px 14px; border-radius: 20px; display: inline-block; margin-bottom: 12px; letter-spacing: 1px;\">DE\u011e\u0130\u015eKEN FREKANSLI S\u00dcR\u00dcC\u00dc<\/div>\n<p><strong style=\"display: block; color: #0a1628; font-size: clamp(15px,2vw,18px); margin-bottom: 10px; line-height: 1.3;\"><br \/>\n<a style=\"color: #0057b8; text-decoration: none;\" href=\"https:\/\/air-compressor-for-laser-cutter.com\/tr\/urun\/cm160pvf-degisken-frekansli-vidali-hava-kompresoru\/\"><br \/>\nCM160PVF De\u011fi\u015fken Frekansl\u0131 Vidal\u0131 Hava Kompres\u00f6r\u00fc<br \/>\n<\/a><br \/>\n<\/strong><\/p>\n<p style=\"color: #555; font-size: clamp(13px,1.6vw,15px); line-height: 1.75; margin: 0;\">CM160PVF, \u00e7ok ba\u015fl\u0131kl\u0131 lazer kesim h\u00fccreleri, otomotiv presleme hatlar\u0131 ve havac\u0131l\u0131k pn\u00f6matik tak\u0131m devreleri de dahil olmak \u00fczere b\u00fcy\u00fck \u00f6l\u00e7ekli s\u00fcrekli \u00e7al\u0131\u015fma uygulamalar\u0131 i\u00e7in tasarlanm\u0131\u015f, 160 kW'l\u0131k end\u00fcstriyel s\u0131n\u0131f de\u011fi\u015fken frekansl\u0131 vidal\u0131 hava kompres\u00f6r\u00fcd\u00fcr. Kal\u0131c\u0131 m\u0131knat\u0131sl\u0131 senkron motoru (PMSM), 7 ila 13 bar \u00e7al\u0131\u015fma bas\u0131nc\u0131 aral\u0131\u011f\u0131nda 18,0 ila 28,0 m\u00b3\/dak serbest hava debisi sa\u011flayarak IE4 s\u00fcper premium verimlilik s\u0131n\u0131fland\u0131rmas\u0131na ula\u015f\u0131r. Entegre VFD, talep dalgalanmas\u0131ndan ba\u011f\u0131ms\u0131z olarak \u00b10,1 bar i\u00e7inde de\u015farj bas\u0131nc\u0131 kararl\u0131l\u0131\u011f\u0131n\u0131 sa\u011flar; bu, paslanmaz \u00e7elik ve al\u00fcminyum i\u015fleyen y\u00fcksek g\u00fc\u00e7l\u00fc fiber lazer sistemlerinde kesme kalitesi tutarl\u0131l\u0131\u011f\u0131n\u0131 korumak i\u00e7in kritik bir parametredir. De\u015farj ya\u011f ta\u015f\u0131n\u0131m\u0131 2 ppm'nin alt\u0131nda derecelendirilmi\u015ftir ve optik bile\u015fenleri ve a\u015fa\u011f\u0131 ak\u0131\u015fta filtreleme yat\u0131r\u0131m\u0131n\u0131 korur. UKCA uyumlu teknik dok\u00fcmantasyon standart olarak dahildir.<\/p>\n<div style=\"margin-top: 14px;\"><a style=\"display: inline-block; background: #0057b8; color: #fff; padding: 10px 24px; border-radius: 30px; text-decoration: none; font-size: clamp(13px,1.5vw,14px); font-weight: bold; transition: background 0.2s;\" href=\"https:\/\/air-compressor-for-laser-cutter.com\/tr\/urun\/cm160pvf-degisken-frekansli-vidali-hava-kompresoru\/\">\u00dcr\u00fcn Detaylar\u0131n\u0131 G\u00f6r\u00fcnt\u00fcle \u2192<br \/>\n<\/a><\/div>\n<\/div>\n<div style=\"flex: 1 1 300px; background: #fff; border: 2px solid #0057b8; border-radius: 14px; padding: 3%; box-sizing: border-box; transition: transform 0.25s, box-shadow 0.25s;\">\n<div style=\"background: linear-gradient(135deg, #0057b8, #00aaff); color: #fff; font-size: clamp(11px,1.4vw,13px); font-weight: bold; padding: 4px 14px; border-radius: 20px; display: inline-block; margin-bottom: 12px; letter-spacing: 1px;\">DE\u011e\u0130\u015eKEN HIZLI S\u00dcR\u00dcC\u00dc<\/div>\n<p><strong style=\"display: block; color: #0a1628; font-size: clamp(15px,2vw,18px); margin-bottom: 10px; line-height: 1.3;\"><br \/>\n<a style=\"color: #0057b8; text-decoration: none;\" href=\"https:\/\/air-compressor-for-laser-cutter.com\/tr\/urun\/degisken-hizli-tahrikli-vidali-hava-kompresoru\/\"><br \/>\nDe\u011fi\u015fken H\u0131zl\u0131 Tahrikli Vidal\u0131 Hava Kompres\u00f6r\u00fc<br \/>\n<\/a><br \/>\n<\/strong><\/p>\n<p style=\"color: #555; font-size: clamp(13px,1.6vw,15px); line-height: 1.75; margin: 0;\">De\u011fi\u015fken H\u0131zl\u0131 Tahrikli Vidal\u0131 Hava Kompres\u00f6r\u00fc serisi, 7,5 kW ile 132 kW aras\u0131nda \u00e7ok y\u00f6nl\u00fc bir g\u00fc\u00e7 aral\u0131\u011f\u0131 sunarak, kapasite fazlal\u0131\u011f\u0131 olmadan birden fazla \u00fcretim senaryosuna uyum sa\u011flayabilen tek bir kompres\u00f6r \u00e7\u00f6z\u00fcm\u00fcne ihtiya\u00e7 duyan \u0130ngiltere'deki imalat\u00e7\u0131lar i\u00e7in ideal bir se\u00e7imdir. Entegre frekans d\u00f6n\u00fc\u015ft\u00fcr\u00fcc\u00fc, motor h\u0131z\u0131n\u0131 25 Hz ile 70 Hz aras\u0131nda s\u00fcrekli olarak ayarlayarak, milisaniyelik tepki s\u00fcreleriyle ger\u00e7ek zamanl\u0131 sistem talebine uygun \u00e7\u0131k\u0131\u015f sa\u011flar. Bu, sabit h\u0131zl\u0131 y\u00fckleme\/bo\u015faltma d\u00f6ng\u00fcs\u00fcyle ili\u015fkili enerji israf\u0131n\u0131 ortadan kald\u0131r\u0131r ve tekrarlanan do\u011frudan hat \u00fczerinde \u00e7al\u0131\u015ft\u0131rmalar\u0131n mekanik stresini ortadan kald\u0131r\u0131r. Seri, \u00f6zellikle CO2 lazerden fiber lazer teknolojisine ge\u00e7i\u015f yapan ve teknoloji y\u00fckseltme d\u00f6ng\u00fcs\u00fc s\u0131ras\u0131nda bas\u0131n\u00e7l\u0131 hava t\u00fcketim modellerinin \u00f6nemli \u00f6l\u00e7\u00fcde de\u011fi\u015fti\u011fi \u0130ngiltere'deki sac metal at\u00f6lyeleri i\u00e7in \u00e7ok uygundur. 65 dB(A)'n\u0131n alt\u0131nda sessiz g\u00f6vde tasar\u0131m\u0131, \u00f6zel akustik kabinlere ihtiya\u00e7 duymadan a\u00e7\u0131k plan at\u00f6lye entegrasyonunu destekler.<\/p>\n<div style=\"margin-top: 14px;\"><a style=\"display: inline-block; background: #0057b8; color: #fff; padding: 10px 24px; border-radius: 30px; text-decoration: none; font-size: clamp(13px,1.5vw,14px); font-weight: bold; transition: background 0.2s;\" href=\"https:\/\/air-compressor-for-laser-cutter.com\/tr\/urun\/degisken-hizli-tahrikli-vidali-hava-kompresoru\/\">\u00dcr\u00fcn Detaylar\u0131n\u0131 G\u00f6r\u00fcnt\u00fcle \u2192<br \/>\n<\/a><\/div>\n<\/div>\n<\/div>\n<\/div>\n<p><!-- SECTION 8: CUSTOMER SUCCESS STORY --><\/p>\n<div style=\"width: 100%; max-width: 100%; min-width: 100%; margin-bottom: 36px; box-sizing: border-box;\">\n<div style=\"border-left: 5px solid #008060; padding-left: 18px; margin-bottom: 22px;\">\n<h2 style=\"color: #0a1628; font-size: clamp(18px, 3vw, 28px); font-weight: bold; margin: 0 0 6px 0;\">M\u00fc\u015fteri Ba\u015far\u0131 \u00d6yk\u00fcs\u00fc: Precision Fabrication Ltd \u2014 Sheffield, G\u00fcney Yorkshire<\/h2>\n<p style=\"color: #666; font-size: clamp(12px, 1.5vw, 14px); margin: 0;\">Havac\u0131l\u0131k ve Uzay Sanayi Alt Y\u00fcklenici Kesim \u0130\u015flemleri | 7\/24 \u00dc\u00e7 Vardiya \u00c7al\u0131\u015fmas\u0131 | 37% Enerji Tasarrufu Sa\u011fland\u0131<\/p>\n<\/div>\n<div style=\"background: #f0faf5; border: 1px solid #b0e0cc; border-radius: 14px; padding: 3% 4%; box-sizing: border-box; margin-bottom: 24px;\">\n<p style=\"color: #333; font-size: clamp(14px, 1.9vw, 17px); line-height: 1.9; margin: 0 0 16px 0;\"><img decoding=\"async\" class=\"\" style=\"float: left; width: 263px; max-width: 320px; margin: 0px 22px 16px 0px; border-radius: 10px; box-shadow: rgba(0, 0, 0, 0.15) 0px 6px 24px;\" src=\"https:\/\/air-compressor-for-laser-cutter.com\/wp-content\/uploads\/2026\/03\/ep-Stainless-Steel-Precision-Filter-for-Air-Compressor-Post-processing-Equipment-1-1.webp\" alt=\"Hava kompres\u00f6r\u00fc son i\u015flem i\u00e7in paslanmaz \u00e7elik hassas filtre\" height=\"263\" \/>Sheffield'in Attercliffe sanayi b\u00f6lgesinde yerle\u015fik, 47 y\u0131ll\u0131k bir fason lazer kesim ve su jeti profil olu\u015fturma uzman\u0131 olan Precision Fabrication Ltd, \u00fc\u00e7 adet 12 kW fiber lazer sistemi ve iki adet 4 kW CO2 makinesini i\u00e7eren 12 kafal\u0131 bir lazer kesim alan\u0131na hizmet vermek \u00fczere kademeli bir d\u00fczenlemeyle \u00fc\u00e7 adet eski 75 kW sabit h\u0131zl\u0131 vidal\u0131 kompres\u00f6r \u00e7al\u0131\u015ft\u0131r\u0131yordu. Bas\u0131n\u00e7l\u0131 havaya ba\u011fl\u0131 ayl\u0131k elektrik maliyetleri yakla\u015f\u0131k 14.200 \u00a3 civar\u0131ndayd\u0131; operasyon direkt\u00f6r\u00fc bu rakam\u0131 \"birinci s\u0131n\u0131f havac\u0131l\u0131k m\u00fc\u015fterilerimizle olan mevcut s\u00f6zle\u015fme fiyatland\u0131rma yap\u0131m\u0131za g\u00f6re s\u00fcrd\u00fcr\u00fclemez\" olarak nitelendirdi.<\/p>\n<p style=\"color: #333; font-size: clamp(14px, 1.9vw, 17px); line-height: 1.9; margin: 0 0 16px 0;\">Ever Power'\u0131n uygulama m\u00fchendisli\u011fi ekibi, t\u00fcm \u00fcretim vardiyalar\u0131nda 72 saatlik ak\u0131\u015f kayd\u0131 da dahil olmak \u00fczere detayl\u0131 bir bas\u0131n\u00e7l\u0131 hava denetiminin ard\u0131ndan, \u00fc\u00e7 eski \u00fcnitenin yerine, ana-ba\u011f\u0131ml\u0131 konfig\u00fcrasyonda \u00e7al\u0131\u015fan iki adet CM160PVF De\u011fi\u015fken Frekansl\u0131 Vidal\u0131 Hava Kompres\u00f6r\u00fc tak\u0131lmas\u0131n\u0131 \u00f6nerdi. Bu kompres\u00f6rler, Pazartesi-Cuma g\u00fcnd\u00fcz vardiyas\u0131nda 38 m\u00b3\/dakika'l\u0131k en y\u00fcksek talebi kar\u015f\u0131layacak \u015fekilde boyutland\u0131r\u0131l\u0131rken, hafta sonu bak\u0131m d\u00f6nemlerinde tek bir d\u00fc\u015f\u00fck h\u0131zl\u0131 \u00fcnite ile \u00e7al\u0131\u015ft\u0131r\u0131lacakt\u0131. Komple sistem, ISO S\u0131n\u0131f 1 standard\u0131na uygun iki adet Ever Power paslanmaz \u00e7elik hassas filtre ve 3.000 litrelik 316L paslanmaz \u00e7elik al\u0131c\u0131 tank\u0131 i\u00e7eriyordu ve \u00fcretim d\u00f6ng\u00fcs\u00fc boyunca 9,5 bar'da sabit sistem bas\u0131nc\u0131n\u0131 koruyordu.<\/p>\n<p style=\"color: #333; font-size: clamp(14px, 1.9vw, 17px); line-height: 1.9; margin: 0;\">Kurulum sonras\u0131 enerji izleme \u00e7al\u0131\u015fmalar\u0131, sa\u011flanan bas\u0131n\u00e7l\u0131 havan\u0131n metrek\u00fcp\u00fc ba\u015f\u0131na t\u00fcketilen kilovat-saat miktar\u0131nda 37,21 TP5T'lik bir azalma kaydetti; bu da kurulum \u00f6ncesi temel seviyeye g\u00f6re y\u0131ll\u0131k 52.800 \u00a3'luk bir tasarrufa e\u015fde\u011ferdir. 3 mm paslanmaz \u00e7elikteki kesim kalitesi red oranlar\u0131, ilk \u00fcretim ay\u0131nda 181 TP5T azald\u0131; bu azalma, eski sabit h\u0131zl\u0131 kademeli sistemde e\u015f zamanl\u0131 \u00e7oklu kafa kesim dizilerinde sorun yaratan \u00b11,2 bar bas\u0131n\u00e7 dalgalanmalar\u0131n\u0131n ortadan kald\u0131r\u0131lmas\u0131na do\u011frudan atfedildi. Kurulum, \u0130ngiliz h\u00fck\u00fcmetinin enerji tasarrufu teknolojisi listesi kapsam\u0131nda Geli\u015ftirilmi\u015f Sermaye \u0130ndirimi (ECA) program\u0131na uygun bulundu ve Precision Fabrication Ltd'ye t\u00fcm sistem yat\u0131r\u0131m\u0131 i\u00e7in an\u0131nda 1001 TP5T'lik ilk y\u0131l sermaye indirimi sa\u011flad\u0131.<\/p>\n<\/div>\n<p><!-- CUSTOMER REVIEWS --><\/p>\n<div style=\"display: flex; flex-wrap: wrap; gap: 16px;\">\n<div style=\"flex: 1 1 260px; background: #fff; border-radius: 12px; padding: 3%; box-sizing: border-box; border: 1px solid #dde8ff; border-top: 4px solid #0057b8; transition: transform 0.25s, box-shadow 0.25s;\">\n<div style=\"color: #f5a800; font-size: 20px; margin-bottom: 8px;\">\u2605\u2605\u2605\u2605\u2605<\/div>\n<p style=\"color: #333; font-size: clamp(13px, 1.6vw, 15px); line-height: 1.75; margin: 0 0 12px 0; font-style: italic;\">\u201cCM160PVF \u00fcniteleri, kesimhanemizin enerji profilini ger\u00e7ekten d\u00f6n\u00fc\u015ft\u00fcrd\u00fc. Tahmin edilen tasarruflar konusunda \u015f\u00fcpheciydik, ancak devreye alma i\u015fleminden sonraki 72 saatlik izleme verileri, denetimin \u00f6ng\u00f6rd\u00fc\u011f\u00fcnden daha fazla tasarruf sa\u011flad\u0131\u011f\u0131m\u0131z\u0131 g\u00f6sterdi. Lazer kafas\u0131ndaki bas\u0131n\u00e7 kararl\u0131l\u0131\u011f\u0131 kusursuzdu; havac\u0131l\u0131k m\u00fc\u015fterilerimizden art\u0131k kenar kalitesiyle ilgili hi\u00e7bir \u015fikayet alm\u0131yoruz.\u201d<\/p>\n<div style=\"border-top: 1px solid #eee; padding-top: 10px; color: #555; font-size: clamp(12px, 1.4vw, 14px);\">David H., Operasyon Direkt\u00f6r\u00fc \u2014 Precision Fabrication Ltd, Sheffield<\/div>\n<\/div>\n<div style=\"flex: 1 1 260px; background: #fff; border-radius: 12px; padding: 3%; box-sizing: border-box; border: 1px solid #dde8ff; border-top: 4px solid #00aa44; transition: transform 0.25s, box-shadow 0.25s;\">\n<div style=\"color: #f5a800; font-size: 20px; margin-bottom: 8px;\">\u2605\u2605\u2605\u2605\u2605<\/div>\n<p style=\"color: #333; font-size: clamp(13px, 1.6vw, 15px); line-height: 1.75; margin: 0 0 12px 0; font-style: italic;\">\u201cEver Power\u2019\u0131n teknik ekibi, daha \u00f6nce \u00e7al\u0131\u015ft\u0131\u011f\u0131m\u0131z t\u00fcm tedarik\u00e7ilerden daha iyi bir \u015fekilde \u00f6zel talep profilimizi anlad\u0131. \u00d6zel 9,5 bar ayar noktas\u0131 konfig\u00fcrasyonu ve paslanmaz \u00e7elik filtre \u00f6zellikleri, paslanmaz \u00e7elik ve al\u00fcminyum kesim kar\u0131\u015f\u0131m\u0131m\u0131z i\u00e7in tam olarak do\u011fruydu. On d\u00f6rt ayl\u0131k kesintisiz \u00e7al\u0131\u015fma s\u00fcresince tek bir planlanmam\u0131\u015f kompres\u00f6r kaynakl\u0131 duru\u015f ya\u015famad\u0131k.\u201d<\/p>\n<div style=\"border-top: 1px solid #eee; padding-top: 10px; color: #555; font-size: clamp(12px, 1.4vw, 14px);\">Sarah M., M\u00fchendislik M\u00fcd\u00fcr\u00fc \u2014 Precision Fabrication Ltd, Sheffield<\/div>\n<\/div>\n<div style=\"flex: 1 1 260px; background: #fff; border-radius: 12px; padding: 3%; box-sizing: border-box; border: 1px solid #dde8ff; border-top: 4px solid #e87200; transition: transform 0.25s, box-shadow 0.25s;\">\n<div style=\"color: #f5a800; font-size: 20px; margin-bottom: 8px;\">\u2605\u2605\u2605\u2605\u2605<\/div>\n<p style=\"color: #333; font-size: clamp(13px, 1.6vw, 15px); line-height: 1.75; margin: 0 0 12px 0; font-style: italic;\">\u201cPSSR dok\u00fcmantasyon paketi eksiksizdi ve sigorta \u015firketimizin denetim m\u00fchendisi taraf\u0131ndan hemen kabul edildi; bu bile, \u00f6nceki tedarik\u00e7imizle ya\u015fad\u0131\u011f\u0131m\u0131z \u00fc\u00e7 haftal\u0131k kar\u015f\u0131l\u0131kl\u0131 yaz\u0131\u015fma s\u00fcrecinden bizi kurtard\u0131. Ever Power ekibi, \u0130ngiliz mevzuat\u0131na uyumlulu\u011fun sadece teoride de\u011fil, pratikte ne anlama geldi\u011fini tam olarak anlad\u0131. Teslimat zaman\u0131nda ger\u00e7ekle\u015fti ve kurulum devreye alma deste\u011fi m\u00fckemmeldi.\u201d<\/p>\n<div style=\"border-top: 1px solid #eee; padding-top: 10px; color: #555; font-size: clamp(12px, 1.4vw, 14px);\">Tom B., Sat\u0131n Alma M\u00fcd\u00fcr\u00fc \u2014 Precision Fabrication Ltd, Sheffield<\/div>\n<\/div>\n<\/div>\n<\/div>\n<p><!-- SECTION 9: FAQ --><\/p>\n<div style=\"width: 100%; max-width: 100%; min-width: 100%; margin-bottom: 36px; box-sizing: border-box;\">\n<div style=\"border-left: 5px solid #0a1628; padding-left: 18px; margin-bottom: 22px;\">\n<h2 style=\"color: #0a1628; font-size: clamp(18px, 3vw, 28px); font-weight: bold; margin: 0 0 6px 0;\">S\u0131k\u00e7a Sorulan Sorular \u2014 \u0130ngiltere'de Lazer Kesim \u0130\u00e7in End\u00fcstriyel Hava Kompres\u00f6rleri<\/h2>\n<p style=\"color: #666; font-size: clamp(12px, 1.5vw, 14px); margin: 0;\">Birle\u015fik Krall\u0131k Tedarik Ekipleri i\u00e7in Sesli Aramaya Optimize Edilmi\u015f Teknik ve Ticari S\u0131k\u00e7a Sorulan Sorular<\/p>\n<\/div>\n<div style=\"display: flex; flex-direction: column; gap: 12px; width: 100%; max-width: 100%; min-width: 100%; box-sizing: border-box;\">\n<details style=\"background: #f7faff; border: 1px solid #d0e4ff; border-radius: 10px; overflow: hidden; transition: box-shadow 0.25s;\">\n<summary style=\"padding: 16px 20px; cursor: pointer; font-weight: bold; color: #0057b8; font-size: clamp(14px, 1.8vw, 16px); list-style: none; display: flex; justify-content: space-between; align-items: center;\">Birmingham'da bir lazer kesim tesisi i\u00e7in de\u011fi\u015fken frekansl\u0131 vidal\u0131 hava kompres\u00f6r\u00fcn\u00fcn maliyeti ne kadar ve \u0130ngiltere pazar\u0131nda 37 kW ile 75 kW aras\u0131ndaki bir \u00fcnite i\u00e7in ger\u00e7ek\u00e7i fiyat aral\u0131\u011f\u0131 nedir?<br \/>\n<span style=\"font-size: 20px; color: #0057b8; flex-shrink: 0; margin-left: 10px;\">+<\/span><\/summary>\n<div style=\"padding: 0 20px 18px 20px; color: #444; font-size: clamp(13px, 1.6vw, 15px); line-height: 1.8;\">Entegre so\u011futucu ve kabin ile birlikte paketlenmi\u015f 37 kW'l\u0131k bir VFD vidal\u0131 hava kompres\u00f6r\u00fc i\u00e7in, \u0130ngiltere pazar\u0131ndaki fiyatlar genellikle \u00c7in'den fabrika \u00e7\u0131k\u0131\u015f fiyat\u0131 olarak 8.500 \u00a3 ile 14.000 \u00a3 aras\u0131nda de\u011fi\u015fmekte olup, ithalat vergisi, nakliye ve g\u00fcmr\u00fck i\u015flemleri dahil olmak \u00fczere \u0130ngiltere'ye yakla\u015f\u0131k 11.000 \u00a3 ile 18.500 \u00a3 aras\u0131nda bir fiyata ula\u015fmaktad\u0131r. 75 kW'l\u0131k bir \u00fcnite ise 18.000 \u00a3 ile 28.000 \u00a3 aras\u0131nda bir fiyata \u00e7\u0131kmaktad\u0131r. Ever Power'\u0131n do\u011frudan tedarik modeli, distrib\u00fct\u00f6r kar marj\u0131n\u0131 ortadan kald\u0131rarak, fiyatlar\u0131m\u0131z\u0131 \u0130ngiltere distrib\u00fct\u00f6rleri arac\u0131l\u0131\u011f\u0131yla sunulan e\u015fde\u011fer Avrupa markalar\u0131na kar\u015f\u0131 rekabet\u00e7i hale getirmektedir. Tesisinizin talep profiline ve bas\u0131n\u00e7 gereksinimlerine g\u00f6re \u00f6zel bir fiyat teklifi almak i\u00e7in l\u00fctfen sales@air-compressor-for-laser-cutter.com adresinden sat\u0131\u015f ekibimizle ileti\u015fime ge\u00e7in; be\u015f dakikal\u0131k bir g\u00f6r\u00fc\u015fme, nihai fiyat aral\u0131\u011f\u0131n\u0131 belirleyen boyutland\u0131rma sorusunu genellikle netle\u015ftirebilir.<\/div>\n<\/details>\n<details style=\"background: #f7faff; border: 1px solid #d0e4ff; border-radius: 10px; overflow: hidden; transition: box-shadow 0.25s;\">\n<summary style=\"padding: 16px 20px; cursor: pointer; font-weight: bold; color: #0057b8; font-size: clamp(14px, 1.8vw, 16px); list-style: none; display: flex; justify-content: space-between; align-items: center;\">Birle\u015fik Krall\u0131k'taki bir imalat at\u00f6lyesinde paslanmaz \u00e7elik ve al\u00fcminyum sac levhalar\u0131 kesmek i\u00e7in kullan\u0131lan 10 kW'l\u0131k fiber lazer kesim makinesi i\u00e7in en uygun hava kompres\u00f6r\u00fc \u00f6zellikleri hangileridir?<br \/>\n<span style=\"font-size: 20px; color: #0057b8; flex-shrink: 0; margin-left: 10px;\">+<\/span><\/summary>\n<div style=\"padding: 0 20px 18px 20px; color: #444; font-size: clamp(13px, 1.6vw, 15px); line-height: 1.8;\">S\u0131k\u0131\u015ft\u0131r\u0131lm\u0131\u015f hava deste\u011fiyle 3 mm ila 6 mm kal\u0131nl\u0131\u011f\u0131ndaki paslanmaz \u00e7eli\u011fi kesen 10 kW'l\u0131k bir fiber lazer, nozul \u00e7ap\u0131na ve kesme h\u0131z\u0131na ba\u011fl\u0131 olarak tipik olarak 12 ila 16 bar de\u015farj bas\u0131nc\u0131 ve 0,8 ila 1,5 m\u00b3\/dak ak\u0131\u015f gerektirir. Bu uygulama i\u00e7in standart \u00f6zellik, 500 litrelik bir al\u0131c\u0131ya ve \u00fc\u00e7 a\u015famal\u0131 bir filtrasyon sistemine (birle\u015ftirici + karbon + -40\u00b0C bas\u0131n\u00e7 \u00e7i\u011f noktas\u0131na kadar membran kurutucu) sahip 22 kW ila 37 kW'l\u0131k bir VFD vidal\u0131 hava kompres\u00f6r\u00fcd\u00fcr. Filtrasyon yat\u0131r\u0131m\u0131, hem lazer optiklerini hem de ya\u011f kirlili\u011finin odak merce\u011finde an\u0131nda bozulmaya neden oldu\u011fu yans\u0131t\u0131c\u0131 al\u00fcminyum y\u00fczeylerdeki kesim kalitesini korur.<\/div>\n<\/details>\n<details style=\"background: #f7faff; border: 1px solid #d0e4ff; border-radius: 10px; overflow: hidden; transition: box-shadow 0.25s;\">\n<summary style=\"padding: 16px 20px; cursor: pointer; font-weight: bold; color: #0057b8; font-size: clamp(14px, 1.8vw, 16px); list-style: none; display: flex; justify-content: space-between; align-items: center;\">\u0130ngiltere'de, Sheffield veya Leeds'te yeni bir kurulum i\u00e7in PSSR uyumlu dok\u00fcmantasyon ve UKCA sertifikas\u0131 sa\u011flayabilecek g\u00fcvenilir bir hava kompres\u00f6r\u00fc tedarik\u00e7isini nerede bulabilirim?<br \/>\n<span style=\"font-size: 20px; color: #0057b8; flex-shrink: 0; margin-left: 10px;\">+<\/span><\/summary>\n<div style=\"padding: 0 20px 18px 20px; color: #444; font-size: clamp(13px, 1.6vw, 15px); line-height: 1.8;\">Ever Power, \u00fcretim tesisimizden do\u011frudan tedarik sa\u011flar ve her sistemle birlikte standart olarak eksiksiz bir \u0130ngiltere yasal uyumluluk dok\u00fcmantasyon paketi sunar. Bu paket, bas\u0131n\u00e7l\u0131 kap tertibat\u0131 i\u00e7in CE\/UKCA uygunluk beyanlar\u0131n\u0131, BS EN 13445 bas\u0131n\u00e7 testi sertifikalar\u0131n\u0131, PSSR 2000 uyumlulu\u011fu i\u00e7in Yaz\u0131l\u0131 Muayene \u015eemas\u0131 \u015fablonunu ve \u0130ngilizce Bak\u0131m ve Muayene Program\u0131n\u0131 kapsar. Dok\u00fcmantasyon paketlerimiz, kendi ekibinizden ek m\u00fchendislik \u00e7al\u0131\u015fmas\u0131 gerektirmeden Lloyds Register, Bureau Veritas ve TUV UK denetim kurulu\u015flar\u0131 taraf\u0131ndan kabul edilmi\u015ftir. Sheffield ve Leeds kurulumlar\u0131 i\u00e7in sorular\u0131n\u0131z\u0131, tesis adresiniz ve gereksinim spesifikasyonunuzla birlikte sales@air-compressor-for-laser-cutter.com adresine iletebilirsiniz.<\/div>\n<\/details>\n<details style=\"background: #f7faff; border: 1px solid #d0e4ff; border-radius: 10px; overflow: hidden; transition: box-shadow 0.25s;\">\n<summary style=\"padding: 16px 20px; cursor: pointer; font-weight: bold; color: #0057b8; font-size: clamp(14px, 1.8vw, 16px); list-style: none; display: flex; justify-content: space-between; align-items: center;\">De\u011fi\u015fken frekansl\u0131 s\u00fcr\u00fcc\u00fcl\u00fc hava kompres\u00f6r\u00fc ile sabit h\u0131zl\u0131 vidal\u0131 hava kompres\u00f6r\u00fc aras\u0131ndaki fark nedir ve g\u00fcnde iki vardiya \u00e7al\u0131\u015fan bir \u0130ngiltere lazer kesim i\u015fletmesi i\u00e7in hangisi daha iyi enerji tasarrufu sa\u011flar?<br \/>\n<span style=\"font-size: 20px; color: #0057b8; flex-shrink: 0; margin-left: 10px;\">+<\/span><\/summary>\n<div style=\"padding: 0 20px 18px 20px; color: #444; font-size: clamp(13px, 1.6vw, 15px); line-height: 1.8;\">Sabit h\u0131zl\u0131 bir vidal\u0131 kompres\u00f6r, motoru s\u00fcrekli olarak tam nominal h\u0131zda \u00e7al\u0131\u015ft\u0131r\u0131r ve y\u00fck\/bo\u015faltma valfi arac\u0131l\u0131\u011f\u0131yla talep de\u011fi\u015fimini y\u00f6netir; talep d\u00fc\u015ft\u00fc\u011f\u00fcnde bo\u015falt\u0131r (tam y\u00fck enerji t\u00fcketiminin 25-30%'sinde r\u00f6lantide \u00e7al\u0131\u015f\u0131r) ve sistem bas\u0131nc\u0131 d\u00fc\u015ft\u00fc\u011f\u00fcnde periyodik olarak yeniden y\u00fckler. Lazer kesim talebinin en y\u00fcksek kesim d\u00f6nemleri ile malzeme ta\u015f\u0131ma, y\u00fckleme ve program de\u011fi\u015ftirme aral\u0131klar\u0131 aras\u0131nda \u00f6nemli \u00f6l\u00e7\u00fcde de\u011fi\u015fti\u011fi iki vardiyal\u0131 bir \u0130ngiltere operasyonunda, VFD \u00fcnitesi, motor h\u0131z\u0131n\u0131 ger\u00e7ek talebe tam olarak e\u015fle\u015ftirdi\u011fi ve bo\u015faltma enerjisi israf\u0131 olmad\u0131\u011f\u0131 i\u00e7in sabit h\u0131zl\u0131 kompres\u00f6re k\u0131yasla 25% ile 38% aras\u0131nda enerji tasarrufu sa\u011flar. Mevcut \u0130ngiltere end\u00fcstriyel elektrik tarifelerinde, enerji maliyeti fark\u0131, 30 kW'\u0131n \u00fczerindeki \u00fcniteler i\u00e7in VFD primini 18 ila 30 ay i\u00e7inde geri \u00f6der.<\/div>\n<\/details>\n<details style=\"background: #f7faff; border: 1px solid #d0e4ff; border-radius: 10px; overflow: hidden; transition: box-shadow 0.25s;\">\n<summary style=\"padding: 16px 20px; cursor: pointer; font-weight: bold; color: #0057b8; font-size: clamp(14px, 1.8vw, 16px); list-style: none; display: flex; justify-content: space-between; align-items: center;\">Coventry'deki \u00fcretim tesisime teslimat i\u00e7in \u00c7inli bir hava kompres\u00f6r\u00fc \u00fcreticisinden nas\u0131l rekabet\u00e7i bir fiyat teklifi alabilirim ve ne kadar s\u00fcre beklemeliyim?<br \/>\n<span style=\"font-size: 20px; color: #0057b8; flex-shrink: 0; margin-left: 10px;\">+<\/span><\/summary>\n<div style=\"padding: 0 20px 18px 20px; color: #444; font-size: clamp(13px, 1.6vw, 15px); line-height: 1.8;\">En verimli yol, site adresinizi, gerekli motor g\u00fcc\u00fcn\u00fc (kW), de\u015farj bas\u0131nc\u0131n\u0131 (bar) ve yakla\u015f\u0131k serbest hava da\u011f\u0131t\u0131m gereksinimini (m\u00b3\/dak veya CFM) belirterek sales@air-compressor-for-laser-cutter.com adresine e-posta g\u00f6ndermektir. Ever Power, 24 saat i\u00e7inde kesin bir fiyat teklifiyle yan\u0131t verir. Sipari\u015f onay\u0131ndan fabrika kap\u0131s\u0131na kadar standart \u00fcretim s\u00fcresi, 110 kW'a kadar olan \u00fcniteler i\u00e7in 18 ila 25 i\u015f g\u00fcn\u00fc, daha b\u00fcy\u00fck sistemler i\u00e7in ise 25 ila 35 g\u00fcnd\u00fcr. Liman\u0131m\u0131zdan Felixstowe veya Southampton'a deniz yoluyla nakliye genellikle 28 ila 32 g\u00fcn s\u00fcrer. Bu nedenle, normal nakliye programlar\u0131na g\u00f6re, fabrikam\u0131zdan Coventry'ye kap\u0131dan kap\u0131ya teslimat, sipari\u015f onay\u0131ndan itibaren 46 ila 60 g\u00fcn i\u00e7inde ger\u00e7ekle\u015ftirilebilir.<\/div>\n<\/details>\n<details style=\"background: #f7faff; border: 1px solid #d0e4ff; border-radius: 10px; overflow: hidden; transition: box-shadow 0.25s;\">\n<summary style=\"padding: 16px 20px; cursor: pointer; font-weight: bold; color: #0057b8; font-size: clamp(14px, 1.8vw, 16px); list-style: none; display: flex; justify-content: space-between; align-items: center;\">Birle\u015fik Krall\u0131k'ta faaliyet g\u00f6steren bir imalat \u015firketi, pistonlu hava kompres\u00f6r\u00fcnden d\u00f6ner vidal\u0131 hava kompres\u00f6r\u00fc sistemine ne zaman ge\u00e7i\u015f yapmal\u0131d\u0131r ve bu karar\u0131 tetikleyen ba\u015fl\u0131ca teknik ve finansal fakt\u00f6rler nelerdir?<br \/>\n<span style=\"font-size: 20px; color: #0057b8; flex-shrink: 0; margin-left: 10px;\">+<\/span><\/summary>\n<div style=\"padding: 0 20px 18px 20px; color: #444; font-size: clamp(13px, 1.6vw, 15px); line-height: 1.8;\">Hava talebi s\u00fcrekli olarak yakla\u015f\u0131k 0,5 m\u00b3\/dak (yakla\u015f\u0131k 17 CFM) de\u011ferini a\u015ft\u0131\u011f\u0131nda ve \u00e7al\u0131\u015fma d\u00f6ng\u00fcs\u00fc 60%'nin \u00fczerinde oldu\u011funda, karar finansal olarak cazip hale gelir; bu ko\u015fullar, birden fazla lazer kesim makinesinin birden fazla vardiyada \u00e7al\u0131\u015ft\u0131\u011f\u0131 herhangi bir tesiste yayg\u0131nd\u0131r. Bu e\u015fi\u011fin \u00f6tesinde, pistonlu kompres\u00f6r\u00fcn y\u00fck d\u00f6ng\u00fcleri boyunca \u00e7al\u0131\u015ft\u0131r\u0131lmas\u0131n\u0131n enerji maliyeti, e\u015fde\u011fer vidal\u0131 \u00fcnitenin ilk \u00e7al\u0131\u015fma y\u0131l\u0131ndaki i\u015fletme maliyetini a\u015far. Ek tetikleyiciler aras\u0131nda mevcut pistonlu \u00fcniteden 70 dB(A)'y\u0131 a\u015fan g\u00fcr\u00fclt\u00fc \u015fikayetleri, ya\u011f ta\u015f\u0131nmas\u0131n\u0131n lens kirlenmesine ve lazer kafalar\u0131nda optik hasara neden olmas\u0131, bas\u0131n\u00e7l\u0131 hava boru ba\u011flant\u0131lar\u0131nda titre\u015fim kaynakl\u0131 yorulma veya valf plakalar\u0131 ve piston halkalar\u0131nda 500 saatten fazla servis ziyareti gerektiren bak\u0131m aral\u0131klar\u0131 yer al\u0131r; t\u00fcm bu sorunlar do\u011fru \u015fekilde belirlenmi\u015f bir d\u00f6ner vidal\u0131 \u00fcnite ile ortadan kalkar.<\/div>\n<\/details>\n<\/div>\n<\/div>\n<p><!-- FINAL CTA --><\/p>\n<div style=\"width: 100%; max-width: 100%; min-width: 100%; margin-bottom: 20px; box-sizing: border-box; background: linear-gradient(135deg, #0a1628, #1a3a5c); border-radius: 14px; padding: 3% 4%; text-align: center; color: #fff;\">\n<h2 style=\"color: #fff; font-size: clamp(18px, 3vw, 26px); font-weight: 800; margin: 0 0 12px 0;\">Bas\u0131n\u00e7l\u0131 Hava Sisteminizin Optimizasyonuna Haz\u0131r M\u0131s\u0131n\u0131z?<\/h2>\n<p style=\"color: rgba(255,255,255,0.75); font-size: clamp(13px, 1.6vw, 16px); margin: 0 0 22px 0; max-width: 600px; margin-left: auto; margin-right: auto;\">Bug\u00fcn bir Ever Power uygulama m\u00fchendisiyle g\u00f6r\u00fc\u015f\u00fcn. \u00dccretsiz sistem boyutland\u0131rma, enerji tasarrufu hesaplamalar\u0131 ve eksiksiz \u0130ngiltere uyumluluk belgeleriyle birlikte detayl\u0131 bir teknik fiyat teklifi sunuyoruz.<\/p>\n<p><a style=\"display: inline-block; background: linear-gradient(135deg, #0057b8, #00aaff); color: #fff; font-size: clamp(15px,2vw,18px); font-weight: 800; padding: 16px 48px; border-radius: 50px; text-decoration: none; box-shadow: 0 6px 24px rgba(0,150,255,0.4); transition: transform 0.2s, box-shadow 0.2s;\" href=\"mailto:sales@air-compressor-for-laser-cutter.com\">\u2709 Fiyat Teklifi Al\u0131n \u2014 sales@air-compressor-for-laser-cutter.com<br \/>\n<\/a><\/p>\n<\/div>\n<p style=\"text-align: right; color: #aaa; font-size: 12px; margin-top: 16px; padding-right: 4px;\">gzl taraf\u0131ndan d\u00fczenlendi<\/p>\n<\/div>","protected":false},"excerpt":{"rendered":"<p>Industrial Air Systems \u2014 UK Market Industrial Air Compressors for Laser Cutting &amp; Precision Manufacturing: The Complete UK Technical Guide Covering working principles, material science, performance parameters, UK industrial applications, and Ever Power custom solutions Across British manufacturing \u2014 from the precision engineering corridors of Birmingham to the advanced fabrication workshops of Sheffield and the [&hellip;]<\/p>","protected":false},"author":1,"featured_media":0,"comment_status":"closed","ping_status":"closed","sticky":false,"template":"","format":"standard","meta":{"_et_pb_use_builder":"","_et_pb_old_content":"","_et_gb_content_width":"","footnotes":""},"categories":[18],"tags":[],"class_list":["post-651","post","type-post","status-publish","format-standard","hentry","category-application"],"_links":{"self":[{"href":"https:\/\/air-compressor-for-laser-cutter.com\/tr\/wp-json\/wp\/v2\/posts\/651","targetHints":{"allow":["GET"]}}],"collection":[{"href":"https:\/\/air-compressor-for-laser-cutter.com\/tr\/wp-json\/wp\/v2\/posts"}],"about":[{"href":"https:\/\/air-compressor-for-laser-cutter.com\/tr\/wp-json\/wp\/v2\/types\/post"}],"author":[{"embeddable":true,"href":"https:\/\/air-compressor-for-laser-cutter.com\/tr\/wp-json\/wp\/v2\/users\/1"}],"replies":[{"embeddable":true,"href":"https:\/\/air-compressor-for-laser-cutter.com\/tr\/wp-json\/wp\/v2\/comments?post=651"}],"version-history":[{"count":3,"href":"https:\/\/air-compressor-for-laser-cutter.com\/tr\/wp-json\/wp\/v2\/posts\/651\/revisions"}],"predecessor-version":[{"id":695,"href":"https:\/\/air-compressor-for-laser-cutter.com\/tr\/wp-json\/wp\/v2\/posts\/651\/revisions\/695"}],"wp:attachment":[{"href":"https:\/\/air-compressor-for-laser-cutter.com\/tr\/wp-json\/wp\/v2\/media?parent=651"}],"wp:term":[{"taxonomy":"category","embeddable":true,"href":"https:\/\/air-compressor-for-laser-cutter.com\/tr\/wp-json\/wp\/v2\/categories?post=651"},{"taxonomy":"post_tag","embeddable":true,"href":"https:\/\/air-compressor-for-laser-cutter.com\/tr\/wp-json\/wp\/v2\/tags?post=651"}],"curies":[{"name":"wp","href":"https:\/\/api.w.org\/{rel}","templated":true}]}}